{"id":44019,"date":"2014-03-10T09:34:53","date_gmt":"2014-03-10T12:34:53","guid":{"rendered":"http:\/\/www.eltrabajo.cl\/portal\/?p=44019"},"modified":"2014-03-10T09:35:38","modified_gmt":"2014-03-10T12:35:38","slug":"alvaro-scaramelli-y-the-ramblers-estaran-en-fiesta-de-la-chaya-de-calle-larga","status":"publish","type":"post","link":"https:\/\/eltrabajo.cl\/portal\/alvaro-scaramelli-y-the-ramblers-estaran-en-fiesta-de-la-chaya-de-calle-larga\/","title":{"rendered":"\u00c1lvaro Scaramelli y The Ramblers estar\u00e1n en Fiesta de la Chaya de Calle Larga"},"content":{"rendered":"<figure id=\"attachment_44020\" aria-describedby=\"caption-attachment-44020\" style=\"width: 529px\" class=\"wp-caption alignnone\"><a href=\"https:\/\/i0.wp.com\/www.eltrabajo.cl\/portal\/wp-content\/uploads\/2014\/03\/Chaya1.jpg\"><img data-recalc-dims=\"1\" loading=\"lazy\" decoding=\"async\" class=\"size-full wp-image-44020\" alt=\"Esta actividad que se realizar\u00e1 de lunes a viernes a partir de las 20:00 horas, es financiada con recursos del Gobierno Regional de Valpara\u00edso y ejecutada por Sernatur Regi\u00f3n de Valpara\u00edso y la Municipalidad de Calle Larga.\" src=\"https:\/\/i0.wp.com\/www.eltrabajo.cl\/portal\/wp-content\/uploads\/2014\/03\/Chaya1.jpg?resize=529%2C298\" width=\"529\" height=\"298\" srcset=\"https:\/\/i0.wp.com\/eltrabajo.cl\/portal\/wp-content\/uploads\/2014\/03\/Chaya1.jpg?w=529&amp;ssl=1 529w, https:\/\/i0.wp.com\/eltrabajo.cl\/portal\/wp-content\/uploads\/2014\/03\/Chaya1.jpg?resize=200%2C112&amp;ssl=1 200w, https:\/\/i0.wp.com\/eltrabajo.cl\/portal\/wp-content\/uploads\/2014\/03\/Chaya1.jpg?resize=300%2C168&amp;ssl=1 300w, https:\/\/i0.wp.com\/eltrabajo.cl\/portal\/wp-content\/uploads\/2014\/03\/Chaya1.jpg?resize=150%2C84&amp;ssl=1 150w, https:\/\/i0.wp.com\/eltrabajo.cl\/portal\/wp-content\/uploads\/2014\/03\/Chaya1.jpg?resize=400%2C225&amp;ssl=1 400w\" sizes=\"auto, (max-width: 529px) 100vw, 529px\" \/><\/a><figcaption id=\"caption-attachment-44020\" class=\"wp-caption-text\">Esta actividad que se realizar\u00e1 de lunes a viernes a partir de las 20:00 horas, es financiada con recursos del Gobierno Regional de Valpara\u00edso y ejecutada por Sernatur Regi\u00f3n de Valpara\u00edso y la Municipalidad de Calle Larga.<\/figcaption><\/figure>\n<ul>\n<li><strong style=\"font-size: 13px;\">Adem\u00e1s de grupos y artistas locales, se har\u00e1n presentes en esta actividad el doble de Ricky Martin, Ricardo Arjona y Sandro de \u201cMi nombre es\u201d, junto a Los Chacoteros del Humor<\/strong><\/li>\n<\/ul>\n<p><strong>CALLE LARGA.<\/strong>&#8211; Desde el lunes 10 al s\u00e1bado 15 de febrero, se realizar\u00e1 en la Plaza de Armas de Calle Larga la tradicional Fiesta Tradicional Carnaval de la Chaya. Para esta oportunidad visitar\u00e1n la comuna diversos artistas locales como tambi\u00e9n de renombre nacional entre quienes se encuentran \u00c1lvaro Scaramelli; The Ramblers; los dobles de Ricky Martin; Ricardo Arjona y Sandro de \u2018Mi nombre es\u2019, junto a los humoristas \u2018Los Chacoteros del Humor\u2019 entre otros invitados.<\/p>\n<p>Junto con la venta de productos tradicionales confeccionados por artesanos locales, los asistentes a esta actividad podr\u00e1n disfrutar de comidas y platos t\u00edpicos de la zona.<\/p>\n<p>Esta actividad que se realizar\u00e1 de lunes a viernes a partir de las 20:00 horas, es financiada con recursos del Gobierno Regional de Valpara\u00edso y ejecutada por Sernatur Regi\u00f3n de Valpara\u00edso y la Municipalidad de Calle Larga. \u201cInvitamos a los vecinos de Calle Larga, como tambi\u00e9n a los vecinos del Valle de Aconcagua, a participar en esta tradicional Chaya. Esperamos que la gente participe en esta entretenida fiesta familiar que cada a\u00f1o congrega a una gran cantidad de habitantes de nuestra comuna como tambi\u00e9n a vecinos del Valle de Aconcagua\u201d, sostuvo el Alcalde Nelson Venegas Salazar.<\/p>\n<p><strong>PROGRAMACI\u00d3N CHAYA<\/strong><\/p>\n<p>Lunes 10 \/ Apertura agrupaci\u00f3n \u201cKids of Kids\u201d \/ Grupo la \u201cCombinaci\u00f3n Perfecta\u201d \/ Reggaeton \/ Grupo Caso Cl\u00ednico \/ Doble de Alejandro Fern\u00e1ndez.<\/p>\n<p>Martes 11 \/ Apertura agrupaci\u00f3n \u201cFusi\u00f3n Latina\u201d \/ Grupo Diapas\u00f3n norte\u00f1o \/ Sonora Para\u00edso Sta. Mar\u00eda \/ Doble de Sandro \/ \u201cThe Ramblers\u201d.<\/p>\n<p>Mi\u00e9rcoles 12 \/ Apertura grupo Sergio Lenin \/ Doble de Ricardo Arjona \/ Doble de Ricky Martin \/ \u00c1lvaro Scaramelli.<\/p>\n<p>Jueves 13 \/ Apertura agrupaci\u00f3n \u201cKids of Kids\u201d \/ Grupo Bien Pegao \/ Grupo Rey \/ Grupo Camale\u00f3n.<\/p>\n<p>Viernes 14 \/ Fusi\u00f3n Latina \/ \u201cLos Granjeros del Norte\u201d \/ \u201cLos halcones del paso\u201d \/ \u201cPaloma la rancherita\u201d \/ \u201cEl mariachi aventurero\u201d \/ Los hermanos \u201cGuzm\u00e1n \/ \u201cLos renegados de Chile\u201d.<\/p>\n<p>S\u00e1bado 15 \/ Apertura agrupaci\u00f3n \u201cKids of Kids\u201d \/ Grupo Hechiceros del amor \/ Grupo Andy Way y Byt Yay \/ Humor con \u201cLos Chacoteros del Humor\u201d.<\/p>\n","protected":false},"excerpt":{"rendered":"<p>Adem\u00e1s de grupos y artistas locales, se har\u00e1n presentes en esta actividad el doble de Ricky Martin, Ricardo Arjona y Sandro de \u201cMi nombre es\u201d, junto a Los Chacoteros del Humor CALLE&#8230;<\/p>\n","protected":false},"author":482,"featured_media":44020,"comment_status":"open","ping_status":"closed","sticky":false,"template":"","format":"standard","meta":{"advanced_seo_description":"","jetpack_seo_html_title":"","jetpack_seo_noindex":false,"_jetpack_memberships_contains_paid_content":false,"footnotes":""},"categories":[1],"tags":[],"class_list":["post-44019","post","type-post","status-publish","format-standard","has-post-thumbnail","hentry","category-cronica"],"jetpack_featured_media_url":"https:\/\/i0.wp.com\/eltrabajo.cl\/portal\/wp-content\/uploads\/2014\/03\/Chaya1.jpg?fit=529%2C298&ssl=1","jetpack_sharing_enabled":true,"jetpack_likes_enabled":true,"jetpack-related-posts":[],"_links":{"self":[{"href":"https:\/\/eltrabajo.cl\/portal\/wp-json\/wp\/v2\/posts\/44019","targetHints":{"allow":["GET"]}}],"collection":[{"href":"https:\/\/eltrabajo.cl\/portal\/wp-json\/wp\/v2\/posts"}],"about":[{"href":"https:\/\/eltrabajo.cl\/portal\/wp-json\/wp\/v2\/types\/post"}],"author":[{"embeddable":true,"href":"https:\/\/eltrabajo.cl\/portal\/wp-json\/wp\/v2\/users\/482"}],"replies":[{"embeddable":true,"href":"https:\/\/eltrabajo.cl\/portal\/wp-json\/wp\/v2\/comments?post=44019"}],"version-history":[{"count":0,"href":"https:\/\/eltrabajo.cl\/portal\/wp-json\/wp\/v2\/posts\/44019\/revisions"}],"wp:featuredmedia":[{"embeddable":true,"href":"https:\/\/eltrabajo.cl\/portal\/wp-json\/wp\/v2\/media\/44020"}],"wp:attachment":[{"href":"https:\/\/eltrabajo.cl\/portal\/wp-json\/wp\/v2\/media?parent=44019"}],"wp:term":[{"taxonomy":"category","embeddable":true,"href":"https:\/\/eltrabajo.cl\/portal\/wp-json\/wp\/v2\/categories?post=44019"},{"taxonomy":"post_tag","embeddable":true,"href":"https:\/\/eltrabajo.cl\/portal\/wp-json\/wp\/v2\/tags?post=44019"}],"curies":[{"name":"wp","href":"https:\/\/api.w.org\/{rel}","templated":true}]}}