{"id":44023,"date":"2014-03-10T09:50:05","date_gmt":"2014-03-10T12:50:05","guid":{"rendered":"http:\/\/www.eltrabajo.cl\/portal\/?p=44023"},"modified":"2014-03-10T09:50:05","modified_gmt":"2014-03-10T12:50:05","slug":"entregan-utiles-escolares-a-146-estudiantes-de-basica-y-media","status":"publish","type":"post","link":"https:\/\/eltrabajo.cl\/portal\/entregan-utiles-escolares-a-146-estudiantes-de-basica-y-media\/","title":{"rendered":"Entregan \u00fatiles escolares a 146 estudiantes de B\u00e1sica y Media"},"content":{"rendered":"<figure id=\"attachment_44024\" aria-describedby=\"caption-attachment-44024\" style=\"width: 528px\" class=\"wp-caption alignnone\"><img data-recalc-dims=\"1\" loading=\"lazy\" decoding=\"async\" class=\"size-full wp-image-44024\" alt=\"Fueron 146 alumnos beneficiados de ense\u00f1anza b\u00e1sica y media. Sin embargo, a\u00fan existen 104 \u00fatiles por repartir. \" src=\"https:\/\/i0.wp.com\/www.eltrabajo.cl\/portal\/wp-content\/uploads\/2014\/03\/Escolares2.jpg?resize=528%2C402\" width=\"528\" height=\"402\" srcset=\"https:\/\/i0.wp.com\/eltrabajo.cl\/portal\/wp-content\/uploads\/2014\/03\/Escolares2.jpg?w=528&amp;ssl=1 528w, https:\/\/i0.wp.com\/eltrabajo.cl\/portal\/wp-content\/uploads\/2014\/03\/Escolares2.jpg?resize=197%2C150&amp;ssl=1 197w, https:\/\/i0.wp.com\/eltrabajo.cl\/portal\/wp-content\/uploads\/2014\/03\/Escolares2.jpg?resize=300%2C228&amp;ssl=1 300w, https:\/\/i0.wp.com\/eltrabajo.cl\/portal\/wp-content\/uploads\/2014\/03\/Escolares2.jpg?resize=150%2C114&amp;ssl=1 150w, https:\/\/i0.wp.com\/eltrabajo.cl\/portal\/wp-content\/uploads\/2014\/03\/Escolares2.jpg?resize=400%2C304&amp;ssl=1 400w\" sizes=\"auto, (max-width: 528px) 100vw, 528px\" \/><\/a><figcaption id=\"caption-attachment-44024\" class=\"wp-caption-text\">Fueron 146 alumnos beneficiados de ense\u00f1anza b\u00e1sica y media. Sin embargo, a\u00fan existen 104 \u00fatiles por repartir.<\/figcaption><\/figure>\n<p><strong>PANQUEHUE.<\/strong>&#8211; Un completo kit de \u00fatiles escolares entreg\u00f3 el Alcalde Luis Pradenas a 146 alumnos de la comuna, beneficio que se realiza en el marco de programas de ayuda social. La entrega se realiz\u00f3 en dependencias de la Sala Cultural Ra\u00fal Tagle Benet, donde concurrieron los estudiantes y sus familias, seleccionados a trav\u00e9s de la ficha de Protecci\u00f3n Social y certificado de Alumno Regular.<\/p>\n<p>\u00abPara nosotros es muy importante ayudar m\u00e1s a\u00fan cuando son familias de mucho sacrificio. Ahora hemos repartido a 146 alumnos de b\u00e1sica y media, teniendo a\u00fan 104 set\u2019s por repartir llegando a 250 alumnos, lo que es un gran avance\u00bb, destac\u00f3 el edil panquehuino.<\/p>\n<p>\u00abEste a\u00f1o se ha ayudado a las familias completas. Es decir todos los hijos de la familias beneficiadas que est\u00e1n en b\u00e1sica o media tendr\u00e1n su set de \u00fatiles escolares\u00bb, a\u00f1adi\u00f3. Los alumnos que cursan la ense\u00f1anza b\u00e1sica recibieron: cuadernos; tres de matem\u00e1ticas y tres de l\u00edneas; cuaderno de caligraf\u00eda; un block de dibujo; dos l\u00e1piz grafitos; dos gomas de borrar; una tijera punta roma; una cola fr\u00eda; un pegamento stick fix; una caja de tempera de seis colores; una caja de l\u00e1pices de colores de doce unidades; un saca punta met\u00e1lico; una regla de 30 cent\u00edmetros; una caja de l\u00e1pices de cera y tres sobres de papel lustre.<\/p>\n<p>En tanto, los alumnos de Ense\u00f1anza Media recibieron: Seis cuadernos universitarios de matem\u00e1tica; un block de dibujo; dos l\u00e1piz grafitos; dos gomas de borrar; una tijera escolar punta roma; una caja de l\u00e1pices de colores; un saca punta met\u00e1lico; una regla de 30 cent\u00edmetros; 50 hojas resma papel oficio y l\u00e1pices pasta azul, rojo y negro.<\/p>\n<p>&nbsp;<\/p>\n","protected":false},"excerpt":{"rendered":"<p>PANQUEHUE.&#8211; Un completo kit de \u00fatiles escolares entreg\u00f3 el Alcalde Luis Pradenas a 146 alumnos de la comuna, beneficio que se realiza en el marco de programas de ayuda social. La entrega&#8230;<\/p>\n","protected":false},"author":482,"featured_media":44024,"comment_status":"open","ping_status":"closed","sticky":false,"template":"","format":"standard","meta":{"advanced_seo_description":"","jetpack_seo_html_title":"","jetpack_seo_noindex":false,"_jetpack_memberships_contains_paid_content":false,"footnotes":""},"categories":[1],"tags":[],"class_list":["post-44023","post","type-post","status-publish","format-standard","has-post-thumbnail","hentry","category-cronica"],"jetpack_featured_media_url":"https:\/\/i0.wp.com\/eltrabajo.cl\/portal\/wp-content\/uploads\/2014\/03\/Escolares2.jpg?fit=528%2C402&ssl=1","jetpack_sharing_enabled":true,"jetpack_likes_enabled":true,"jetpack-related-posts":[],"_links":{"self":[{"href":"https:\/\/eltrabajo.cl\/portal\/wp-json\/wp\/v2\/posts\/44023","targetHints":{"allow":["GET"]}}],"collection":[{"href":"https:\/\/eltrabajo.cl\/portal\/wp-json\/wp\/v2\/posts"}],"about":[{"href":"https:\/\/eltrabajo.cl\/portal\/wp-json\/wp\/v2\/types\/post"}],"author":[{"embeddable":true,"href":"https:\/\/eltrabajo.cl\/portal\/wp-json\/wp\/v2\/users\/482"}],"replies":[{"embeddable":true,"href":"https:\/\/eltrabajo.cl\/portal\/wp-json\/wp\/v2\/comments?post=44023"}],"version-history":[{"count":0,"href":"https:\/\/eltrabajo.cl\/portal\/wp-json\/wp\/v2\/posts\/44023\/revisions"}],"wp:featuredmedia":[{"embeddable":true,"href":"https:\/\/eltrabajo.cl\/portal\/wp-json\/wp\/v2\/media\/44024"}],"wp:attachment":[{"href":"https:\/\/eltrabajo.cl\/portal\/wp-json\/wp\/v2\/media?parent=44023"}],"wp:term":[{"taxonomy":"category","embeddable":true,"href":"https:\/\/eltrabajo.cl\/portal\/wp-json\/wp\/v2\/categories?post=44023"},{"taxonomy":"post_tag","embeddable":true,"href":"https:\/\/eltrabajo.cl\/portal\/wp-json\/wp\/v2\/tags?post=44023"}],"curies":[{"name":"wp","href":"https:\/\/api.w.org\/{rel}","templated":true}]}}