{"id":44029,"date":"2014-03-10T09:53:58","date_gmt":"2014-03-10T12:53:58","guid":{"rendered":"http:\/\/www.eltrabajo.cl\/portal\/?p=44029"},"modified":"2014-03-10T09:53:58","modified_gmt":"2014-03-10T12:53:58","slug":"emotiva-despedida-de-dra-astrid-mendoza-marco-cuenta-publica-del-hospital-san-antonio","status":"publish","type":"post","link":"https:\/\/eltrabajo.cl\/portal\/emotiva-despedida-de-dra-astrid-mendoza-marco-cuenta-publica-del-hospital-san-antonio\/","title":{"rendered":"Emotiva despedida de Dra. Astrid Mendoza marc\u00f3 cuenta p\u00fablica del Hospital San Antonio"},"content":{"rendered":"<figure id=\"attachment_44030\" aria-describedby=\"caption-attachment-44030\" style=\"width: 529px\" class=\"wp-caption alignnone\"><a href=\"https:\/\/i0.wp.com\/www.eltrabajo.cl\/portal\/wp-content\/uploads\/2014\/03\/CUENTA-PUBLICA-HOSPITAL-SAN-ANTONIO-4.jpg\"><img data-recalc-dims=\"1\" loading=\"lazy\" decoding=\"async\" class=\"size-full wp-image-44030\" alt=\"La Dra. Mendoza, emocionada hasta las l\u00e1grimas agradeci\u00f3 a su familia y en especial a su hermana que la acompa\u00f1\u00f3 en su \u00faltima cuenta p\u00fablica como directora del Hospital San Antonio.\" src=\"https:\/\/i0.wp.com\/www.eltrabajo.cl\/portal\/wp-content\/uploads\/2014\/03\/CUENTA-PUBLICA-HOSPITAL-SAN-ANTONIO-4.jpg?resize=529%2C388\" width=\"529\" height=\"388\" srcset=\"https:\/\/i0.wp.com\/eltrabajo.cl\/portal\/wp-content\/uploads\/2014\/03\/CUENTA-PUBLICA-HOSPITAL-SAN-ANTONIO-4.jpg?w=529&amp;ssl=1 529w, https:\/\/i0.wp.com\/eltrabajo.cl\/portal\/wp-content\/uploads\/2014\/03\/CUENTA-PUBLICA-HOSPITAL-SAN-ANTONIO-4.jpg?resize=200%2C146&amp;ssl=1 200w, https:\/\/i0.wp.com\/eltrabajo.cl\/portal\/wp-content\/uploads\/2014\/03\/CUENTA-PUBLICA-HOSPITAL-SAN-ANTONIO-4.jpg?resize=300%2C220&amp;ssl=1 300w, https:\/\/i0.wp.com\/eltrabajo.cl\/portal\/wp-content\/uploads\/2014\/03\/CUENTA-PUBLICA-HOSPITAL-SAN-ANTONIO-4.jpg?resize=150%2C110&amp;ssl=1 150w, https:\/\/i0.wp.com\/eltrabajo.cl\/portal\/wp-content\/uploads\/2014\/03\/CUENTA-PUBLICA-HOSPITAL-SAN-ANTONIO-4.jpg?resize=400%2C293&amp;ssl=1 400w\" sizes=\"auto, (max-width: 529px) 100vw, 529px\" \/><\/a><figcaption id=\"caption-attachment-44030\" class=\"wp-caption-text\">La Dra. Mendoza, emocionada hasta las l\u00e1grimas agradeci\u00f3 a su familia y en especial a su hermana que la acompa\u00f1\u00f3 en su \u00faltima cuenta p\u00fablica como directora del Hospital San Antonio.<\/figcaption><\/figure>\n<p><strong>PUTAENDO<\/strong>.- En una emotiva ceremonia realizada en los jardines del Hospital San Antonio de Putaendo, la directora, Dra. Astrid Mendoza entreg\u00f3 su \u00faltima cuenta p\u00fablica y entreg\u00f3 el cargo al Dr. Jos\u00e9 Escalona Solari.<\/p>\n<figure id=\"attachment_44031\" aria-describedby=\"caption-attachment-44031\" style=\"width: 423px\" class=\"wp-caption alignright\"><a href=\"https:\/\/i0.wp.com\/www.eltrabajo.cl\/portal\/wp-content\/uploads\/2014\/03\/MULTITANCHA-VILLA-LOS-ALERCES-1.jpg\"><img data-recalc-dims=\"1\" loading=\"lazy\" decoding=\"async\" class=\" wp-image-44031 \" alt=\"La actividad finaliz\u00f3 con un c\u00f3ctel entre todos los asistentes a esta cuenta p\u00fablica anual del Hospital San Antonio de Putaendo.\" src=\"https:\/\/i0.wp.com\/www.eltrabajo.cl\/portal\/wp-content\/uploads\/2014\/03\/MULTITANCHA-VILLA-LOS-ALERCES-1.jpg?resize=423%2C240\" width=\"423\" height=\"240\" srcset=\"https:\/\/i0.wp.com\/eltrabajo.cl\/portal\/wp-content\/uploads\/2014\/03\/MULTITANCHA-VILLA-LOS-ALERCES-1.jpg?w=529&amp;ssl=1 529w, https:\/\/i0.wp.com\/eltrabajo.cl\/portal\/wp-content\/uploads\/2014\/03\/MULTITANCHA-VILLA-LOS-ALERCES-1.jpg?resize=200%2C113&amp;ssl=1 200w, https:\/\/i0.wp.com\/eltrabajo.cl\/portal\/wp-content\/uploads\/2014\/03\/MULTITANCHA-VILLA-LOS-ALERCES-1.jpg?resize=300%2C170&amp;ssl=1 300w, https:\/\/i0.wp.com\/eltrabajo.cl\/portal\/wp-content\/uploads\/2014\/03\/MULTITANCHA-VILLA-LOS-ALERCES-1.jpg?resize=150%2C85&amp;ssl=1 150w, https:\/\/i0.wp.com\/eltrabajo.cl\/portal\/wp-content\/uploads\/2014\/03\/MULTITANCHA-VILLA-LOS-ALERCES-1.jpg?resize=400%2C226&amp;ssl=1 400w\" sizes=\"auto, (max-width: 423px) 100vw, 423px\" \/><\/a><figcaption id=\"caption-attachment-44031\" class=\"wp-caption-text\">La actividad finaliz\u00f3 con un c\u00f3ctel entre todos los asistentes a esta cuenta p\u00fablica anual del Hospital San Antonio de Putaendo.<\/figcaption><\/figure>\n<p>Con la presencia del Director (S) del Servicio de Salud Aconcagua, Mario Robertson, el alcalde de Putaendo Guillermo Reyes, los concejales Sergio Zamora, Carlos Gallardo y Luis Sandoval, dirigentes de la salud, la directora del Hospital Psiqui\u00e1trico Jeanette de la Barrera, el director del Hospital San Camilo, el director del Hospital San Juan de Dios de Los Andes, funcionarios del Hospital San Antonio, voluntarios y miembros del CODELO se realiz\u00f3 la ceremonia donde la Dra. Astrid Mendoza entreg\u00f3 una detallada cuenta p\u00fablica de su gesti\u00f3n durante el a\u00f1o 2013, cuya misi\u00f3n fue convertir al hospital en un recinto de salud familiar.<\/p>\n<p>En la cuenta p\u00fablica destac\u00f3 que al igual que en los \u00faltimos a\u00f1os el Hospital San Antonio no arroja deudas en la administraci\u00f3n del a\u00f1o 2013.<\/p>\n<p>Entre otros logros la Dra. Mendoza resalt\u00f3 la complementariedad con el Hospital Psiqui\u00e1trico y el CESFAM de Putaendo y el trabajo en red con los hospitales San Juan de Dios de Los Andes y San Camilo de San Felipe.<\/p>\n<p>En el a\u00f1o 2013 se registraron 27.349 atenciones en el servicio de urgencia, 489 intervenciones menores, 1.726 curaciones, 4.739 tomas de ex\u00e1menes, 5.716 radiograf\u00edas, 3.144 atenciones de kinesiolog\u00eda y 578 hospitalizaciones, cifras que la Dra. Mendoza destac\u00f3 al igual que la capacitaci\u00f3n a los funcionarios y el trabajo para obtener la acreditaci\u00f3n de calidad.<\/p>\n<p>La O.I.R.S. recibi\u00f3 31 felicitaciones y 33 reclamos durante el a\u00f1o 2013 y tambi\u00e9n se destac\u00f3 el trabajo del CODELO y del reciente formado del recientemente formado Grupo Voluntariado de Ayuda Espiritual.<\/p>\n<p>Entre los principales logros la Dra. Mendoza destac\u00f3 la instalaci\u00f3n en un lugar definitivo del Club Escolar y la millonaria inversi\u00f3n en la renovaci\u00f3n de la ropa de cama, recibiendo un cerrado aplauso cuando record\u00f3 que el a\u00f1o 2013 el Hospital San Antonio obtuvo el primer lugar a nivel nacional como el mejor recinto de salud en el trato a los usuarios.<\/p>\n<p>El gran desaf\u00edo que viene este a\u00f1o para el hospital es lograr la acreditaci\u00f3n de calidad, mientras que al finalizar sus palabras la Dra. Mendoza agradeci\u00f3 a todos los funcionarios de las distintas reparticiones que la apoyaron en su gesti\u00f3n e indic\u00f3 que no se arrepiente de haber llegado el a\u00f1o 2010 a trabajar a la zona y decidido estar en Putaendo, pues han sido los a\u00f1os m\u00e1s lindos de su vida.<\/p>\n<p>La Dra. Mendoza, emocionada hasta las l\u00e1grimas agradeci\u00f3 a su familia y en especial a su hermana que la acompa\u00f1\u00f3 en su \u00faltima cuenta p\u00fablica como directora del Hospital San Antonio.<\/p>\n<p>En su despedida, la Dra. Astrid Mendoza recibi\u00f3 reconocimientos por parte de la direcci\u00f3n del Servicio de Salud Aconcagua, de los funcionarios, del director (S) entrante y de los peque\u00f1itos del Club Escolar que hicieron una hermosa tarjeta con los nombres de todos los integrantes.<\/p>\n<p>Posteriormente se procedi\u00f3 al traspaso de mando con las firmas protocolares que nombran al Dr. Jos\u00e9 Escalona Solari como director (S) del Hospital San Antonio de Putaendo y en la ocasi\u00f3n el nuevo director agradeci\u00f3 el trabajo de Astrid Mendoza e hizo un llamado a los funcionarios a seguir trabajando y engrandeciendo el Hospital San Antonio, pues asegur\u00f3 que hay grandes tareas por cumplir durante este a\u00f1o.<\/p>\n<p>El director (S) del Servicio de Salud Aconcagua, Mario Robertson dijo que el trabajo realizado por la Dra. Mendoza hab\u00eda sido excelente y le dese\u00f3 el mayor de los \u00e9xitos al nuevo director, adem\u00e1s hizo un llamado a la comunidad a recordar lo ocurrido despu\u00e9s del terremoto del a\u00f1o 2010 y destac\u00f3 como la comunidad se moviliz\u00f3 para recuperar el Hospital San Antonio de Putaendo y el Hospital Psiqui\u00e1trico.<\/p>\n<p>Patricio Gallardo M.<\/p>\n<p>&nbsp;<\/p>\n","protected":false},"excerpt":{"rendered":"<p>PUTAENDO.- En una emotiva ceremonia realizada en los jardines del Hospital San Antonio de Putaendo, la directora, Dra. Astrid Mendoza entreg\u00f3 su \u00faltima cuenta p\u00fablica y entreg\u00f3 el cargo al Dr. Jos\u00e9&#8230;<\/p>\n","protected":false},"author":482,"featured_media":44030,"comment_status":"open","ping_status":"closed","sticky":false,"template":"","format":"standard","meta":{"advanced_seo_description":"","jetpack_seo_html_title":"","jetpack_seo_noindex":false,"_jetpack_memberships_contains_paid_content":false,"footnotes":""},"categories":[15],"tags":[],"class_list":["post-44029","post","type-post","status-publish","format-standard","has-post-thumbnail","hentry","category-comunidad"],"jetpack_featured_media_url":"https:\/\/i0.wp.com\/eltrabajo.cl\/portal\/wp-content\/uploads\/2014\/03\/CUENTA-PUBLICA-HOSPITAL-SAN-ANTONIO-4.jpg?fit=529%2C388&ssl=1","jetpack_sharing_enabled":true,"jetpack_likes_enabled":true,"jetpack-related-posts":[],"_links":{"self":[{"href":"https:\/\/eltrabajo.cl\/portal\/wp-json\/wp\/v2\/posts\/44029","targetHints":{"allow":["GET"]}}],"collection":[{"href":"https:\/\/eltrabajo.cl\/portal\/wp-json\/wp\/v2\/posts"}],"about":[{"href":"https:\/\/eltrabajo.cl\/portal\/wp-json\/wp\/v2\/types\/post"}],"author":[{"embeddable":true,"href":"https:\/\/eltrabajo.cl\/portal\/wp-json\/wp\/v2\/users\/482"}],"replies":[{"embeddable":true,"href":"https:\/\/eltrabajo.cl\/portal\/wp-json\/wp\/v2\/comments?post=44029"}],"version-history":[{"count":0,"href":"https:\/\/eltrabajo.cl\/portal\/wp-json\/wp\/v2\/posts\/44029\/revisions"}],"wp:featuredmedia":[{"embeddable":true,"href":"https:\/\/eltrabajo.cl\/portal\/wp-json\/wp\/v2\/media\/44030"}],"wp:attachment":[{"href":"https:\/\/eltrabajo.cl\/portal\/wp-json\/wp\/v2\/media?parent=44029"}],"wp:term":[{"taxonomy":"category","embeddable":true,"href":"https:\/\/eltrabajo.cl\/portal\/wp-json\/wp\/v2\/categories?post=44029"},{"taxonomy":"post_tag","embeddable":true,"href":"https:\/\/eltrabajo.cl\/portal\/wp-json\/wp\/v2\/tags?post=44029"}],"curies":[{"name":"wp","href":"https:\/\/api.w.org\/{rel}","templated":true}]}}