{"id":44034,"date":"2014-03-10T09:57:55","date_gmt":"2014-03-10T12:57:55","guid":{"rendered":"http:\/\/www.eltrabajo.cl\/portal\/?p=44034"},"modified":"2014-03-10T09:57:55","modified_gmt":"2014-03-10T12:57:55","slug":"mujeres-de-feria-diego-de-almagro-celebran-su-dia-trabajando","status":"publish","type":"post","link":"https:\/\/eltrabajo.cl\/portal\/mujeres-de-feria-diego-de-almagro-celebran-su-dia-trabajando\/","title":{"rendered":"Mujeres de Feria Diego de Almagro celebran su d\u00eda trabajando"},"content":{"rendered":"<figure id=\"attachment_44035\" aria-describedby=\"caption-attachment-44035\" style=\"width: 529px\" class=\"wp-caption alignnone\"><img data-recalc-dims=\"1\" loading=\"lazy\" decoding=\"async\" class=\"size-full wp-image-44035\" alt=\"Carmen Ram\u00edrez, con cinco a\u00f1os como comerciante de la feria, dice entre risas que la saludaron y la regalonearon con una torta.\" src=\"https:\/\/i0.wp.com\/www.eltrabajo.cl\/portal\/wp-content\/uploads\/2014\/03\/carmen-ramirez.jpg?resize=529%2C358\" width=\"529\" height=\"358\" srcset=\"https:\/\/i0.wp.com\/eltrabajo.cl\/portal\/wp-content\/uploads\/2014\/03\/carmen-ramirez.jpg?w=529&amp;ssl=1 529w, https:\/\/i0.wp.com\/eltrabajo.cl\/portal\/wp-content\/uploads\/2014\/03\/carmen-ramirez.jpg?resize=200%2C135&amp;ssl=1 200w, https:\/\/i0.wp.com\/eltrabajo.cl\/portal\/wp-content\/uploads\/2014\/03\/carmen-ramirez.jpg?resize=300%2C203&amp;ssl=1 300w, https:\/\/i0.wp.com\/eltrabajo.cl\/portal\/wp-content\/uploads\/2014\/03\/carmen-ramirez.jpg?resize=150%2C101&amp;ssl=1 150w, https:\/\/i0.wp.com\/eltrabajo.cl\/portal\/wp-content\/uploads\/2014\/03\/carmen-ramirez.jpg?resize=400%2C270&amp;ssl=1 400w\" sizes=\"auto, (max-width: 529px) 100vw, 529px\" \/><\/a><figcaption id=\"caption-attachment-44035\" class=\"wp-caption-text\">Carmen Ram\u00edrez, con cinco a\u00f1os como comerciante de la feria, dice entre risas que la saludaron y la regalonearon con una torta.<\/figcaption><\/figure>\n<p>Este 8 de marzo las mujeres del Valle del Aconcagua celebraron, al igual que en todo el mundo, el D\u00eda Internacional de la Mujer. Pero un grupo especial de mujeres lo pas\u00f3 trabajando. Son las mujeres de la tradicional Feria Diego de Almagro de San Felipe, que entre ventas y clientes se dieron un minuto para hablar del rol que ocupan hoy en la sociedad y los avances en la anhelada igualdad de g\u00e9nero.<\/p>\n<figure id=\"attachment_44036\" aria-describedby=\"caption-attachment-44036\" style=\"width: 370px\" class=\"wp-caption alignright\"><a href=\"https:\/\/i0.wp.com\/www.eltrabajo.cl\/portal\/wp-content\/uploads\/2014\/03\/maria-allendes.jpg\"><img data-recalc-dims=\"1\" loading=\"lazy\" decoding=\"async\" class=\" wp-image-44036 \" alt=\"Mar\u00eda Allendes lleva 18 a\u00f1os haciendo comercio en la feria. Vende tejidos y bebidas.\" src=\"https:\/\/i0.wp.com\/www.eltrabajo.cl\/portal\/wp-content\/uploads\/2014\/03\/maria-allendes.jpg?resize=370%2C251\" width=\"370\" height=\"251\" srcset=\"https:\/\/i0.wp.com\/eltrabajo.cl\/portal\/wp-content\/uploads\/2014\/03\/maria-allendes.jpg?w=529&amp;ssl=1 529w, https:\/\/i0.wp.com\/eltrabajo.cl\/portal\/wp-content\/uploads\/2014\/03\/maria-allendes.jpg?resize=200%2C135&amp;ssl=1 200w, https:\/\/i0.wp.com\/eltrabajo.cl\/portal\/wp-content\/uploads\/2014\/03\/maria-allendes.jpg?resize=300%2C203&amp;ssl=1 300w, https:\/\/i0.wp.com\/eltrabajo.cl\/portal\/wp-content\/uploads\/2014\/03\/maria-allendes.jpg?resize=150%2C101&amp;ssl=1 150w, https:\/\/i0.wp.com\/eltrabajo.cl\/portal\/wp-content\/uploads\/2014\/03\/maria-allendes.jpg?resize=400%2C270&amp;ssl=1 400w\" sizes=\"auto, (max-width: 370px) 100vw, 370px\" \/><\/a><figcaption id=\"caption-attachment-44036\" class=\"wp-caption-text\">Mar\u00eda Allendes lleva 18 a\u00f1os haciendo comercio en la feria. Vende tejidos y bebidas.<\/figcaption><\/figure>\n<p>A algunas las saludaron, a otras no, pero todas trabajaron por igual en este d\u00eda especial, ya que para estar en la feria todos los domingos, cada una se prepara durante los s\u00e1bados, justamente el d\u00eda de celebraci\u00f3n. Mar\u00eda Allendes lleva 18 a\u00f1os haciendo comercio en la feria. Vende tejidos y bebidas. Tiene cuatro hijos y ha podido mantenerlos y ayudarles a sacar su educaci\u00f3n universitaria. Dice que su marido la sac\u00f3 a comer afuera para el D\u00eda de la Mujer. Est\u00e1 feliz del cari\u00f1o que recibe, pero reitera que una mujer no para, ni siquiera en d\u00edas de fiesta.<\/p>\n<p>Lucila Jim\u00e9nez tiene una hija, cuatro nietos y dos bisnietos. Tiene el puesto 277 de ropa interior. Lleva casi 20 a\u00f1os trabajando en la feria y asegura que no para de trabajar porque \u201clas que llevamos la casa tenemos que trabajar y no sabemos de celebraciones. Hay que mantener a la familia y tirar para adelante nom\u00e1s\u201d.<\/p>\n<p>Maritza Castillo Castro lleva casi seis a\u00f1os trabajando en la Feria Diego de Almagro. Tampoco le celebraron y dice que \u201cno me saludaron, ni una flor\u2026 nada\u201d. La acompa\u00f1a su madre todos los domingos en el Puesto N\u00b0283 donde vende ropa interior y calcetines. Asegura que \u201choy en d\u00eda las mujeres somos un pilar fundamental en la familia y si no trabaja la mujer la cosa no anda\u201d.<\/p>\n<p>Carmen Ram\u00edrez, con cinco a\u00f1os como comerciante de la feria, dice entre risas que la saludaron y la regalonearon con una torta. En el Puesto N\u00b0329 atiende con sus hijas y venden ropa de perro y camas para mascotas. Disfruta del cari\u00f1o de sus cinco nietos y asegura que \u201cpara la mujer no hay descanso. Pero siempre hay mucho afecto y agradecimiento por el esfuerzo de llevar una familia\u201d. Sus hijas coinciden en que hoy d\u00eda falta mejorar en la igualdad laboral ya que, \u201cante trabajos iguales, a la mujer le pagan menos\u201d.<\/p>\n<p>Edith Aros Sep\u00falveda es uno de los primeros puestos de la feria que vende plantas y flores. Tiene seis hijos y m\u00e1s de 20 nietos. Recuerda que fue una de las primeras feriantes de este lugar. \u201cAl principio nos coloc\u00e1bamos as\u00ed nom\u00e1s, no estaba regulada y ven\u00edan los Carabineros en las micros y nos llevaban a todo el mont\u00f3n detenidos. Hasta que nos conseguimos permisos y regularizamos esto\u201d. Do\u00f1a Edith expresa que la igualdad entre hombres y mujeres ha avanzado much\u00edsimo \u201cahora tenemos voz y voto de todo. Luchamos por esto y ahora es todo para bien de las mujeres, porque todos merecemos respeto y cuidado\u201d.<\/p>\n<p>Elena Torres tiene tres hijas y tres nietos. Vende en el primer puesto en la feria junto a su marido. Trabaja con toda la familia vendiendo mote con huesillos y empanadas. Para ella la celebraci\u00f3n del d\u00eda de la mujer sirve porque ahora es m\u00e1s f\u00e1cil hablar de derechos femeninos. \u201cAhora nosotras tambi\u00e9n mandamos en la casa y podemos hacer valer nuestro voto en todas las decisiones\u201d.<\/p>\n<p>&nbsp;<\/p>\n","protected":false},"excerpt":{"rendered":"<p>Este 8 de marzo las mujeres del Valle del Aconcagua celebraron, al igual que en todo el mundo, el D\u00eda Internacional de la Mujer. Pero un grupo especial de mujeres lo pas\u00f3&#8230;<\/p>\n","protected":false},"author":482,"featured_media":44035,"comment_status":"open","ping_status":"closed","sticky":false,"template":"","format":"standard","meta":{"advanced_seo_description":"","jetpack_seo_html_title":"","jetpack_seo_noindex":false,"_jetpack_memberships_contains_paid_content":false,"footnotes":""},"categories":[1],"tags":[],"class_list":["post-44034","post","type-post","status-publish","format-standard","has-post-thumbnail","hentry","category-cronica"],"jetpack_featured_media_url":"https:\/\/i0.wp.com\/eltrabajo.cl\/portal\/wp-content\/uploads\/2014\/03\/carmen-ramirez.jpg?fit=529%2C358&ssl=1","jetpack_sharing_enabled":true,"jetpack_likes_enabled":true,"jetpack-related-posts":[],"_links":{"self":[{"href":"https:\/\/eltrabajo.cl\/portal\/wp-json\/wp\/v2\/posts\/44034","targetHints":{"allow":["GET"]}}],"collection":[{"href":"https:\/\/eltrabajo.cl\/portal\/wp-json\/wp\/v2\/posts"}],"about":[{"href":"https:\/\/eltrabajo.cl\/portal\/wp-json\/wp\/v2\/types\/post"}],"author":[{"embeddable":true,"href":"https:\/\/eltrabajo.cl\/portal\/wp-json\/wp\/v2\/users\/482"}],"replies":[{"embeddable":true,"href":"https:\/\/eltrabajo.cl\/portal\/wp-json\/wp\/v2\/comments?post=44034"}],"version-history":[{"count":0,"href":"https:\/\/eltrabajo.cl\/portal\/wp-json\/wp\/v2\/posts\/44034\/revisions"}],"wp:featuredmedia":[{"embeddable":true,"href":"https:\/\/eltrabajo.cl\/portal\/wp-json\/wp\/v2\/media\/44035"}],"wp:attachment":[{"href":"https:\/\/eltrabajo.cl\/portal\/wp-json\/wp\/v2\/media?parent=44034"}],"wp:term":[{"taxonomy":"category","embeddable":true,"href":"https:\/\/eltrabajo.cl\/portal\/wp-json\/wp\/v2\/categories?post=44034"},{"taxonomy":"post_tag","embeddable":true,"href":"https:\/\/eltrabajo.cl\/portal\/wp-json\/wp\/v2\/tags?post=44034"}],"curies":[{"name":"wp","href":"https:\/\/api.w.org\/{rel}","templated":true}]}}