{"id":44049,"date":"2014-03-10T10:03:23","date_gmt":"2014-03-10T13:03:23","guid":{"rendered":"http:\/\/www.eltrabajo.cl\/portal\/?p=44049"},"modified":"2014-03-10T10:30:51","modified_gmt":"2014-03-10T13:30:51","slug":"mas-de-20-000-personas-disfrutaron-15o-festival-palmenia-pizarro-2014","status":"publish","type":"post","link":"https:\/\/eltrabajo.cl\/portal\/mas-de-20-000-personas-disfrutaron-15o-festival-palmenia-pizarro-2014\/","title":{"rendered":"M\u00e1s de 20.000 personas disfrutaron 15\u00ba Festival Palmenia Pizarro 2014"},"content":{"rendered":"<figure id=\"attachment_44050\" aria-describedby=\"caption-attachment-44050\" style=\"width: 528px\" class=\"wp-caption alignnone\"><a href=\"https:\/\/i0.wp.com\/www.eltrabajo.cl\/portal\/wp-content\/uploads\/2014\/03\/festival-2.jpg\"><img data-recalc-dims=\"1\" loading=\"lazy\" decoding=\"async\" class=\"size-full wp-image-44050\" alt=\"Aunque desde que fue anunciada la parrilla de artistas fue destacado el nivel del certamen, lo cierto es que esta nueva versi\u00f3n super\u00f3 cualquier expectativa, logrando congregar alrededor de 20.000 personas durante los dos d\u00edas. \" src=\"https:\/\/i0.wp.com\/www.eltrabajo.cl\/portal\/wp-content\/uploads\/2014\/03\/festival-2.jpg?resize=528%2C283\" width=\"528\" height=\"283\" srcset=\"https:\/\/i0.wp.com\/eltrabajo.cl\/portal\/wp-content\/uploads\/2014\/03\/festival-2.jpg?w=528&amp;ssl=1 528w, https:\/\/i0.wp.com\/eltrabajo.cl\/portal\/wp-content\/uploads\/2014\/03\/festival-2.jpg?resize=200%2C107&amp;ssl=1 200w, https:\/\/i0.wp.com\/eltrabajo.cl\/portal\/wp-content\/uploads\/2014\/03\/festival-2.jpg?resize=300%2C160&amp;ssl=1 300w, https:\/\/i0.wp.com\/eltrabajo.cl\/portal\/wp-content\/uploads\/2014\/03\/festival-2.jpg?resize=150%2C80&amp;ssl=1 150w, https:\/\/i0.wp.com\/eltrabajo.cl\/portal\/wp-content\/uploads\/2014\/03\/festival-2.jpg?resize=400%2C214&amp;ssl=1 400w\" sizes=\"auto, (max-width: 528px) 100vw, 528px\" \/><\/a><figcaption id=\"caption-attachment-44050\" class=\"wp-caption-text\">Aunque desde que fue anunciada la parrilla de artistas fue destacado el nivel del certamen, lo cierto es que esta nueva versi\u00f3n super\u00f3 cualquier expectativa, logrando congregar alrededor de 20.000 personas durante los dos d\u00edas.<\/figcaption><\/figure>\n<p>Constanza Espinoza, representante de San Felipe y con la canci\u00f3n \u201cT\u00fa\u201d, fue la ganadora de la competencia del Festival Palmenia Pizarro 2014, en su versi\u00f3n decimoquinta y que se desarroll\u00f3 este viernes 7 y s\u00e1bado 8 de marzo. Aunque desde que fue anunciada la parrilla de artistas fue destacado el nivel del certamen, lo cierto es que esta nueva versi\u00f3n super\u00f3 cualquier expectativa, logrando congregar alrededor de 20.000 personas durante los dos d\u00edas.<\/p>\n<p>Esta fiesta de Aconcagua comenz\u00f3 el viernes reci\u00e9n pasado, luego que los artistas realizaran las pruebas de sonido durante todo ese d\u00eda y pasadas las 19:00 horas se abrieron las puertas al p\u00fablico, el que fue animado en la previa por Black Attack.<\/p>\n<p>Pasadas las 20:00 horas Leo Caprile subi\u00f3 al escenario y salud\u00f3 al p\u00fablico asistente, dando por iniciado el festival, con un saludo adem\u00e1s de la gran Palmenia Pizarro. El saludo dio paso a la presentaci\u00f3n del Ballet Municipal, seguido del Jurado festival, comenzando de inmediato la presentaci\u00f3n de las cinco canciones en competencia.<\/p>\n<p>Y luego subi\u00f3 al escenario Illapu, uno de los m\u00e1s esperados de la noche y con sus \u00e9xitos encant\u00f3 al p\u00fablico, quienes corearon todas las canciones.<\/p>\n<p>\u201cEstamos muy contentos, nos acompa\u00f1\u00f3 el clima, la gente adem\u00e1s muy c\u00e1lida, creo que estuvieron abiertos a escuchar nuestra propuesta musical y la verdad es que llevamos m\u00e1s de 40 a\u00f1os en los escenarios y es gracias al cari\u00f1o de la gente como esta que vino hoy d\u00eda al festival, as\u00ed que nos vamos muy felices de esta invitaci\u00f3n\u201d, dijo Roberto M\u00e1rquez, vocalista de Illapu.<\/p>\n<p>M\u00e1s tarde los miles de asistentes que llenaron el recinto deportivo, rieron de buena gana con la rutina del Huasito Filomeno y cerraron la noche Los Bunkers.<\/p>\n<p>Arriba del escenario mostraron su mejor espect\u00e1culo, siendo acompa\u00f1ados en sus canciones por el p\u00fablico, que no se movi\u00f3 de sus asientos hasta el final del show, a pesar de la baja temperatura que pod\u00eda sentirse a esa hora, cerrando la primera jornada de festival con el estadio lleno.<\/p>\n<p>\u201cEstamos muy contentos, hace rato que no toc\u00e1bamos en San Felipe y sobre todo venir bajo este marco, as\u00ed que vayan nuestras felicitaciones tambi\u00e9n a la Municipalidad, nuestra idea era que la gente lo pasara bien, esta es la pen\u00faltima fecha de una gira muy ardua que nos hemos pegado todo el verano, el domingo nos vamos a M\u00e9xico as\u00ed que nos vamos con el coraz\u00f3n henchido del cari\u00f1o de la gente\u201d, dijo \u00c1lvaro L\u00f3pez.<\/p>\n<p><strong>SEGUNDA NOCHE<\/strong><\/p>\n<p>La segunda noche del Festival comenz\u00f3 tambi\u00e9n con la animaci\u00f3n de Black Attack quienes con su espect\u00e1culo motivaron al p\u00fablico, haci\u00e9ndolo cantar y bailar al sonido de los distintos ritmos musicales. Leo Caprile salud\u00f3 a los miles de asistentes que comenzaban a llegar hasta el principal recinto deportivo de nuestra comuna y present\u00f3 el mensaje de Palmenia Pizarro, quien no pudo estar presente en el festival, debido a compromisos contra\u00eddos anteriormente para esta fecha.<\/p>\n<p>Y el saludo dio paso a la presentaci\u00f3n del Ballet Municipal y de las cinco canciones seleccionadas en la competencia nacional. Luego subieron al escenario Los Jaivas, una de las m\u00e1s importantes bandas nacionales y que este a\u00f1o est\u00e1 cumpliendo 50 a\u00f1os con una gira nacional, que tuvo a San Felipe en su programaci\u00f3n.<\/p>\n<p>\u201cLlevamos 50 a\u00f1os tocando y la verdad es que no hubi\u00e9ramos resistido todos estos a\u00f1os si no fuera por esta gente que esta bailando y cantando. Lo bonito es que en estos 50 a\u00f1os ha ido naciendo gente y a medida que van naciendo se van incorporando a nuestro p\u00fablico, nos van apoyando, nos van queriendo y eso ha sido la motivaci\u00f3n que estos 50 a\u00f1os nos ha mantenido vigentes\u201d, se\u00f1al\u00f3 Mario Mutis, al bajar del escenario.<\/p>\n<p><strong>LOS GANADORES<\/strong><\/p>\n<p>En esta jornada, el humor estuvo a cargo del Profesor Rosa, quien hizo re\u00edr al p\u00fablico con su caracter\u00edstica rutina, sin censura. La noche avanz\u00f3 con la premiaci\u00f3n de la competencia, la que por decisi\u00f3n del jurado dej\u00f3 en el primera lugar a Constanza Espinoza, con la canci\u00f3n \u201cT\u00fa\u201d, en el segundo puesto a Felipe Vega con el tema \u201cD\u00e9jame Entrar\u201d y el tercer lugar lo ocup\u00f3 Kenny \u00c1lvarez con \u201cMe siento perdido\u201d, mientras que como mejor int\u00e9rprete fue elegido Miguel C\u00e1diz.<\/p>\n<p>Y el festival culmin\u00f3 con la espectacular presentaci\u00f3n de Am\u00e9rico. El cantante encant\u00f3 al p\u00fablico asistente que lo esper\u00f3 y core\u00f3 todas sus canciones. El int\u00e9rprete recorri\u00f3 parte de sus \u00e9xitos y cant\u00f3 algunos temas de su \u00faltimo disco, encantando a las mujeres presentes, quienes adem\u00e1s conmemoraron su d\u00eda con este destacado cantante nacional. El Alcalde Patricio Freire se mostr\u00f3 muy contento con la realizaci\u00f3n del Festival, que este a\u00f1o fue organizado \u00edntegramente por un equipo de profesionales del municipio y que en esta versi\u00f3n cont\u00f3 con la participaci\u00f3n de la empresa privada<\/p>\n<p>\u201cMuy contento, el p\u00fablico ha respondido notablemente a lo que nosotros quer\u00edamos como marco en este Festival, estar con la gente del valle de Aconcagua. Ha sido excelente la participaci\u00f3n de los artistas, los vecinos disfrutaron los dos d\u00edas y las expectativas que nos hicimos se plasmaron en el \u00e9xito de ambas noches, este a\u00f1o apostamos en traer artistas de calidad para que nuestros vecinos disfrutaran con este Festival, que est\u00e1 cerrando las actividades de verano en nuestra comuna\u201d, dijo el jefe comunal.<\/p>\n<div class=\"tiled-gallery type-rectangular tiled-gallery-unresized\" data-original-width=\"640\" data-carousel-extra='null' itemscope itemtype=\"http:\/\/schema.org\/ImageGallery\" > <div class=\"gallery-row\" style=\"width: 640px; height: 315px;\" data-original-width=\"640\" data-original-height=\"315\" > <div class=\"gallery-group images-1\" style=\"width: 411px; height: 315px;\" data-original-width=\"411\" data-original-height=\"315\" > <div class=\"tiled-gallery-item tiled-gallery-item-large\" itemprop=\"associatedMedia\" itemscope itemtype=\"http:\/\/schema.org\/ImageObject\"> <a href=\"https:\/\/eltrabajo.cl\/portal\/mas-de-20-000-personas-disfrutaron-15o-festival-palmenia-pizarro-2014\/festival-5-2\/\" border=\"0\" itemprop=\"url\"> <meta itemprop=\"width\" content=\"407\"> <meta itemprop=\"height\" content=\"311\"> <img decoding=\"async\" class=\"\" data-attachment-id=\"44054\" data-orig-file=\"https:\/\/eltrabajo.cl\/portal\/wp-content\/uploads\/2014\/03\/festival-51.jpg\" data-orig-size=\"528,404\" data-comments-opened=\"1\" data-image-meta=\"{&quot;aperture&quot;:&quot;3.5&quot;,&quot;credit&quot;:&quot;&quot;,&quot;camera&quot;:&quot;NIKON D3000&quot;,&quot;caption&quot;:&quot;&quot;,&quot;created_timestamp&quot;:&quot;1394333141&quot;,&quot;copyright&quot;:&quot;&quot;,&quot;focal_length&quot;:&quot;18&quot;,&quot;iso&quot;:&quot;200&quot;,&quot;shutter_speed&quot;:&quot;0.016666666666667&quot;,&quot;title&quot;:&quot;&quot;}\" data-image-title=\"festival (5)\" data-image-description=\"&lt;p&gt;El Alcalde Patricio Freire y concejales se mostraron muy contentos con la realizaci\u00f3n del Festival.&lt;\/p&gt; \" data-medium-file=\"https:\/\/i0.wp.com\/eltrabajo.cl\/portal\/wp-content\/uploads\/2014\/03\/festival-51.jpg?fit=300%2C229&#038;ssl=1\" data-large-file=\"https:\/\/i0.wp.com\/eltrabajo.cl\/portal\/wp-content\/uploads\/2014\/03\/festival-51.jpg?fit=528%2C404&#038;ssl=1\" src=\"https:\/\/i0.wp.com\/eltrabajo.cl\/portal\/wp-content\/uploads\/2014\/03\/festival-51.jpg?w=407&#038;h=311&#038;ssl=1\" srcset=\"https:\/\/i0.wp.com\/eltrabajo.cl\/portal\/wp-content\/uploads\/2014\/03\/festival-51.jpg?w=528&amp;ssl=1 528w, https:\/\/i0.wp.com\/eltrabajo.cl\/portal\/wp-content\/uploads\/2014\/03\/festival-51.jpg?resize=196%2C150&amp;ssl=1 196w, https:\/\/i0.wp.com\/eltrabajo.cl\/portal\/wp-content\/uploads\/2014\/03\/festival-51.jpg?resize=300%2C229&amp;ssl=1 300w, https:\/\/i0.wp.com\/eltrabajo.cl\/portal\/wp-content\/uploads\/2014\/03\/festival-51.jpg?resize=150%2C114&amp;ssl=1 150w, https:\/\/i0.wp.com\/eltrabajo.cl\/portal\/wp-content\/uploads\/2014\/03\/festival-51.jpg?resize=400%2C306&amp;ssl=1 400w\" width=\"407\" height=\"311\" loading=\"lazy\" data-original-width=\"407\" data-original-height=\"311\" itemprop=\"http:\/\/schema.org\/image\" title=\"festival (5)\" alt=\"El Alcalde Patricio Freire y concejales se mostraron muy contentos con la realizaci\u00f3n del Festival.\" style=\"width: 407px; height: 311px;\" \/> <\/a> <div class=\"tiled-gallery-caption\" itemprop=\"caption description\"> El Alcalde Patricio Freire y concejales se mostraron muy contentos con la realizaci\u00f3n del Festival. <\/div> <\/div> <\/div> <!-- close group --> <div class=\"gallery-group images-2\" style=\"width: 229px; height: 315px;\" data-original-width=\"229\" data-original-height=\"315\" > <div class=\"tiled-gallery-item tiled-gallery-item-small\" itemprop=\"associatedMedia\" itemscope itemtype=\"http:\/\/schema.org\/ImageObject\"> <a href=\"https:\/\/eltrabajo.cl\/portal\/mas-de-20-000-personas-disfrutaron-15o-festival-palmenia-pizarro-2014\/festival-3-2\/\" border=\"0\" itemprop=\"url\"> <meta itemprop=\"width\" content=\"225\"> <meta itemprop=\"height\" content=\"154\"> <img decoding=\"async\" class=\"\" data-attachment-id=\"44055\" data-orig-file=\"https:\/\/eltrabajo.cl\/portal\/wp-content\/uploads\/2014\/03\/festival-31.jpg\" data-orig-size=\"528,360\" data-comments-opened=\"1\" data-image-meta=\"{&quot;aperture&quot;:&quot;5.6&quot;,&quot;credit&quot;:&quot;&quot;,&quot;camera&quot;:&quot;NIKON D3000&quot;,&quot;caption&quot;:&quot;&quot;,&quot;created_timestamp&quot;:&quot;1394241081&quot;,&quot;copyright&quot;:&quot;&quot;,&quot;focal_length&quot;:&quot;55&quot;,&quot;iso&quot;:&quot;1600&quot;,&quot;shutter_speed&quot;:&quot;0.033333333333333&quot;,&quot;title&quot;:&quot;&quot;}\" data-image-title=\"festival (3)\" data-image-description=\"&lt;p&gt;Esta fiesta de Aconcagua comenz\u00f3 el viernes reci\u00e9n pasado, luego que los artistas realizaran las pruebas de sonido.&lt;\/p&gt; \" data-medium-file=\"https:\/\/i0.wp.com\/eltrabajo.cl\/portal\/wp-content\/uploads\/2014\/03\/festival-31.jpg?fit=300%2C204&#038;ssl=1\" data-large-file=\"https:\/\/i0.wp.com\/eltrabajo.cl\/portal\/wp-content\/uploads\/2014\/03\/festival-31.jpg?fit=528%2C360&#038;ssl=1\" src=\"https:\/\/i0.wp.com\/eltrabajo.cl\/portal\/wp-content\/uploads\/2014\/03\/festival-31.jpg?w=225&#038;h=154&#038;ssl=1\" srcset=\"https:\/\/i0.wp.com\/eltrabajo.cl\/portal\/wp-content\/uploads\/2014\/03\/festival-31.jpg?w=528&amp;ssl=1 528w, https:\/\/i0.wp.com\/eltrabajo.cl\/portal\/wp-content\/uploads\/2014\/03\/festival-31.jpg?resize=200%2C136&amp;ssl=1 200w, https:\/\/i0.wp.com\/eltrabajo.cl\/portal\/wp-content\/uploads\/2014\/03\/festival-31.jpg?resize=300%2C204&amp;ssl=1 300w, https:\/\/i0.wp.com\/eltrabajo.cl\/portal\/wp-content\/uploads\/2014\/03\/festival-31.jpg?resize=150%2C102&amp;ssl=1 150w, https:\/\/i0.wp.com\/eltrabajo.cl\/portal\/wp-content\/uploads\/2014\/03\/festival-31.jpg?resize=400%2C272&amp;ssl=1 400w\" width=\"225\" height=\"154\" loading=\"lazy\" data-original-width=\"225\" data-original-height=\"154\" itemprop=\"http:\/\/schema.org\/image\" title=\"festival (3)\" alt=\"Esta fiesta de Aconcagua comenz\u00f3 el viernes reci\u00e9n pasado, luego que los artistas realizaran las pruebas de sonido.\" style=\"width: 225px; height: 154px;\" \/> <\/a> <div class=\"tiled-gallery-caption\" itemprop=\"caption description\"> Esta fiesta de Aconcagua comenz\u00f3 el viernes reci\u00e9n pasado, luego que los artistas realizaran las pruebas de sonido. <\/div> <\/div> <div class=\"tiled-gallery-item tiled-gallery-item-small\" itemprop=\"associatedMedia\" itemscope itemtype=\"http:\/\/schema.org\/ImageObject\"> <a href=\"https:\/\/eltrabajo.cl\/portal\/mas-de-20-000-personas-disfrutaron-15o-festival-palmenia-pizarro-2014\/festival-4-2\/\" border=\"0\" itemprop=\"url\"> <meta itemprop=\"width\" content=\"225\"> <meta itemprop=\"height\" content=\"153\"> <img decoding=\"async\" class=\"\" data-attachment-id=\"44056\" data-orig-file=\"https:\/\/eltrabajo.cl\/portal\/wp-content\/uploads\/2014\/03\/festival-41.jpg\" data-orig-size=\"528,360\" data-comments-opened=\"1\" data-image-meta=\"{&quot;aperture&quot;:&quot;5.3&quot;,&quot;credit&quot;:&quot;&quot;,&quot;camera&quot;:&quot;NIKON D3000&quot;,&quot;caption&quot;:&quot;&quot;,&quot;created_timestamp&quot;:&quot;1394230076&quot;,&quot;copyright&quot;:&quot;&quot;,&quot;focal_length&quot;:&quot;46&quot;,&quot;iso&quot;:&quot;1600&quot;,&quot;shutter_speed&quot;:&quot;0.02&quot;,&quot;title&quot;:&quot;&quot;}\" data-image-title=\"festival (4)\" data-image-description=\"&lt;p&gt;Arriba del escenario se mostraron los mejores espect\u00e1culos, siendo acompa\u00f1ados en sus canciones por el p\u00fablico, que no se movi\u00f3 de sus asientos hasta el final.&lt;\/p&gt; \" data-medium-file=\"https:\/\/i0.wp.com\/eltrabajo.cl\/portal\/wp-content\/uploads\/2014\/03\/festival-41.jpg?fit=300%2C204&#038;ssl=1\" data-large-file=\"https:\/\/i0.wp.com\/eltrabajo.cl\/portal\/wp-content\/uploads\/2014\/03\/festival-41.jpg?fit=528%2C360&#038;ssl=1\" src=\"https:\/\/i0.wp.com\/eltrabajo.cl\/portal\/wp-content\/uploads\/2014\/03\/festival-41.jpg?w=225&#038;h=153&#038;ssl=1\" srcset=\"https:\/\/i0.wp.com\/eltrabajo.cl\/portal\/wp-content\/uploads\/2014\/03\/festival-41.jpg?w=528&amp;ssl=1 528w, https:\/\/i0.wp.com\/eltrabajo.cl\/portal\/wp-content\/uploads\/2014\/03\/festival-41.jpg?resize=200%2C136&amp;ssl=1 200w, https:\/\/i0.wp.com\/eltrabajo.cl\/portal\/wp-content\/uploads\/2014\/03\/festival-41.jpg?resize=300%2C204&amp;ssl=1 300w, https:\/\/i0.wp.com\/eltrabajo.cl\/portal\/wp-content\/uploads\/2014\/03\/festival-41.jpg?resize=150%2C102&amp;ssl=1 150w, https:\/\/i0.wp.com\/eltrabajo.cl\/portal\/wp-content\/uploads\/2014\/03\/festival-41.jpg?resize=400%2C272&amp;ssl=1 400w\" width=\"225\" height=\"153\" loading=\"lazy\" data-original-width=\"225\" data-original-height=\"153\" itemprop=\"http:\/\/schema.org\/image\" title=\"festival (4)\" alt=\"Arriba del escenario se mostraron los mejores espect\u00e1culos, siendo acompa\u00f1ados en sus canciones por el p\u00fablico, que no se movi\u00f3 de sus asientos hasta el final.\" style=\"width: 225px; height: 153px;\" \/> <\/a> <div class=\"tiled-gallery-caption\" itemprop=\"caption description\"> Arriba del escenario se mostraron los mejores espect\u00e1culos, siendo acompa\u00f1ados en sus canciones por el p\u00fablico, que no se movi\u00f3 de sus asientos hasta el final. <\/div> <\/div> <\/div> <!-- close group --> <\/div> <!-- close row --> <\/div>\n","protected":false},"excerpt":{"rendered":"<p>Constanza Espinoza, representante de San Felipe y con la canci\u00f3n \u201cT\u00fa\u201d, fue la ganadora de la competencia del Festival Palmenia Pizarro 2014, en su versi\u00f3n decimoquinta y que se desarroll\u00f3 este viernes&#8230;<\/p>\n","protected":false},"author":482,"featured_media":44050,"comment_status":"open","ping_status":"closed","sticky":false,"template":"","format":"standard","meta":{"advanced_seo_description":"","jetpack_seo_html_title":"","jetpack_seo_noindex":false,"_jetpack_memberships_contains_paid_content":false,"footnotes":""},"categories":[15],"tags":[],"class_list":["post-44049","post","type-post","status-publish","format-standard","has-post-thumbnail","hentry","category-comunidad"],"jetpack_featured_media_url":"https:\/\/i0.wp.com\/eltrabajo.cl\/portal\/wp-content\/uploads\/2014\/03\/festival-2.jpg?fit=528%2C283&ssl=1","jetpack_sharing_enabled":true,"jetpack_likes_enabled":true,"jetpack-related-posts":[],"_links":{"self":[{"href":"https:\/\/eltrabajo.cl\/portal\/wp-json\/wp\/v2\/posts\/44049","targetHints":{"allow":["GET"]}}],"collection":[{"href":"https:\/\/eltrabajo.cl\/portal\/wp-json\/wp\/v2\/posts"}],"about":[{"href":"https:\/\/eltrabajo.cl\/portal\/wp-json\/wp\/v2\/types\/post"}],"author":[{"embeddable":true,"href":"https:\/\/eltrabajo.cl\/portal\/wp-json\/wp\/v2\/users\/482"}],"replies":[{"embeddable":true,"href":"https:\/\/eltrabajo.cl\/portal\/wp-json\/wp\/v2\/comments?post=44049"}],"version-history":[{"count":0,"href":"https:\/\/eltrabajo.cl\/portal\/wp-json\/wp\/v2\/posts\/44049\/revisions"}],"wp:featuredmedia":[{"embeddable":true,"href":"https:\/\/eltrabajo.cl\/portal\/wp-json\/wp\/v2\/media\/44050"}],"wp:attachment":[{"href":"https:\/\/eltrabajo.cl\/portal\/wp-json\/wp\/v2\/media?parent=44049"}],"wp:term":[{"taxonomy":"category","embeddable":true,"href":"https:\/\/eltrabajo.cl\/portal\/wp-json\/wp\/v2\/categories?post=44049"},{"taxonomy":"post_tag","embeddable":true,"href":"https:\/\/eltrabajo.cl\/portal\/wp-json\/wp\/v2\/tags?post=44049"}],"curies":[{"name":"wp","href":"https:\/\/api.w.org\/{rel}","templated":true}]}}