{"id":44079,"date":"2014-03-11T09:11:53","date_gmt":"2014-03-11T12:11:53","guid":{"rendered":"http:\/\/www.eltrabajo.cl\/portal\/?p=44079"},"modified":"2014-03-11T09:11:53","modified_gmt":"2014-03-11T12:11:53","slug":"en-liceo-amancay-la-pdi-arranca-campana-de-prevencion-del-femicidio","status":"publish","type":"post","link":"https:\/\/eltrabajo.cl\/portal\/en-liceo-amancay-la-pdi-arranca-campana-de-prevencion-del-femicidio\/","title":{"rendered":"En Liceo Amancay la PDI arranca Campa\u00f1a de prevenci\u00f3n del Femicidio"},"content":{"rendered":"<figure id=\"attachment_44080\" aria-describedby=\"caption-attachment-44080\" style=\"width: 529px\" class=\"wp-caption alignnone\"><a href=\"https:\/\/i0.wp.com\/www.eltrabajo.cl\/portal\/wp-content\/uploads\/2014\/03\/charla-femicidio2.jpg\"><img data-recalc-dims=\"1\" loading=\"lazy\" decoding=\"async\" class=\"size-full wp-image-44080\" alt=\"El Liceo T\u00e9cnico Amancay de Los Andes fue el lugar escogido por la PDI para dar inicio a nivel provincial de la Campa\u00f1a nacional de prevenci\u00f3n del femicidio.\" src=\"https:\/\/i0.wp.com\/www.eltrabajo.cl\/portal\/wp-content\/uploads\/2014\/03\/charla-femicidio2.jpg?resize=529%2C358\" width=\"529\" height=\"358\" srcset=\"https:\/\/i0.wp.com\/eltrabajo.cl\/portal\/wp-content\/uploads\/2014\/03\/charla-femicidio2.jpg?w=529&amp;ssl=1 529w, https:\/\/i0.wp.com\/eltrabajo.cl\/portal\/wp-content\/uploads\/2014\/03\/charla-femicidio2.jpg?resize=200%2C135&amp;ssl=1 200w, https:\/\/i0.wp.com\/eltrabajo.cl\/portal\/wp-content\/uploads\/2014\/03\/charla-femicidio2.jpg?resize=300%2C203&amp;ssl=1 300w, https:\/\/i0.wp.com\/eltrabajo.cl\/portal\/wp-content\/uploads\/2014\/03\/charla-femicidio2.jpg?resize=150%2C101&amp;ssl=1 150w, https:\/\/i0.wp.com\/eltrabajo.cl\/portal\/wp-content\/uploads\/2014\/03\/charla-femicidio2.jpg?resize=400%2C270&amp;ssl=1 400w\" sizes=\"auto, (max-width: 529px) 100vw, 529px\" \/><\/a><figcaption id=\"caption-attachment-44080\" class=\"wp-caption-text\">El Liceo T\u00e9cnico Amancay de Los Andes fue el lugar escogido por la PDI para dar inicio a nivel provincial de la Campa\u00f1a nacional de prevenci\u00f3n del femicidio.<\/figcaption><\/figure>\n<p><strong>LOS ANDES.<\/strong>&#8211; El Liceo T\u00e9cnico Amancay de Los Andes fue el lugar escogido por la PDI para dar inicio a nivel provincial de la Campa\u00f1a nacional de prevenci\u00f3n del femicidio. El Jefe de la Brigada de Homicidios de la PDI de Los Andes, Subcomisario Carlos Alegr\u00eda, indic\u00f3 que se decidi\u00f3 iniciar la campa\u00f1a en el Liceo Amancay debido a que la mayor parte del alumnado son mujeres, \u201cy la idea es llamar a reflexionar y adoptar las medidas de prevenci\u00f3n en relaci\u00f3n al femicidio\u201d.<\/p>\n<p>El oficial manifest\u00f3 dijo que el objetivo es que la comunidad escolar tome conocimiento de cu\u00e1les son los indicadores y niveles de las estad\u00edsticas de femicidios que se est\u00e1n registrando en el pa\u00eds, \u201cpero sobre todo en el Valle de Aconcagua, ya que este a\u00f1o hemos tenido dos concurrencias de femicidios lo que nos llama mucho la atenci\u00f3n y estamos trabajando en esta campa\u00f1a para disminuir estos elevados \u00edndices a nivel regional\u201d.<\/p>\n<p>El subcomisario sostuvo que a las alumnas se dio a conocer el marco legal de este delito y el rol que cumple la Polic\u00eda de Investigaciones dentro de esta situaci\u00f3n, \u201cpor lo tanto les mostramos una metodolog\u00eda de trabajo en cuanto a las medidas a adoptar y qu\u00e9 tenemos que hacer para disminuir estos \u00edndices\u201d.<\/p>\n<p>Record\u00f3 que muchas la violencia contra la mujer se inicia justamente en el pololeo, \u201cy es por ello que toda adolescente necesita un consejo en el inicio de sus relaciones sentimentales y el saber cu\u00e1les son los l\u00edmites y donde terminan los derechos del pr\u00f3jimo y que no sufran ning\u00fan tipo de violencia\u201d.<\/p>\n<p>Agreg\u00f3 que como PDI continuar\u00e1n trabajando en esta campa\u00f1a, no tan s\u00f3lo a nivel escolar, sino tambi\u00e9n con la comunidad en general. \u201cConforme hemos realizado charlas hemos tenidos buenos resultados porque se han acercado a la PDI a consultarnos y canalizar las denuncias con el Ministerio P\u00fablico cuando la situaci\u00f3n lo ha ameritado\u201d, expres\u00f3 el Subcomisario Alegr\u00eda.<\/p>\n<p>En tanto, el Director (S) del Liceo Amancay, Nelson Escobar, plante\u00f3 que esta tem\u00e1tica del femicidio es muy importante que sea conocida por las alumnas, \u201cpues uno a trav\u00e9s de los a\u00f1os va observado algunas actitudes en la vida de los estudiantes cuando entran en las situaciones sociales de pololeo y tambi\u00e9n en sus propias familias, por lo tanto el tema fue abordado con mucho inter\u00e9s por las estudiantes\u201d.<\/p>\n<p>El docente consider\u00f3 relevante poder repetir este tipo de charlas informativas a fin de que las alumnas puedan denunciar este tipo de hechos, ya sea en su pololeo o bien posteriormente durante su vida conyugal. Cabe hacer presente, que la PDI dentro del an\u00e1lisis realizado en las investigaciones por femicidio, estableci\u00f3 que en la gran mayor\u00eda de casos el delito se realiza al interior del domicilio de la v\u00edctima, afectando directamente a sus familias y entorno m\u00e1s pr\u00f3ximo.<\/p>\n<p>Las estad\u00edsticas establecen que entre el a\u00f1o 2011 y 2013, un 34,1% de los femicidios fueron acompa\u00f1ados por el suicidio de sus victimarios; un 2,4% fueron con parricidio y un 1,2% con homicidio.<\/p>\n<p>&nbsp;<\/p>\n","protected":false},"excerpt":{"rendered":"<p>LOS ANDES.&#8211; El Liceo T\u00e9cnico Amancay de Los Andes fue el lugar escogido por la PDI para dar inicio a nivel provincial de la Campa\u00f1a nacional de prevenci\u00f3n del femicidio. El Jefe&#8230;<\/p>\n","protected":false},"author":482,"featured_media":44080,"comment_status":"open","ping_status":"closed","sticky":false,"template":"","format":"standard","meta":{"advanced_seo_description":"","jetpack_seo_html_title":"","jetpack_seo_noindex":false,"_jetpack_memberships_contains_paid_content":false,"footnotes":""},"categories":[1],"tags":[],"class_list":["post-44079","post","type-post","status-publish","format-standard","has-post-thumbnail","hentry","category-cronica"],"jetpack_featured_media_url":"https:\/\/i0.wp.com\/eltrabajo.cl\/portal\/wp-content\/uploads\/2014\/03\/charla-femicidio2.jpg?fit=529%2C358&ssl=1","jetpack_sharing_enabled":true,"jetpack_likes_enabled":true,"jetpack-related-posts":[],"_links":{"self":[{"href":"https:\/\/eltrabajo.cl\/portal\/wp-json\/wp\/v2\/posts\/44079","targetHints":{"allow":["GET"]}}],"collection":[{"href":"https:\/\/eltrabajo.cl\/portal\/wp-json\/wp\/v2\/posts"}],"about":[{"href":"https:\/\/eltrabajo.cl\/portal\/wp-json\/wp\/v2\/types\/post"}],"author":[{"embeddable":true,"href":"https:\/\/eltrabajo.cl\/portal\/wp-json\/wp\/v2\/users\/482"}],"replies":[{"embeddable":true,"href":"https:\/\/eltrabajo.cl\/portal\/wp-json\/wp\/v2\/comments?post=44079"}],"version-history":[{"count":0,"href":"https:\/\/eltrabajo.cl\/portal\/wp-json\/wp\/v2\/posts\/44079\/revisions"}],"wp:featuredmedia":[{"embeddable":true,"href":"https:\/\/eltrabajo.cl\/portal\/wp-json\/wp\/v2\/media\/44080"}],"wp:attachment":[{"href":"https:\/\/eltrabajo.cl\/portal\/wp-json\/wp\/v2\/media?parent=44079"}],"wp:term":[{"taxonomy":"category","embeddable":true,"href":"https:\/\/eltrabajo.cl\/portal\/wp-json\/wp\/v2\/categories?post=44079"},{"taxonomy":"post_tag","embeddable":true,"href":"https:\/\/eltrabajo.cl\/portal\/wp-json\/wp\/v2\/tags?post=44079"}],"curies":[{"name":"wp","href":"https:\/\/api.w.org\/{rel}","templated":true}]}}