{"id":44082,"date":"2014-03-11T09:13:35","date_gmt":"2014-03-11T12:13:35","guid":{"rendered":"http:\/\/www.eltrabajo.cl\/portal\/?p=44082"},"modified":"2014-03-11T09:13:35","modified_gmt":"2014-03-11T12:13:35","slug":"el-proximo-lunes-comienza-vacunacion-contra-la-influenza","status":"publish","type":"post","link":"https:\/\/eltrabajo.cl\/portal\/el-proximo-lunes-comienza-vacunacion-contra-la-influenza\/","title":{"rendered":"El pr\u00f3ximo lunes comienza vacunaci\u00f3n contra la influenza"},"content":{"rendered":"<figure id=\"attachment_44083\" aria-describedby=\"caption-attachment-44083\" style=\"width: 529px\" class=\"wp-caption alignnone\"><img data-recalc-dims=\"1\" loading=\"lazy\" decoding=\"async\" class=\"size-full wp-image-44083\" alt=\"El pr\u00f3ximo lunes 17 de marzo, el Cesfam Valle Los Libertadores de Putaendo y las postas rurales, comenzar\u00e1n la campa\u00f1a de vacunaci\u00f3n contra la influenza.\" src=\"https:\/\/i0.wp.com\/www.eltrabajo.cl\/portal\/wp-content\/uploads\/2014\/03\/VACUNACION-CESFAM.jpg?resize=529%2C358\" width=\"529\" height=\"358\" srcset=\"https:\/\/i0.wp.com\/eltrabajo.cl\/portal\/wp-content\/uploads\/2014\/03\/VACUNACION-CESFAM.jpg?w=529&amp;ssl=1 529w, https:\/\/i0.wp.com\/eltrabajo.cl\/portal\/wp-content\/uploads\/2014\/03\/VACUNACION-CESFAM.jpg?resize=200%2C135&amp;ssl=1 200w, https:\/\/i0.wp.com\/eltrabajo.cl\/portal\/wp-content\/uploads\/2014\/03\/VACUNACION-CESFAM.jpg?resize=300%2C203&amp;ssl=1 300w, https:\/\/i0.wp.com\/eltrabajo.cl\/portal\/wp-content\/uploads\/2014\/03\/VACUNACION-CESFAM.jpg?resize=150%2C101&amp;ssl=1 150w, https:\/\/i0.wp.com\/eltrabajo.cl\/portal\/wp-content\/uploads\/2014\/03\/VACUNACION-CESFAM.jpg?resize=400%2C270&amp;ssl=1 400w\" sizes=\"auto, (max-width: 529px) 100vw, 529px\" \/><\/a><figcaption id=\"caption-attachment-44083\" class=\"wp-caption-text\">El pr\u00f3ximo lunes 17 de marzo, el Cesfam Valle Los Libertadores de Putaendo y las postas rurales, comenzar\u00e1n la campa\u00f1a de vacunaci\u00f3n contra la influenza.<\/figcaption><\/figure>\n<p><strong>PUTAENDO<\/strong>.- El pr\u00f3ximo lunes 17 de marzo, el Cesfam Valle Los Libertadores de Putaendo y las postas rurales, comenzar\u00e1n la campa\u00f1a de vacunaci\u00f3n contra la influenza. La Directora del ese Cesfam, Mireya Ponce, se\u00f1al\u00f3 que durante esta semana se est\u00e1 administrando la vacuna contra la influenza a todos los funcionarios del Cesfam y de las postas e incluso a primera hora de este lunes fue la primera en vacunarse y espera que se sumen los dem\u00e1s funcionarios del recinto de salud.<\/p>\n<p>La profesional indic\u00f3 que a partir del pr\u00f3ximo lunes estar\u00e1n disponibles las vacunas contra la influenza para los grupos de mayor riesgo como los adultos mayores de 65 a\u00f1os, personas que padecen hipertensi\u00f3n, diabetes, obesidad y ni\u00f1os entre seis y 23 meses.<\/p>\n<p>El Cesfam Valle Los Libertadores espera poder vacunar al 100% de los usuarios que est\u00e1n en estos grupos, los que bordear\u00edan las 5.000 personas.<\/p>\n<p><strong>S\u00cdNTOMAS<\/strong><\/p>\n<p>Lo m\u00e1s notorio de la influenza, es que se manifiesta en forma s\u00fabita, sin avisos previos provocando una repentina fiebre alta (sobre 38 grados) la que dura en promedio dos o tres d\u00edas, pudiendo llegar a la semana. Junto a la fiebre elevada, la enfermedad se acompa\u00f1a de un cansancio o debilidad que pueden ser extremos, el cual en el caso de los adultos mayores se puede prolongar m\u00e1s all\u00e1 de lo normal (dos a cinco d\u00edas). Frecuentemente se presenta tambi\u00e9n romadizo o coriza.<\/p>\n<p>Tambi\u00e9n es habitual que la persona sufra de dolor de cabeza en la zona frontal o bien generalizada. Es frecuente el dolor al tragar y la tos, el dolor muscular, el dolor a las articulaciones y la molestia frente a la luz, s\u00edntomas que pueden durar m\u00e1s de una semana. En ocasiones pueden aparecer problemas estomacales (como nauseas, v\u00f3mitos y diarrea) y otitis, aunque estos s\u00edntomas son m\u00e1s frecuentes en los ni\u00f1os.<\/p>\n<p>La influenza tambi\u00e9n puede agravar los s\u00edntomas de otras enfermedades que las personas ya tienen, como por ejemplo: insuficiencia cardiaca, diabetes, neumon\u00eda por sobreinfecci\u00f3n bacteriana, deshidrataci\u00f3n y otras. La dificultad para respirar es una de las complicaciones m\u00e1s graves que se pueden presentar en los ni\u00f1os.<\/p>\n<p>Patricio Gallardo M.<\/p>\n<p>&nbsp;<\/p>\n","protected":false},"excerpt":{"rendered":"<p>PUTAENDO.- El pr\u00f3ximo lunes 17 de marzo, el Cesfam Valle Los Libertadores de Putaendo y las postas rurales, comenzar\u00e1n la campa\u00f1a de vacunaci\u00f3n contra la influenza. La Directora del ese Cesfam, Mireya&#8230;<\/p>\n","protected":false},"author":482,"featured_media":44083,"comment_status":"open","ping_status":"closed","sticky":false,"template":"","format":"standard","meta":{"advanced_seo_description":"","jetpack_seo_html_title":"","jetpack_seo_noindex":false,"_jetpack_memberships_contains_paid_content":false,"footnotes":""},"categories":[15],"tags":[],"class_list":["post-44082","post","type-post","status-publish","format-standard","has-post-thumbnail","hentry","category-comunidad"],"jetpack_featured_media_url":"https:\/\/i0.wp.com\/eltrabajo.cl\/portal\/wp-content\/uploads\/2014\/03\/VACUNACION-CESFAM.jpg?fit=529%2C358&ssl=1","jetpack_sharing_enabled":true,"jetpack_likes_enabled":true,"jetpack-related-posts":[],"_links":{"self":[{"href":"https:\/\/eltrabajo.cl\/portal\/wp-json\/wp\/v2\/posts\/44082","targetHints":{"allow":["GET"]}}],"collection":[{"href":"https:\/\/eltrabajo.cl\/portal\/wp-json\/wp\/v2\/posts"}],"about":[{"href":"https:\/\/eltrabajo.cl\/portal\/wp-json\/wp\/v2\/types\/post"}],"author":[{"embeddable":true,"href":"https:\/\/eltrabajo.cl\/portal\/wp-json\/wp\/v2\/users\/482"}],"replies":[{"embeddable":true,"href":"https:\/\/eltrabajo.cl\/portal\/wp-json\/wp\/v2\/comments?post=44082"}],"version-history":[{"count":0,"href":"https:\/\/eltrabajo.cl\/portal\/wp-json\/wp\/v2\/posts\/44082\/revisions"}],"wp:featuredmedia":[{"embeddable":true,"href":"https:\/\/eltrabajo.cl\/portal\/wp-json\/wp\/v2\/media\/44083"}],"wp:attachment":[{"href":"https:\/\/eltrabajo.cl\/portal\/wp-json\/wp\/v2\/media?parent=44082"}],"wp:term":[{"taxonomy":"category","embeddable":true,"href":"https:\/\/eltrabajo.cl\/portal\/wp-json\/wp\/v2\/categories?post=44082"},{"taxonomy":"post_tag","embeddable":true,"href":"https:\/\/eltrabajo.cl\/portal\/wp-json\/wp\/v2\/tags?post=44082"}],"curies":[{"name":"wp","href":"https:\/\/api.w.org\/{rel}","templated":true}]}}