{"id":44085,"date":"2014-03-11T09:16:31","date_gmt":"2014-03-11T12:16:31","guid":{"rendered":"http:\/\/www.eltrabajo.cl\/portal\/?p=44085"},"modified":"2014-03-11T09:16:31","modified_gmt":"2014-03-11T12:16:31","slug":"trabajadoras-de-casa-particular-dedican-parte-de-su-jornada-de-descanso-para-capacitarse","status":"publish","type":"post","link":"https:\/\/eltrabajo.cl\/portal\/trabajadoras-de-casa-particular-dedican-parte-de-su-jornada-de-descanso-para-capacitarse\/","title":{"rendered":"Trabajadoras de casa particular dedican parte de su jornada de descanso para capacitarse"},"content":{"rendered":"<figure id=\"attachment_44086\" aria-describedby=\"caption-attachment-44086\" style=\"width: 529px\" class=\"wp-caption alignnone\"><a href=\"https:\/\/i0.wp.com\/www.eltrabajo.cl\/portal\/wp-content\/uploads\/2014\/03\/Nanas1.jpg\"><img data-recalc-dims=\"1\" loading=\"lazy\" decoding=\"async\" class=\"size-full wp-image-44086\" alt=\"Durante dos semanas se realiz\u00f3 la convocatoria para esta actividad, tomando contacto directo con cada una de las trabajadoras.\" src=\"https:\/\/i0.wp.com\/www.eltrabajo.cl\/portal\/wp-content\/uploads\/2014\/03\/Nanas1.jpg?resize=529%2C358\" width=\"529\" height=\"358\" srcset=\"https:\/\/i0.wp.com\/eltrabajo.cl\/portal\/wp-content\/uploads\/2014\/03\/Nanas1.jpg?w=529&amp;ssl=1 529w, https:\/\/i0.wp.com\/eltrabajo.cl\/portal\/wp-content\/uploads\/2014\/03\/Nanas1.jpg?resize=200%2C135&amp;ssl=1 200w, https:\/\/i0.wp.com\/eltrabajo.cl\/portal\/wp-content\/uploads\/2014\/03\/Nanas1.jpg?resize=300%2C203&amp;ssl=1 300w, https:\/\/i0.wp.com\/eltrabajo.cl\/portal\/wp-content\/uploads\/2014\/03\/Nanas1.jpg?resize=150%2C101&amp;ssl=1 150w, https:\/\/i0.wp.com\/eltrabajo.cl\/portal\/wp-content\/uploads\/2014\/03\/Nanas1.jpg?resize=400%2C270&amp;ssl=1 400w\" sizes=\"auto, (max-width: 529px) 100vw, 529px\" \/><\/a><figcaption id=\"caption-attachment-44086\" class=\"wp-caption-text\">Durante dos semanas se realiz\u00f3 la convocatoria para esta actividad, tomando contacto directo con cada una de las trabajadoras.<\/figcaption><\/figure>\n<p>Comprendiendo la necesidad de avanzar hacia la profesionalizaci\u00f3n de su actividad, un grupo de 15 trabajadoras de casa particular de la provincia de San Felipe, destinaron parte de su jornada de descanso este domingo por la ma\u00f1ana, para capacitarse con el Instituto de Seguridad Laboral. La actividad, desarrollada con el apoyo del Sence, ten\u00eda por objetivo entregar herramientas a este grupo de trabajadoras en temas tan importantes como la prevenci\u00f3n de riesgos en el hogar, entendiendo que ellas cumplen una labor fundamental en materia del cuidado de ni\u00f1os y ni\u00f1as, as\u00ed como en la alimentaci\u00f3n, aseo y orden de la casa.<\/p>\n<p>&nbsp;<\/p>\n<figure id=\"attachment_44087\" aria-describedby=\"caption-attachment-44087\" style=\"width: 370px\" class=\"wp-caption alignright\"><a href=\"https:\/\/i0.wp.com\/www.eltrabajo.cl\/portal\/wp-content\/uploads\/2014\/03\/Nanas2.jpg\"><img data-recalc-dims=\"1\" loading=\"lazy\" decoding=\"async\" class=\" wp-image-44087 \" alt=\"Un grupo de 15 trabajadoras de casa particular de la provincia de San Felipe, este domingo por la ma\u00f1ana se capacitaron con el Instituto de Seguridad Laboral.\" src=\"https:\/\/i0.wp.com\/www.eltrabajo.cl\/portal\/wp-content\/uploads\/2014\/03\/Nanas2.jpg?resize=370%2C251\" width=\"370\" height=\"251\" srcset=\"https:\/\/i0.wp.com\/eltrabajo.cl\/portal\/wp-content\/uploads\/2014\/03\/Nanas2.jpg?w=529&amp;ssl=1 529w, https:\/\/i0.wp.com\/eltrabajo.cl\/portal\/wp-content\/uploads\/2014\/03\/Nanas2.jpg?resize=200%2C135&amp;ssl=1 200w, https:\/\/i0.wp.com\/eltrabajo.cl\/portal\/wp-content\/uploads\/2014\/03\/Nanas2.jpg?resize=300%2C203&amp;ssl=1 300w, https:\/\/i0.wp.com\/eltrabajo.cl\/portal\/wp-content\/uploads\/2014\/03\/Nanas2.jpg?resize=150%2C101&amp;ssl=1 150w, https:\/\/i0.wp.com\/eltrabajo.cl\/portal\/wp-content\/uploads\/2014\/03\/Nanas2.jpg?resize=400%2C270&amp;ssl=1 400w\" sizes=\"auto, (max-width: 370px) 100vw, 370px\" \/><\/a><figcaption id=\"caption-attachment-44087\" class=\"wp-caption-text\">Un grupo de 15 trabajadoras de casa particular de la provincia de San Felipe, este domingo por la ma\u00f1ana se capacitaron con el Instituto de Seguridad Laboral.<\/figcaption><\/figure>\n<p>Seg\u00fan explic\u00f3 la Coordinadora Provincial de Sence San Felipe, Andrea Fuentes, durante dos semanas se realiz\u00f3 la convocatoria para esta actividad, tomando contacto directo con cada una de las trabajadoras, quienes decidieron sumarse a la iniciativa, valorando la posibilidad de adquirir nuevos conocimientos.<\/p>\n<p>\u201cNosotros como Sence valoramos mucho que estas trabajadoras de casa particular dediquen parte de su jornada de descanso, de estar con su familia, para acudir a una jornada que pretende entregarles las herramientas para realizar un mejor trabajo. Algunas de estas mujeres forman parte de sindicatos y otras no, pero en general lo que buscamos es generar espacios para todas ellas, para que puedan tomar parte de un proceso que les va a permitir avanzar hacia la profesionalizaci\u00f3n de su actividad\u201d, se\u00f1al\u00f3 Fuentes.<\/p>\n<p>Seg\u00fan explic\u00f3 el Ingeniero en Prevenci\u00f3n de Riesgos a cargo de la capacitaci\u00f3n, Carlos Zamora, la actividad desarrollada consider\u00f3 la entrega de recomendaciones y medidas que les ayuden a las nanas a entregar un mejor servicio. Explic\u00f3 que para el Instituto de Seguridad Laboral es prioritario apoyar a este segmento de la fuerza laboral, entendiendo que su trabajo es de gran trascendencia para muchas familias de la provincia de San Felipe.<\/p>\n<p>\u201cLo que buscamos es profesionalizar una actividad que es considerada como uno de los oficios m\u00e1s antiguos. Hoy d\u00eda las trabajadoras de hogares tienen muchas responsabilidades, y si bien se podr\u00eda decir que su actividad es simple y dom\u00e9stica, a mi juicio es una actividad profesional\u201d, explic\u00f3 el profesional.<\/p>\n<p>A\u00f1adi\u00f3 que en la actividad, se entreg\u00f3 asesor\u00eda t\u00e9cnica, donde adem\u00e1s de abordar la prevenci\u00f3n de riesgos en el hogar, con elementos de econom\u00eda y primeros auxilios, se les inform\u00f3 y capacit\u00f3 respecto de qu\u00e9 hacer en relaci\u00f3n a accidentes y enfermedades profesionales.<\/p>\n<p><strong>NANAS FELICES<\/strong><\/p>\n<p>La Tesorera de Anecap San Felipe, Leontina Varas, fue la encargada de manifestar el sentir de las trabajadoras de casa particular, frente a esta iniciativa. La dirigente expres\u00f3 su satisfacci\u00f3n por la posibilidad de participar en este tipo de jornadas, las que ella espera puedan replicarse y ojal\u00e1, integrar a m\u00e1s nanas de la provincia y el valle. \u201cPara nosotras es importante capacitarnos para hacer mucho mejor nuestro trabajo. Siempre es bueno recibir el consejo y la asesor\u00eda de un experto, pero tambi\u00e9n es bueno que en estas instancias nos informen de nuestros derechos, porque muchas de nuestras colegas los desconocen\u201d, se\u00f1al\u00f3 Leontina Varas.<\/p>\n<p>A su juicio, es importante avanzar tambi\u00e9n hacia la sensibilizaci\u00f3n de los empleadores, para que puedan valorar la labor que ellas realizan, explicando que si bien en su caso particular cuenta con el respaldo y la confianza de sus patrones, hay casos de trabajadoras que no tienen mayor apoyo.<\/p>\n<p>A\u00fan as\u00ed, la dirigente se mostr\u00f3 esperanzada de que no solo el ISL, sino tambi\u00e9n otros organismos de Estado, puedan apoyarles, siempre con el objetivo de profesionalizar su actividad.<\/p>\n<p>&nbsp;<\/p>\n","protected":false},"excerpt":{"rendered":"<p>Comprendiendo la necesidad de avanzar hacia la profesionalizaci\u00f3n de su actividad, un grupo de 15 trabajadoras de casa particular de la provincia de San Felipe, destinaron parte de su jornada de descanso&#8230;<\/p>\n","protected":false},"author":482,"featured_media":44086,"comment_status":"open","ping_status":"closed","sticky":false,"template":"","format":"standard","meta":{"advanced_seo_description":"","jetpack_seo_html_title":"","jetpack_seo_noindex":false,"_jetpack_memberships_contains_paid_content":false,"footnotes":""},"categories":[15],"tags":[],"class_list":["post-44085","post","type-post","status-publish","format-standard","has-post-thumbnail","hentry","category-comunidad"],"jetpack_featured_media_url":"https:\/\/i0.wp.com\/eltrabajo.cl\/portal\/wp-content\/uploads\/2014\/03\/Nanas1.jpg?fit=529%2C358&ssl=1","jetpack_sharing_enabled":true,"jetpack_likes_enabled":true,"jetpack-related-posts":[],"_links":{"self":[{"href":"https:\/\/eltrabajo.cl\/portal\/wp-json\/wp\/v2\/posts\/44085","targetHints":{"allow":["GET"]}}],"collection":[{"href":"https:\/\/eltrabajo.cl\/portal\/wp-json\/wp\/v2\/posts"}],"about":[{"href":"https:\/\/eltrabajo.cl\/portal\/wp-json\/wp\/v2\/types\/post"}],"author":[{"embeddable":true,"href":"https:\/\/eltrabajo.cl\/portal\/wp-json\/wp\/v2\/users\/482"}],"replies":[{"embeddable":true,"href":"https:\/\/eltrabajo.cl\/portal\/wp-json\/wp\/v2\/comments?post=44085"}],"version-history":[{"count":0,"href":"https:\/\/eltrabajo.cl\/portal\/wp-json\/wp\/v2\/posts\/44085\/revisions"}],"wp:featuredmedia":[{"embeddable":true,"href":"https:\/\/eltrabajo.cl\/portal\/wp-json\/wp\/v2\/media\/44086"}],"wp:attachment":[{"href":"https:\/\/eltrabajo.cl\/portal\/wp-json\/wp\/v2\/media?parent=44085"}],"wp:term":[{"taxonomy":"category","embeddable":true,"href":"https:\/\/eltrabajo.cl\/portal\/wp-json\/wp\/v2\/categories?post=44085"},{"taxonomy":"post_tag","embeddable":true,"href":"https:\/\/eltrabajo.cl\/portal\/wp-json\/wp\/v2\/tags?post=44085"}],"curies":[{"name":"wp","href":"https:\/\/api.w.org\/{rel}","templated":true}]}}