{"id":44093,"date":"2014-03-11T09:20:24","date_gmt":"2014-03-11T12:20:24","guid":{"rendered":"http:\/\/www.eltrabajo.cl\/portal\/?p=44093"},"modified":"2014-03-11T09:44:18","modified_gmt":"2014-03-11T12:44:18","slug":"vecinos-del-puente-el-rey-preocupados-por-tronco-flotante","status":"publish","type":"post","link":"https:\/\/eltrabajo.cl\/portal\/vecinos-del-puente-el-rey-preocupados-por-tronco-flotante\/","title":{"rendered":"Vecinos del Puente El Rey preocupados por \u2018tronco flotante\u2019"},"content":{"rendered":"<figure id=\"attachment_44094\" aria-describedby=\"caption-attachment-44094\" style=\"width: 529px\" class=\"wp-caption alignnone\"><img data-recalc-dims=\"1\" loading=\"lazy\" decoding=\"async\" class=\"size-full wp-image-44094\" alt=\"El lente de Diario El Trabajo capt\u00f3 la imagen que por estos d\u00edas distrae la atenci\u00f3n de los transe\u00fantes que pasan por Calle Bueras y Manso Velasco.\" src=\"https:\/\/i0.wp.com\/www.eltrabajo.cl\/portal\/wp-content\/uploads\/2014\/03\/Tronco1.jpg?resize=529%2C358\" width=\"529\" height=\"358\" srcset=\"https:\/\/i0.wp.com\/eltrabajo.cl\/portal\/wp-content\/uploads\/2014\/03\/Tronco1.jpg?w=529&amp;ssl=1 529w, https:\/\/i0.wp.com\/eltrabajo.cl\/portal\/wp-content\/uploads\/2014\/03\/Tronco1.jpg?resize=200%2C135&amp;ssl=1 200w, https:\/\/i0.wp.com\/eltrabajo.cl\/portal\/wp-content\/uploads\/2014\/03\/Tronco1.jpg?resize=300%2C203&amp;ssl=1 300w, https:\/\/i0.wp.com\/eltrabajo.cl\/portal\/wp-content\/uploads\/2014\/03\/Tronco1.jpg?resize=150%2C101&amp;ssl=1 150w, https:\/\/i0.wp.com\/eltrabajo.cl\/portal\/wp-content\/uploads\/2014\/03\/Tronco1.jpg?resize=400%2C270&amp;ssl=1 400w\" sizes=\"auto, (max-width: 529px) 100vw, 529px\" \/><\/a><figcaption id=\"caption-attachment-44094\" class=\"wp-caption-text\">El lente de Diario El Trabajo capt\u00f3 la imagen que por estos d\u00edas distrae la atenci\u00f3n de los transe\u00fantes que pasan por Calle Bueras y Manso Velasco.<\/figcaption><\/figure>\n<p>Una postal muy curiosa recibe a quienes ingresan por estos d\u00edas a la ciudad de San Felipe a trav\u00e9s del Puente El Rey. Se trata de un trozo de tronco que atrap\u00f3 parte del cableado a\u00e9reo que cuelga del tendido el\u00e9ctrico, justo sobre la vereda que lleva al citado puente por Calle Coronel Santiago Bueras. Pero resulta que lo que se ve s\u00f3lo como una imagen curiosa, se est\u00e1 transformando en una preocupaci\u00f3n para los vecinos y transe\u00fantes, ya que, aunque no es un paso peatonal muy transitado, s\u00ed cobra importancia todas las ma\u00f1anas y tardes cuando los trabajadores se van o regresan de su jornada diaria.<\/p>\n<figure id=\"attachment_44095\" aria-describedby=\"caption-attachment-44095\" style=\"width: 370px\" class=\"wp-caption alignright\"><a href=\"https:\/\/i0.wp.com\/www.eltrabajo.cl\/portal\/wp-content\/uploads\/2014\/03\/Tronco2.jpg\"><img data-recalc-dims=\"1\" loading=\"lazy\" decoding=\"async\" class=\" wp-image-44095 \" alt=\"Nuestro medio fue hasta el lugar donde cuelga el citado tronco y comprob\u00f3 que es de un volumen considerable, con un peso que debe bordear los 30 a 40 kilos.\" src=\"https:\/\/i0.wp.com\/www.eltrabajo.cl\/portal\/wp-content\/uploads\/2014\/03\/Tronco2.jpg?resize=370%2C251\" width=\"370\" height=\"251\" srcset=\"https:\/\/i0.wp.com\/eltrabajo.cl\/portal\/wp-content\/uploads\/2014\/03\/Tronco2.jpg?w=529&amp;ssl=1 529w, https:\/\/i0.wp.com\/eltrabajo.cl\/portal\/wp-content\/uploads\/2014\/03\/Tronco2.jpg?resize=200%2C135&amp;ssl=1 200w, https:\/\/i0.wp.com\/eltrabajo.cl\/portal\/wp-content\/uploads\/2014\/03\/Tronco2.jpg?resize=300%2C203&amp;ssl=1 300w, https:\/\/i0.wp.com\/eltrabajo.cl\/portal\/wp-content\/uploads\/2014\/03\/Tronco2.jpg?resize=150%2C101&amp;ssl=1 150w, https:\/\/i0.wp.com\/eltrabajo.cl\/portal\/wp-content\/uploads\/2014\/03\/Tronco2.jpg?resize=400%2C270&amp;ssl=1 400w\" sizes=\"auto, (max-width: 370px) 100vw, 370px\" \/><\/a><figcaption id=\"caption-attachment-44095\" class=\"wp-caption-text\">Nuestro medio fue hasta el lugar donde cuelga el citado tronco y comprob\u00f3 que es de un volumen considerable, con un peso que debe bordear los 30 a 40 kilos.<\/figcaption><\/figure>\n<p>Nuestro medio fue hasta el lugar donde cuelga el citado tronco y comprob\u00f3 que es de un volumen considerable, con un peso que debe bordear los 30 a 40 kilos y que no debiese caer porque literalmente \u2018se trag\u00f3\u2019 los cables m\u00e1s gruesos del tendido.<\/p>\n<p>Diario El Trabajo se contact\u00f3 con personal de Chilquinta, quien se\u00f1al\u00f3 que estos cables pertenecen a una compa\u00f1\u00eda de tel\u00e9fonos, por lo que la empresa que realiz\u00f3 la poda debe dar aviso a las mismas. A\u00fan as\u00ed, las consultas realizadas a diferentes organismos indican que las posibilidades de que un trozo de madera de ese tama\u00f1o caiga son casi nulas, pues el trenzado met\u00e1lico que trae ese tendido de telefon\u00eda es muy resistente a ese peso y m\u00e1s.<\/p>\n<p>&nbsp;<\/p>\n","protected":false},"excerpt":{"rendered":"<p>Una postal muy curiosa recibe a quienes ingresan por estos d\u00edas a la ciudad de San Felipe a trav\u00e9s del Puente El Rey. Se trata de un trozo de tronco que atrap\u00f3&#8230;<\/p>\n","protected":false},"author":482,"featured_media":44094,"comment_status":"open","ping_status":"closed","sticky":false,"template":"","format":"standard","meta":{"advanced_seo_description":"","jetpack_seo_html_title":"","jetpack_seo_noindex":false,"_jetpack_memberships_contains_paid_content":false,"footnotes":""},"categories":[15],"tags":[],"class_list":["post-44093","post","type-post","status-publish","format-standard","has-post-thumbnail","hentry","category-comunidad"],"jetpack_featured_media_url":"https:\/\/i0.wp.com\/eltrabajo.cl\/portal\/wp-content\/uploads\/2014\/03\/Tronco1.jpg?fit=529%2C358&ssl=1","jetpack_sharing_enabled":true,"jetpack_likes_enabled":true,"jetpack-related-posts":[],"_links":{"self":[{"href":"https:\/\/eltrabajo.cl\/portal\/wp-json\/wp\/v2\/posts\/44093","targetHints":{"allow":["GET"]}}],"collection":[{"href":"https:\/\/eltrabajo.cl\/portal\/wp-json\/wp\/v2\/posts"}],"about":[{"href":"https:\/\/eltrabajo.cl\/portal\/wp-json\/wp\/v2\/types\/post"}],"author":[{"embeddable":true,"href":"https:\/\/eltrabajo.cl\/portal\/wp-json\/wp\/v2\/users\/482"}],"replies":[{"embeddable":true,"href":"https:\/\/eltrabajo.cl\/portal\/wp-json\/wp\/v2\/comments?post=44093"}],"version-history":[{"count":0,"href":"https:\/\/eltrabajo.cl\/portal\/wp-json\/wp\/v2\/posts\/44093\/revisions"}],"wp:featuredmedia":[{"embeddable":true,"href":"https:\/\/eltrabajo.cl\/portal\/wp-json\/wp\/v2\/media\/44094"}],"wp:attachment":[{"href":"https:\/\/eltrabajo.cl\/portal\/wp-json\/wp\/v2\/media?parent=44093"}],"wp:term":[{"taxonomy":"category","embeddable":true,"href":"https:\/\/eltrabajo.cl\/portal\/wp-json\/wp\/v2\/categories?post=44093"},{"taxonomy":"post_tag","embeddable":true,"href":"https:\/\/eltrabajo.cl\/portal\/wp-json\/wp\/v2\/tags?post=44093"}],"curies":[{"name":"wp","href":"https:\/\/api.w.org\/{rel}","templated":true}]}}