{"id":44098,"date":"2014-03-11T09:24:35","date_gmt":"2014-03-11T12:24:35","guid":{"rendered":"http:\/\/www.eltrabajo.cl\/portal\/?p=44098"},"modified":"2014-03-11T09:24:35","modified_gmt":"2014-03-11T12:24:35","slug":"patricia-boffa-en-exclusiva-a-diario-el-trabajo-me-voy-con-las-manos-limpias-y-con-ganas-de-seguir-trabajando","status":"publish","type":"post","link":"https:\/\/eltrabajo.cl\/portal\/patricia-boffa-en-exclusiva-a-diario-el-trabajo-me-voy-con-las-manos-limpias-y-con-ganas-de-seguir-trabajando\/","title":{"rendered":"Patricia Boffa en exclusiva a Diario El Trabajo: \u00abMe voy con las manos limpias y con ganas de seguir trabajando\u00bb"},"content":{"rendered":"<figure id=\"attachment_44099\" aria-describedby=\"caption-attachment-44099\" style=\"width: 529px\" class=\"wp-caption alignnone\"><a href=\"https:\/\/i0.wp.com\/www.eltrabajo.cl\/portal\/wp-content\/uploads\/2014\/03\/Gobernacion1.jpg\"><img data-recalc-dims=\"1\" loading=\"lazy\" decoding=\"async\" class=\"size-full wp-image-44099\" alt=\"LA DESPEDIDA.- Personal de Gobernaci\u00f3n posaron para las c\u00e1maras de Diario El Trabajo al lado de la hasta hoy Gobernadora Patricia Boffa.\" src=\"https:\/\/i0.wp.com\/www.eltrabajo.cl\/portal\/wp-content\/uploads\/2014\/03\/Gobernacion1.jpg?resize=529%2C325\" width=\"529\" height=\"325\" srcset=\"https:\/\/i0.wp.com\/eltrabajo.cl\/portal\/wp-content\/uploads\/2014\/03\/Gobernacion1.jpg?w=529&amp;ssl=1 529w, https:\/\/i0.wp.com\/eltrabajo.cl\/portal\/wp-content\/uploads\/2014\/03\/Gobernacion1.jpg?resize=200%2C122&amp;ssl=1 200w, https:\/\/i0.wp.com\/eltrabajo.cl\/portal\/wp-content\/uploads\/2014\/03\/Gobernacion1.jpg?resize=300%2C184&amp;ssl=1 300w, https:\/\/i0.wp.com\/eltrabajo.cl\/portal\/wp-content\/uploads\/2014\/03\/Gobernacion1.jpg?resize=150%2C92&amp;ssl=1 150w, https:\/\/i0.wp.com\/eltrabajo.cl\/portal\/wp-content\/uploads\/2014\/03\/Gobernacion1.jpg?resize=400%2C245&amp;ssl=1 400w\" sizes=\"auto, (max-width: 529px) 100vw, 529px\" \/><\/a><figcaption id=\"caption-attachment-44099\" class=\"wp-caption-text\">LA DESPEDIDA.- Personal de Gobernaci\u00f3n posaron para las c\u00e1maras de Diario El Trabajo al lado de la hasta hoy Gobernadora Patricia Boffa.<\/figcaption><\/figure>\n<ul>\n<li><strong style=\"font-size: 13px;\">Hoy al filo del mediod\u00eda la gobernadora provincial entrega su cargo. Patricia Boffa habla con Diario El Trabajo sobre sus logros, desaciertos y planes futuros a nivel personal y profesional.<\/strong><\/li>\n<\/ul>\n<p>El viernes 6 de noviembre de 1970, naci\u00f3 la hasta hoy Gobernadora Provincial de San Felipe, Patricia Ivonne Boffa Casas. Nacida en el Hospital Luis Fajardo Guerrero (actual Consultorio Cajales). Hija del aduanero Juan Carlos Boffa y la secretaria profesional Vivian Casas; esposa del Consejero Regional Iv\u00e1n Reyes; madre de Esteban, Mar\u00eda Jos\u00e9, P\u00eda, y abuela de Facundo.<\/p>\n<p>Hoy martes a las 11:00 horas en la Plaza C\u00edvica, Boffa entregar\u00e1 oficialmente su cargo a un nuevo personero gubernamental (posiblemente Eduardo Le\u00f3n). Bien sea porque Boffa Casas brillara o no con su carisma y luz propia durante su periodo como primera autoridad de Gobernaci\u00f3n, lo cierto del caso es que es una mujer abierta al escrutinio p\u00fablico; accesible para las personas a quien gobern\u00f3 desde el lunes 20 de junio de 2011 y quien hoy hace un recuento de su gesti\u00f3n p\u00fablica en Diario El Trabajo.<\/p>\n<p><strong>SUS INICIOS<\/strong><\/p>\n<p>Curs\u00f3 sus estudios de B\u00e1sica en la Escuela JFK de San Felipe y de Media en los liceos Alonso De Ercilla; Corina Urbina y el Roberto Humeres hasta 1989. Viaj\u00f3 para estudiar a Antofagasta en 1990, ah\u00ed curs\u00f3 sus estudios en la Escuela de Secretarias Gregg, se radica durante un a\u00f1o en Paraguay y regresa a Chile para incorporarse el 17 de marzo de 1992 a las \u00f3rdenes del ex-alcalde Jaime Amar en calidad de Asistente personal, cargo que desempe\u00f1\u00f3 hasta diciembre de 2008.<\/p>\n<p>Luego de esa fecha, Patricia Boffa labor\u00f3 en la Daem de Panquehue, donde trabaj\u00f3 por un a\u00f1o al lado del Alcalde Luis Pradenas, posteriormente y tras llegar a la Presidencia Sebasti\u00e1n Pi\u00f1era, el nombre de Patricia Boffa es postulado al presidente por la Senadora Lily P\u00e9rez, llegando as\u00ed a convertirse en la primera gobernadora sanfelipe\u00f1a de la historia de San Felipe.<\/p>\n<p><strong>LA ENTREVISTA<\/strong><\/p>\n<p>Hoy compartimos con nuestros lectores una entrevista realizada a Patricia Boffa, ocasi\u00f3n que ella respondi\u00f3 a nuestras preguntas con serenidad y muy satisfecha con su gesti\u00f3n y la de su equipo de trabajo.<\/p>\n<p><strong>&#8211; \u00bfDesde cu\u00e1ndo est\u00e1 usted en el mundo de la pol\u00edtica?<\/strong><\/p>\n<p>&#8211; \u00abYo estoy en la pol\u00edtica desde 1988, cuado empec\u00e9 a militar para la UDI, ah\u00ed me mantuve hasta 1992, luego me incorpor\u00e9 a RN, cambio en mi carrera pol\u00edtica impulsado de alguna manera por el entonces Senador Sergio Romero\u00bb.<\/p>\n<p><strong>&#8211; \u00bfC\u00f3mo y de qui\u00e9n aprendes a desempe\u00f1arte en la funci\u00f3n p\u00fablica?<\/strong><\/p>\n<p>&#8211; \u00abDebo validar que toda mi experiencia y aprendizaje de los que ech\u00e9 mano durante mi gesti\u00f3n p\u00fablica, los adquir\u00ed del ex-alcalde Jaime Amar, trabajando a su lado aprend\u00ed a trabajar en equipo; a darle prioridad a aquello que lo ameritaba; a ver oportunidades para crecer, m\u00e1s que ver problemas, siempre he estado con los mejores para aprender\u00bb.<\/p>\n<p><strong>&#8211; \u00bfCu\u00e1l consideras que fue su mejor acierto como gobernadora?<\/strong><\/p>\n<p>&#8211; \u00abEl mejor acierto a mi criterio logrado en mi gesti\u00f3n como gobernadora, fue el haber gestionado el proyecto de agua potable para el sector Tres Esquinas, ese era un problema de larga data para esos vecinos y gracias a mi equipo de trabajo pudimos hacerlo realidad\u00bb.<\/p>\n<p><strong>&#8211; \u00bfCu\u00e1l crees que fue su mayor error como autoridad provincial?<\/strong><\/p>\n<p>&#8211; \u00abNo puedo negar que como ser humano que soy, no siempre di en el blanco, mi error m\u00e1s notorio, a mi criterio y el de mi equipo, fue el no haber salido a coordinar ni valorar la situaci\u00f3n en 2012, cuando se present\u00f3 el temporal ese a\u00f1o, deb\u00ed salir inmediatamente y lo cierto es que no lo hice, luego atend\u00ed la situaci\u00f3n, pero creo que pude hacerlo mejor y fall\u00e9 en ese punto\u00bb.<\/p>\n<p><strong>&#8211; \u00bfHubo casos en los que se involucr\u00f3 usted emocionalmente con las personas?<\/strong><\/p>\n<p>&#8211; \u00abLos casos emocionalmente significativos fueron muchos. Recuerdo las veces en que gestionamos pensiones de Gracia; viviendas para ancianos; apoyo a los adictos y personas en condici\u00f3n de calle, el que menos olvido, es el caso del ni\u00f1o Francisco Guajardo, a quien logramos aportarle un \u2018Bot\u00f3n g\u00e1strico\u2019, un dispositivo que a la larga, le salv\u00f3 la vida en Villa El Canelo, no logro hacer un recuento exacto de los casos en que ayudamos a personas de nuestra provincia\u00bb.<\/p>\n<p><strong>&#8211; \u00bfQu\u00e9 planea hacer ahora que deja usted su cargo en Gobernaci\u00f3n?<\/strong><\/p>\n<p>&#8211; \u00abLo primero que har\u00e9 es descansar unos d\u00edas; seguir disfrutando a mis regalones hijos; ya estoy gestionando mis documentos para proseguir con mis estudios universitarios en la carrera de Asistente Social y pienso tambi\u00e9n apoyar a mi esposo en sus funciones como Consejero Regional\u00bb.<\/p>\n<p><strong>&#8211; Se especula por ah\u00ed que usted podr\u00eda postularse como alcaldesa, \u00bfes eso cierto?<\/strong><\/p>\n<p>&#8211; \u00abNo tengo definido hacerlo, es muy temprano hablar de ello, pero lo que s\u00ed puedo anunciar es que mi nombre est\u00e1 disponible para lo que la Coalici\u00f3n por el cambio quiera plantear, si me llaman y me lo proponen, posiblemente que acepte postularme para ese cargo\u00bb.<\/p>\n<p><strong>&#8211; \u00bfA qui\u00e9nes agradece al marcharse?<\/strong><\/p>\n<p>&#8211; \u00abMe voy con el coraz\u00f3n contento; agradecida con Dios; con el Presidente Sebasti\u00e1n Pi\u00f1era y la Senadora Lily P\u00e9rez; con las personas que hicieron posible hacer mi trabajo y con aquellas que me permitieron ser parte de sus vidas y ayudarles en la medida que me fue posible, me voy con mis manos limpias y con muchas ganas de seguir aportando a mi provincia\u00bb.<\/p>\n<p>Roberto Gonz\u00e1lez Short<\/p>\n<p>rgonzalez@eltrabajo.cl<\/p>\n<div class=\"tiled-gallery type-rectangular tiled-gallery-unresized\" data-original-width=\"640\" data-carousel-extra='null' itemscope itemtype=\"http:\/\/schema.org\/ImageGallery\" > <div class=\"gallery-row\" style=\"width: 640px; height: 154px;\" data-original-width=\"640\" data-original-height=\"154\" > <div class=\"gallery-group images-1\" style=\"width: 201px; height: 154px;\" data-original-width=\"201\" data-original-height=\"154\" > <div class=\"tiled-gallery-item tiled-gallery-item-small\" itemprop=\"associatedMedia\" itemscope itemtype=\"http:\/\/schema.org\/ImageObject\"> <a href=\"https:\/\/eltrabajo.cl\/portal\/patricia-boffa-en-exclusiva-a-diario-el-trabajo-me-voy-con-las-manos-limpias-y-con-ganas-de-seguir-trabajando\/boton1-2\/\" border=\"0\" itemprop=\"url\"> <meta itemprop=\"width\" content=\"197\"> <meta itemprop=\"height\" content=\"150\"> <img decoding=\"async\" class=\"\" data-attachment-id=\"44100\" data-orig-file=\"https:\/\/eltrabajo.cl\/portal\/wp-content\/uploads\/2014\/03\/Boton1.jpg\" data-orig-size=\"529,401\" data-comments-opened=\"1\" data-image-meta=\"{&quot;aperture&quot;:&quot;2.8&quot;,&quot;credit&quot;:&quot;&quot;,&quot;camera&quot;:&quot;Canon PowerShot SX20 IS&quot;,&quot;caption&quot;:&quot;&quot;,&quot;created_timestamp&quot;:&quot;1334574325&quot;,&quot;copyright&quot;:&quot;&quot;,&quot;focal_length&quot;:&quot;5&quot;,&quot;iso&quot;:&quot;640&quot;,&quot;shutter_speed&quot;:&quot;0.066666666666667&quot;,&quot;title&quot;:&quot;&quot;}\" data-image-title=\"Boton1\" data-image-description=\"&lt;p&gt;EN TERRENO.- En su momento, con este \u2018Bot\u00f3n G\u00e1strico\u2019, el peque\u00f1o Francisco Guajardo pudo alimentarse por un a\u00f1o, la Gobernadora Patricia Boffa hizo la entrega del dispositivo de salud que ayud\u00f3 un poco el ya desesperante estado emocional de la familia del ni\u00f1o.&lt;\/p&gt; \" data-medium-file=\"https:\/\/i0.wp.com\/eltrabajo.cl\/portal\/wp-content\/uploads\/2014\/03\/Boton1.jpg?fit=300%2C227&#038;ssl=1\" data-large-file=\"https:\/\/i0.wp.com\/eltrabajo.cl\/portal\/wp-content\/uploads\/2014\/03\/Boton1.jpg?fit=529%2C401&#038;ssl=1\" src=\"https:\/\/i0.wp.com\/eltrabajo.cl\/portal\/wp-content\/uploads\/2014\/03\/Boton1.jpg?w=197&#038;h=150&#038;ssl=1\" srcset=\"https:\/\/i0.wp.com\/eltrabajo.cl\/portal\/wp-content\/uploads\/2014\/03\/Boton1.jpg?w=529&amp;ssl=1 529w, https:\/\/i0.wp.com\/eltrabajo.cl\/portal\/wp-content\/uploads\/2014\/03\/Boton1.jpg?resize=197%2C150&amp;ssl=1 197w, https:\/\/i0.wp.com\/eltrabajo.cl\/portal\/wp-content\/uploads\/2014\/03\/Boton1.jpg?resize=300%2C227&amp;ssl=1 300w, https:\/\/i0.wp.com\/eltrabajo.cl\/portal\/wp-content\/uploads\/2014\/03\/Boton1.jpg?resize=150%2C113&amp;ssl=1 150w, https:\/\/i0.wp.com\/eltrabajo.cl\/portal\/wp-content\/uploads\/2014\/03\/Boton1.jpg?resize=400%2C303&amp;ssl=1 400w\" width=\"197\" height=\"150\" loading=\"lazy\" data-original-width=\"197\" data-original-height=\"150\" itemprop=\"http:\/\/schema.org\/image\" title=\"Boton1\" alt=\"EN TERRENO.- En su momento, con este \u2018Bot\u00f3n G\u00e1strico\u2019, el peque\u00f1o Francisco Guajardo pudo alimentarse por un a\u00f1o, la Gobernadora Patricia Boffa hizo la entrega del dispositivo de salud que ayud\u00f3 un poco el ya desesperante estado emocional de la familia del ni\u00f1o.\" style=\"width: 197px; height: 150px;\" \/> <\/a> <div class=\"tiled-gallery-caption\" itemprop=\"caption description\"> EN TERRENO.- En su momento, con este \u2018Bot\u00f3n G\u00e1strico\u2019, el peque\u00f1o Francisco Guajardo pudo alimentarse por un a\u00f1o, la Gobernadora Patricia Boffa hizo la entrega del dispositivo de salud que ayud\u00f3 un poco el ya desesperante estado emocional de la familia del ni\u00f1o. <\/div> <\/div> <\/div> <!-- close group --> <div class=\"gallery-group images-1\" style=\"width: 194px; height: 154px;\" data-original-width=\"194\" data-original-height=\"154\" > <div class=\"tiled-gallery-item tiled-gallery-item-small\" itemprop=\"associatedMedia\" itemscope itemtype=\"http:\/\/schema.org\/ImageObject\"> <a href=\"https:\/\/eltrabajo.cl\/portal\/patricia-boffa-en-exclusiva-a-diario-el-trabajo-me-voy-con-las-manos-limpias-y-con-ganas-de-seguir-trabajando\/familiar1-4\/\" border=\"0\" itemprop=\"url\"> <meta itemprop=\"width\" content=\"190\"> <meta itemprop=\"height\" content=\"150\"> <img decoding=\"async\" class=\"\" data-attachment-id=\"44101\" data-orig-file=\"https:\/\/eltrabajo.cl\/portal\/wp-content\/uploads\/2014\/03\/Familiar1.jpg\" data-orig-size=\"529,417\" data-comments-opened=\"1\" data-image-meta=\"{&quot;aperture&quot;:&quot;0&quot;,&quot;credit&quot;:&quot;&quot;,&quot;camera&quot;:&quot;&quot;,&quot;caption&quot;:&quot;&quot;,&quot;created_timestamp&quot;:&quot;0&quot;,&quot;copyright&quot;:&quot;&quot;,&quot;focal_length&quot;:&quot;0&quot;,&quot;iso&quot;:&quot;0&quot;,&quot;shutter_speed&quot;:&quot;0&quot;,&quot;title&quot;:&quot;&quot;}\" data-image-title=\"Familiar1\" data-image-description=\"&lt;p&gt;SU FAMILIA.- En esta gr\u00e1fica familiar aparece Patricia Boffa con su esposo, el Consejero Regional Iv\u00e1n Reyes; sus hijos Esteban, Mar\u00eda Jos\u00e9 y P\u00eda.&lt;\/p&gt; \" data-medium-file=\"https:\/\/i0.wp.com\/eltrabajo.cl\/portal\/wp-content\/uploads\/2014\/03\/Familiar1.jpg?fit=300%2C236&#038;ssl=1\" data-large-file=\"https:\/\/i0.wp.com\/eltrabajo.cl\/portal\/wp-content\/uploads\/2014\/03\/Familiar1.jpg?fit=529%2C417&#038;ssl=1\" src=\"https:\/\/i0.wp.com\/eltrabajo.cl\/portal\/wp-content\/uploads\/2014\/03\/Familiar1.jpg?w=190&#038;h=150&#038;ssl=1\" srcset=\"https:\/\/i0.wp.com\/eltrabajo.cl\/portal\/wp-content\/uploads\/2014\/03\/Familiar1.jpg?w=529&amp;ssl=1 529w, https:\/\/i0.wp.com\/eltrabajo.cl\/portal\/wp-content\/uploads\/2014\/03\/Familiar1.jpg?resize=190%2C150&amp;ssl=1 190w, https:\/\/i0.wp.com\/eltrabajo.cl\/portal\/wp-content\/uploads\/2014\/03\/Familiar1.jpg?resize=300%2C236&amp;ssl=1 300w, https:\/\/i0.wp.com\/eltrabajo.cl\/portal\/wp-content\/uploads\/2014\/03\/Familiar1.jpg?resize=150%2C118&amp;ssl=1 150w, https:\/\/i0.wp.com\/eltrabajo.cl\/portal\/wp-content\/uploads\/2014\/03\/Familiar1.jpg?resize=400%2C315&amp;ssl=1 400w\" width=\"190\" height=\"150\" loading=\"lazy\" data-original-width=\"190\" data-original-height=\"150\" itemprop=\"http:\/\/schema.org\/image\" title=\"Familiar1\" alt=\"SU FAMILIA.- En esta gr\u00e1fica familiar aparece Patricia Boffa con su esposo, el Consejero Regional Iv\u00e1n Reyes; sus hijos Esteban, Mar\u00eda Jos\u00e9 y P\u00eda.\" style=\"width: 190px; height: 150px;\" \/> <\/a> <div class=\"tiled-gallery-caption\" itemprop=\"caption description\"> SU FAMILIA.- En esta gr\u00e1fica familiar aparece Patricia Boffa con su esposo, el Consejero Regional Iv\u00e1n Reyes; sus hijos Esteban, Mar\u00eda Jos\u00e9 y P\u00eda. <\/div> <\/div> <\/div> <!-- close group --> <div class=\"gallery-group images-1\" style=\"width: 117px; height: 154px;\" data-original-width=\"117\" data-original-height=\"154\" > <div class=\"tiled-gallery-item tiled-gallery-item-small\" itemprop=\"associatedMedia\" itemscope itemtype=\"http:\/\/schema.org\/ImageObject\"> <a href=\"https:\/\/eltrabajo.cl\/portal\/patricia-boffa-en-exclusiva-a-diario-el-trabajo-me-voy-con-las-manos-limpias-y-con-ganas-de-seguir-trabajando\/patricia-nina\/\" border=\"0\" itemprop=\"url\"> <meta itemprop=\"width\" content=\"113\"> <meta itemprop=\"height\" content=\"150\"> <img decoding=\"async\" class=\"\" data-attachment-id=\"44102\" data-orig-file=\"https:\/\/eltrabajo.cl\/portal\/wp-content\/uploads\/2014\/03\/Patricia-Nina.jpg\" data-orig-size=\"529,701\" data-comments-opened=\"1\" data-image-meta=\"{&quot;aperture&quot;:&quot;0&quot;,&quot;credit&quot;:&quot;&quot;,&quot;camera&quot;:&quot;&quot;,&quot;caption&quot;:&quot;&quot;,&quot;created_timestamp&quot;:&quot;0&quot;,&quot;copyright&quot;:&quot;&quot;,&quot;focal_length&quot;:&quot;0&quot;,&quot;iso&quot;:&quot;0&quot;,&quot;shutter_speed&quot;:&quot;0&quot;,&quot;title&quot;:&quot;&quot;}\" data-image-title=\"Patricia Nina\" data-image-description=\"&lt;p&gt;MUY REGALONA.- Esta regalona chiquilla es Patricia Boffa a sus nueve a\u00f1os, esa peque\u00f1ita nunca se imagin\u00f3 que alg\u00fan d\u00eda se convertir\u00eda en una figura p\u00fablica en su pa\u00eds.&lt;\/p&gt; \" data-medium-file=\"https:\/\/i0.wp.com\/eltrabajo.cl\/portal\/wp-content\/uploads\/2014\/03\/Patricia-Nina.jpg?fit=226%2C300&#038;ssl=1\" data-large-file=\"https:\/\/i0.wp.com\/eltrabajo.cl\/portal\/wp-content\/uploads\/2014\/03\/Patricia-Nina.jpg?fit=529%2C701&#038;ssl=1\" src=\"https:\/\/i0.wp.com\/eltrabajo.cl\/portal\/wp-content\/uploads\/2014\/03\/Patricia-Nina.jpg?w=113&#038;h=150&#038;ssl=1\" srcset=\"https:\/\/i0.wp.com\/eltrabajo.cl\/portal\/wp-content\/uploads\/2014\/03\/Patricia-Nina.jpg?w=529&amp;ssl=1 529w, https:\/\/i0.wp.com\/eltrabajo.cl\/portal\/wp-content\/uploads\/2014\/03\/Patricia-Nina.jpg?resize=113%2C150&amp;ssl=1 113w, https:\/\/i0.wp.com\/eltrabajo.cl\/portal\/wp-content\/uploads\/2014\/03\/Patricia-Nina.jpg?resize=226%2C300&amp;ssl=1 226w, https:\/\/i0.wp.com\/eltrabajo.cl\/portal\/wp-content\/uploads\/2014\/03\/Patricia-Nina.jpg?resize=400%2C530&amp;ssl=1 400w\" width=\"113\" height=\"150\" loading=\"lazy\" data-original-width=\"113\" data-original-height=\"150\" itemprop=\"http:\/\/schema.org\/image\" title=\"Patricia Nina\" alt=\"MUY REGALONA.- Esta regalona chiquilla es Patricia Boffa a sus nueve a\u00f1os, esa peque\u00f1ita nunca se imagin\u00f3 que alg\u00fan d\u00eda se convertir\u00eda en una figura p\u00fablica en su pa\u00eds.\" style=\"width: 113px; height: 150px;\" \/> <\/a> <div class=\"tiled-gallery-caption\" itemprop=\"caption description\"> MUY REGALONA.- Esta regalona chiquilla es Patricia Boffa a sus nueve a\u00f1os, esa peque\u00f1ita nunca se imagin\u00f3 que alg\u00fan d\u00eda se convertir\u00eda en una figura p\u00fablica en su pa\u00eds. <\/div> <\/div> <\/div> <!-- close group --> <div class=\"gallery-group images-1\" style=\"width: 128px; height: 154px;\" data-original-width=\"128\" data-original-height=\"154\" > <div class=\"tiled-gallery-item tiled-gallery-item-small\" itemprop=\"associatedMedia\" itemscope itemtype=\"http:\/\/schema.org\/ImageObject\"> <a href=\"https:\/\/eltrabajo.cl\/portal\/patricia-boffa-en-exclusiva-a-diario-el-trabajo-me-voy-con-las-manos-limpias-y-con-ganas-de-seguir-trabajando\/presidencial1-2\/\" border=\"0\" itemprop=\"url\"> <meta itemprop=\"width\" content=\"124\"> <meta itemprop=\"height\" content=\"150\"> <img decoding=\"async\" class=\"\" data-attachment-id=\"44103\" data-orig-file=\"https:\/\/eltrabajo.cl\/portal\/wp-content\/uploads\/2014\/03\/Presidencial1.jpg\" data-orig-size=\"529,638\" data-comments-opened=\"1\" data-image-meta=\"{&quot;aperture&quot;:&quot;22&quot;,&quot;credit&quot;:&quot;Gobernacion San Felipe&quot;,&quot;camera&quot;:&quot;Canon EOS REBEL T3i&quot;,&quot;caption&quot;:&quot;&quot;,&quot;created_timestamp&quot;:&quot;1385739544&quot;,&quot;copyright&quot;:&quot;&quot;,&quot;focal_length&quot;:&quot;25&quot;,&quot;iso&quot;:&quot;800&quot;,&quot;shutter_speed&quot;:&quot;0.005&quot;,&quot;title&quot;:&quot;&quot;}\" data-image-title=\"Presidencial1\" data-image-description=\"&lt;p&gt;PRESIDENCIAL.- El tambi\u00e9n hasta hoy presidente Sebasti\u00e1n Pi\u00f1era, deposit\u00f3 su confianza en Patricia Boffa, quien tambi\u00e9n hoy deja su cargo como gobernadora provincial.&lt;\/p&gt; \" data-medium-file=\"https:\/\/i0.wp.com\/eltrabajo.cl\/portal\/wp-content\/uploads\/2014\/03\/Presidencial1.jpg?fit=248%2C300&#038;ssl=1\" data-large-file=\"https:\/\/i0.wp.com\/eltrabajo.cl\/portal\/wp-content\/uploads\/2014\/03\/Presidencial1.jpg?fit=529%2C638&#038;ssl=1\" src=\"https:\/\/i0.wp.com\/eltrabajo.cl\/portal\/wp-content\/uploads\/2014\/03\/Presidencial1.jpg?w=124&#038;h=150&#038;ssl=1\" srcset=\"https:\/\/i0.wp.com\/eltrabajo.cl\/portal\/wp-content\/uploads\/2014\/03\/Presidencial1.jpg?w=529&amp;ssl=1 529w, https:\/\/i0.wp.com\/eltrabajo.cl\/portal\/wp-content\/uploads\/2014\/03\/Presidencial1.jpg?resize=124%2C150&amp;ssl=1 124w, https:\/\/i0.wp.com\/eltrabajo.cl\/portal\/wp-content\/uploads\/2014\/03\/Presidencial1.jpg?resize=248%2C300&amp;ssl=1 248w, https:\/\/i0.wp.com\/eltrabajo.cl\/portal\/wp-content\/uploads\/2014\/03\/Presidencial1.jpg?resize=400%2C482&amp;ssl=1 400w\" width=\"124\" height=\"150\" loading=\"lazy\" data-original-width=\"124\" data-original-height=\"150\" itemprop=\"http:\/\/schema.org\/image\" title=\"Presidencial1\" alt=\"PRESIDENCIAL.- El tambi\u00e9n hasta hoy presidente Sebasti\u00e1n Pi\u00f1era, deposit\u00f3 su confianza en Patricia Boffa, quien tambi\u00e9n hoy deja su cargo como gobernadora provincial.\" style=\"width: 124px; height: 150px;\" \/> <\/a> <div class=\"tiled-gallery-caption\" itemprop=\"caption description\"> PRESIDENCIAL.- El tambi\u00e9n hasta hoy presidente Sebasti\u00e1n Pi\u00f1era, deposit\u00f3 su confianza en Patricia Boffa, quien tambi\u00e9n hoy deja su cargo como gobernadora provincial. <\/div> <\/div> <\/div> <!-- close group --> <\/div> <!-- close row --> <\/div>\n<p>&nbsp;<\/p>\n","protected":false},"excerpt":{"rendered":"<p>Hoy al filo del mediod\u00eda la gobernadora provincial entrega su cargo. Patricia Boffa habla con Diario El Trabajo sobre sus logros, desaciertos y planes futuros a nivel personal y profesional. El viernes&#8230;<\/p>\n","protected":false},"author":482,"featured_media":44099,"comment_status":"open","ping_status":"closed","sticky":false,"template":"","format":"standard","meta":{"advanced_seo_description":"","jetpack_seo_html_title":"","jetpack_seo_noindex":false,"_jetpack_memberships_contains_paid_content":false,"footnotes":""},"categories":[15],"tags":[],"class_list":["post-44098","post","type-post","status-publish","format-standard","has-post-thumbnail","hentry","category-comunidad"],"jetpack_featured_media_url":"https:\/\/i0.wp.com\/eltrabajo.cl\/portal\/wp-content\/uploads\/2014\/03\/Gobernacion1.jpg?fit=529%2C325&ssl=1","jetpack_sharing_enabled":true,"jetpack_likes_enabled":true,"jetpack-related-posts":[],"_links":{"self":[{"href":"https:\/\/eltrabajo.cl\/portal\/wp-json\/wp\/v2\/posts\/44098","targetHints":{"allow":["GET"]}}],"collection":[{"href":"https:\/\/eltrabajo.cl\/portal\/wp-json\/wp\/v2\/posts"}],"about":[{"href":"https:\/\/eltrabajo.cl\/portal\/wp-json\/wp\/v2\/types\/post"}],"author":[{"embeddable":true,"href":"https:\/\/eltrabajo.cl\/portal\/wp-json\/wp\/v2\/users\/482"}],"replies":[{"embeddable":true,"href":"https:\/\/eltrabajo.cl\/portal\/wp-json\/wp\/v2\/comments?post=44098"}],"version-history":[{"count":0,"href":"https:\/\/eltrabajo.cl\/portal\/wp-json\/wp\/v2\/posts\/44098\/revisions"}],"wp:featuredmedia":[{"embeddable":true,"href":"https:\/\/eltrabajo.cl\/portal\/wp-json\/wp\/v2\/media\/44099"}],"wp:attachment":[{"href":"https:\/\/eltrabajo.cl\/portal\/wp-json\/wp\/v2\/media?parent=44098"}],"wp:term":[{"taxonomy":"category","embeddable":true,"href":"https:\/\/eltrabajo.cl\/portal\/wp-json\/wp\/v2\/categories?post=44098"},{"taxonomy":"post_tag","embeddable":true,"href":"https:\/\/eltrabajo.cl\/portal\/wp-json\/wp\/v2\/tags?post=44098"}],"curies":[{"name":"wp","href":"https:\/\/api.w.org\/{rel}","templated":true}]}}