{"id":44106,"date":"2014-03-11T09:27:09","date_gmt":"2014-03-11T12:27:09","guid":{"rendered":"http:\/\/www.eltrabajo.cl\/portal\/?p=44106"},"modified":"2014-03-11T09:27:09","modified_gmt":"2014-03-11T12:27:09","slug":"opd-san-felipe-llama-a-padres-a-cumplir-el-derecho-a-la-educacion-de-sus-hijos","status":"publish","type":"post","link":"https:\/\/eltrabajo.cl\/portal\/opd-san-felipe-llama-a-padres-a-cumplir-el-derecho-a-la-educacion-de-sus-hijos\/","title":{"rendered":"OPD San Felipe llama a padres a cumplir el Derecho a la educaci\u00f3n de sus hijos"},"content":{"rendered":"<figure id=\"attachment_44107\" aria-describedby=\"caption-attachment-44107\" style=\"width: 529px\" class=\"wp-caption alignnone\"><a href=\"https:\/\/i0.wp.com\/www.eltrabajo.cl\/portal\/wp-content\/uploads\/2014\/03\/Escolares1.jpg\"><img data-recalc-dims=\"1\" loading=\"lazy\" decoding=\"async\" class=\"size-full wp-image-44107\" alt=\"Entendiendo que la educaci\u00f3n no solo es tarea de la Escuela, la OPD San Felipe llam\u00f3 a los padres a asumir su responsabilidad en el proceso formativo de sus hijos e hijas.\" src=\"https:\/\/i0.wp.com\/www.eltrabajo.cl\/portal\/wp-content\/uploads\/2014\/03\/Escolares1.jpg?resize=529%2C358\" width=\"529\" height=\"358\" srcset=\"https:\/\/i0.wp.com\/eltrabajo.cl\/portal\/wp-content\/uploads\/2014\/03\/Escolares1.jpg?w=529&amp;ssl=1 529w, https:\/\/i0.wp.com\/eltrabajo.cl\/portal\/wp-content\/uploads\/2014\/03\/Escolares1.jpg?resize=200%2C135&amp;ssl=1 200w, https:\/\/i0.wp.com\/eltrabajo.cl\/portal\/wp-content\/uploads\/2014\/03\/Escolares1.jpg?resize=300%2C203&amp;ssl=1 300w, https:\/\/i0.wp.com\/eltrabajo.cl\/portal\/wp-content\/uploads\/2014\/03\/Escolares1.jpg?resize=150%2C101&amp;ssl=1 150w, https:\/\/i0.wp.com\/eltrabajo.cl\/portal\/wp-content\/uploads\/2014\/03\/Escolares1.jpg?resize=400%2C270&amp;ssl=1 400w\" sizes=\"auto, (max-width: 529px) 100vw, 529px\" \/><\/a><figcaption id=\"caption-attachment-44107\" class=\"wp-caption-text\">Entendiendo que la educaci\u00f3n no solo es tarea de la Escuela, la OPD San Felipe llam\u00f3 a los padres a asumir su responsabilidad en el proceso formativo de sus hijos e hijas.<\/figcaption><\/figure>\n<p>Un llamado a los pap\u00e1s, mam\u00e1s, apoderados y adultos responsables de los ni\u00f1os y adolescentes de la comuna, formul\u00f3 la OPD San Felipe para que cumplan fielmente el derecho que tienen sus hijos a recibir educaci\u00f3n, pero adem\u00e1s a respaldar y velar porque la ense\u00f1anza de \u00e9stos se realice de la mejor manera posible. Lo anterior respondiendo al Derecho a la educaci\u00f3n que establece la Convenci\u00f3n de Derechos de la Infancia y la Adolescencia, que hace ya m\u00e1s de dos d\u00e9cadas ratific\u00f3 el Estado de Chile y que en definitiva, garantiza que los ni\u00f1os y adolescentes puedan estudiar.<\/p>\n<p>&nbsp;<\/p>\n<figure id=\"attachment_44108\" aria-describedby=\"caption-attachment-44108\" style=\"width: 338px\" class=\"wp-caption alignright\"><a href=\"https:\/\/i0.wp.com\/www.eltrabajo.cl\/portal\/wp-content\/uploads\/2014\/03\/Afiche1.jpg\"><img data-recalc-dims=\"1\" loading=\"lazy\" decoding=\"async\" class=\" wp-image-44108  \" alt=\"Manuela, de 14 a\u00f1os, con su dibujo nos se\u00f1ala la importancia que tiene la educaci\u00f3n para los ni\u00f1os, adolescentes y para la sociedad en general, porque \u00abes la vacuna contra la violencia y la ignorancia\u00bb.\" src=\"https:\/\/i0.wp.com\/www.eltrabajo.cl\/portal\/wp-content\/uploads\/2014\/03\/Afiche1.jpg?resize=338%2C494\" width=\"338\" height=\"494\" srcset=\"https:\/\/i0.wp.com\/eltrabajo.cl\/portal\/wp-content\/uploads\/2014\/03\/Afiche1.jpg?w=529&amp;ssl=1 529w, https:\/\/i0.wp.com\/eltrabajo.cl\/portal\/wp-content\/uploads\/2014\/03\/Afiche1.jpg?resize=102%2C150&amp;ssl=1 102w, https:\/\/i0.wp.com\/eltrabajo.cl\/portal\/wp-content\/uploads\/2014\/03\/Afiche1.jpg?resize=205%2C300&amp;ssl=1 205w\" sizes=\"auto, (max-width: 338px) 100vw, 338px\" \/><\/a><figcaption id=\"caption-attachment-44108\" class=\"wp-caption-text\">Manuela, de 14 a\u00f1os, con su dibujo nos se\u00f1ala la importancia que tiene la educaci\u00f3n para los ni\u00f1os, adolescentes y para la sociedad en general, porque \u00abes la vacuna contra la violencia y la ignorancia\u00bb.<\/figcaption><\/figure>\n<p>La Asistente Social del \u00c1rea de Gesti\u00f3n Comunitaria de la OPD San Felipe, Paula Castro, se refiri\u00f3 al rol que desempe\u00f1an los padres en la educaci\u00f3n de sus hijos e hijas, entendiendo que esta labor no s\u00f3lo se limita al colegio.<\/p>\n<p>\u201cResulta fundamental que los padres fortalezcan el acompa\u00f1amiento permanente de sus hijos e hijas, esto significa que la escuela colabora de manera importante, pero la educaci\u00f3n tiene que generarse a partir de la familia, independientemente del tipo de familia\u201d, manifest\u00f3 la profesional. A juicio de Castro, es de enorme relevancia estar presente, reforzar y contribuir al proceso formativo de los ni\u00f1os, no s\u00f3lo desde el punto de vista acad\u00e9mico, sino tambi\u00e9n desde el punto de vista de sus habilidades sociales.<\/p>\n<p>\u201cMuchas veces nos encontramos con las dificultades desde los colegios, en cuanto a interacciones conflictivas, pero somos los adultos responsables de los ni\u00f1os, quienes debemos entregarles todas las habilidades para desarrollarse en sociedad, para poder compartir y entregar los valores que inciden en una buena educaci\u00f3n, un buen clima de convivencia que se genere no s\u00f3lo dentro de la sala de clases, sino tambi\u00e9n en la familia\u201d, explic\u00f3 Paula Castro.<\/p>\n<p>En definitiva, el mensaje de la OPD pasa por llamar la atenci\u00f3n de los pap\u00e1s y mam\u00e1s, en cuanto a que ellos no s\u00f3lo son los responsables de enviar a sus hijos al colegio, sino tambi\u00e9n de participar en su proceso educativo, entendiendo adem\u00e1s que el Estado, tiene la obligaci\u00f3n de poner a su disposici\u00f3n, establecimientos estudiantiles para que los ni\u00f1os puedan, efectivamente, ejercer su derecho.<\/p>\n<p>&nbsp;<\/p>\n","protected":false},"excerpt":{"rendered":"<p>Un llamado a los pap\u00e1s, mam\u00e1s, apoderados y adultos responsables de los ni\u00f1os y adolescentes de la comuna, formul\u00f3 la OPD San Felipe para que cumplan fielmente el derecho que tienen sus&#8230;<\/p>\n","protected":false},"author":482,"featured_media":44107,"comment_status":"open","ping_status":"closed","sticky":false,"template":"","format":"standard","meta":{"advanced_seo_description":"","jetpack_seo_html_title":"","jetpack_seo_noindex":false,"_jetpack_memberships_contains_paid_content":false,"footnotes":""},"categories":[1],"tags":[],"class_list":["post-44106","post","type-post","status-publish","format-standard","has-post-thumbnail","hentry","category-cronica"],"jetpack_featured_media_url":"https:\/\/i0.wp.com\/eltrabajo.cl\/portal\/wp-content\/uploads\/2014\/03\/Escolares1.jpg?fit=529%2C358&ssl=1","jetpack_sharing_enabled":true,"jetpack_likes_enabled":true,"jetpack-related-posts":[],"_links":{"self":[{"href":"https:\/\/eltrabajo.cl\/portal\/wp-json\/wp\/v2\/posts\/44106","targetHints":{"allow":["GET"]}}],"collection":[{"href":"https:\/\/eltrabajo.cl\/portal\/wp-json\/wp\/v2\/posts"}],"about":[{"href":"https:\/\/eltrabajo.cl\/portal\/wp-json\/wp\/v2\/types\/post"}],"author":[{"embeddable":true,"href":"https:\/\/eltrabajo.cl\/portal\/wp-json\/wp\/v2\/users\/482"}],"replies":[{"embeddable":true,"href":"https:\/\/eltrabajo.cl\/portal\/wp-json\/wp\/v2\/comments?post=44106"}],"version-history":[{"count":0,"href":"https:\/\/eltrabajo.cl\/portal\/wp-json\/wp\/v2\/posts\/44106\/revisions"}],"wp:featuredmedia":[{"embeddable":true,"href":"https:\/\/eltrabajo.cl\/portal\/wp-json\/wp\/v2\/media\/44107"}],"wp:attachment":[{"href":"https:\/\/eltrabajo.cl\/portal\/wp-json\/wp\/v2\/media?parent=44106"}],"wp:term":[{"taxonomy":"category","embeddable":true,"href":"https:\/\/eltrabajo.cl\/portal\/wp-json\/wp\/v2\/categories?post=44106"},{"taxonomy":"post_tag","embeddable":true,"href":"https:\/\/eltrabajo.cl\/portal\/wp-json\/wp\/v2\/tags?post=44106"}],"curies":[{"name":"wp","href":"https:\/\/api.w.org\/{rel}","templated":true}]}}