{"id":44113,"date":"2014-03-11T09:29:19","date_gmt":"2014-03-11T12:29:19","guid":{"rendered":"http:\/\/www.eltrabajo.cl\/portal\/?p=44113"},"modified":"2014-03-11T09:43:55","modified_gmt":"2014-03-11T12:43:55","slug":"llaman-a-postular-a-la-beca-de-pasajes-para-educacion-superior-en-san-felipe","status":"publish","type":"post","link":"https:\/\/eltrabajo.cl\/portal\/llaman-a-postular-a-la-beca-de-pasajes-para-educacion-superior-en-san-felipe\/","title":{"rendered":"Llaman a postular a la beca de pasajes para Educaci\u00f3n Superior en San Felipe"},"content":{"rendered":"<figure id=\"attachment_44114\" aria-describedby=\"caption-attachment-44114\" style=\"width: 317px\" class=\"wp-caption alignleft\"><img data-recalc-dims=\"1\" loading=\"lazy\" decoding=\"async\" class=\" wp-image-44114 \" alt=\"Pablo Silva, Director de Desarrollo Comunitario de la Municipalidad de San Felipe.\" src=\"https:\/\/i0.wp.com\/www.eltrabajo.cl\/portal\/wp-content\/uploads\/2014\/03\/Pablo-Silva.jpg?resize=317%2C426\" width=\"317\" height=\"426\" srcset=\"https:\/\/i0.wp.com\/eltrabajo.cl\/portal\/wp-content\/uploads\/2014\/03\/Pablo-Silva.jpg?w=529&amp;ssl=1 529w, https:\/\/i0.wp.com\/eltrabajo.cl\/portal\/wp-content\/uploads\/2014\/03\/Pablo-Silva.jpg?resize=111%2C150&amp;ssl=1 111w, https:\/\/i0.wp.com\/eltrabajo.cl\/portal\/wp-content\/uploads\/2014\/03\/Pablo-Silva.jpg?resize=223%2C300&amp;ssl=1 223w, https:\/\/i0.wp.com\/eltrabajo.cl\/portal\/wp-content\/uploads\/2014\/03\/Pablo-Silva.jpg?resize=400%2C536&amp;ssl=1 400w\" sizes=\"auto, (max-width: 317px) 100vw, 317px\" \/><\/a><figcaption id=\"caption-attachment-44114\" class=\"wp-caption-text\">Pablo Silva, Director de Desarrollo Comunitario de la Municipalidad de San Felipe.<\/figcaption><\/figure>\n<p>Pablo Silva, Director de Desarrollo Comunitario de la Municipalidad de San Felipe, reiter\u00f3 el llamado para que los estudiantes que est\u00e1n matriculados en alguna instituci\u00f3n de educaci\u00f3n superior postulen a la beca-subsidio destinada a aportar una cantidad de pasajes para trasladarse hacia la Regi\u00f3n Metropolitana o el litoral de la Regi\u00f3n de Valpara\u00edso.<\/p>\n<p>\u201cHacemos un llamado -se\u00f1al\u00f3 el funcionario- para que los estudiantes que est\u00e1n postulando a la beca de pasajes para la educaci\u00f3n superior, se acerquen e inscriban para recibir este beneficio. Ahora bien este a\u00f1o hemos dado especial \u00e9nfasis en que la beca la utilicen los estudiantes que realmente lo necesiten, porque el cruce de informaci\u00f3n que hicimos el a\u00f1o pasado nos mostr\u00f3 que hab\u00eda gente que no lo necesitaba y que usaron esta beca. Eso perjudica a los que lo necesitan, y que por ejemplo, estudian en otras regiones, como en Concepci\u00f3n, Antofagasta, Temuco o incluso Magallanes, porque tenemos estudiantes form\u00e1ndose en estos lados y dado el costo de los pasajes, estos estudiantes no pueden venir a ver a las familias, salvo una o dos veces al a\u00f1o, y el Alcalde Patricio Freire nos ha encomendado empezar a desarrollar algo para ellos. As\u00ed es que si la beca es bien utilizada, habr\u00eda fondos para ayudar a esos estudiantes que est\u00e1n m\u00e1s alejados de la zona central\u201d. Finalmente, el funcionario municipal destac\u00f3 que para este a\u00f1o se espera destinar los recursos suficientes como para cubrir la ayuda a un n\u00famero similar al del a\u00f1o pasado, que fue de alrededor de 900 estudiantes.<\/p>\n<p>&nbsp;<\/p>\n","protected":false},"excerpt":{"rendered":"<p>Pablo Silva, Director de Desarrollo Comunitario de la Municipalidad de San Felipe, reiter\u00f3 el llamado para que los estudiantes que est\u00e1n matriculados en alguna instituci\u00f3n de educaci\u00f3n superior postulen a la beca-subsidio&#8230;<\/p>\n","protected":false},"author":482,"featured_media":44114,"comment_status":"open","ping_status":"closed","sticky":false,"template":"","format":"standard","meta":{"advanced_seo_description":"","jetpack_seo_html_title":"","jetpack_seo_noindex":false,"_jetpack_memberships_contains_paid_content":false,"footnotes":""},"categories":[1],"tags":[],"class_list":["post-44113","post","type-post","status-publish","format-standard","has-post-thumbnail","hentry","category-cronica"],"jetpack_featured_media_url":"https:\/\/i0.wp.com\/eltrabajo.cl\/portal\/wp-content\/uploads\/2014\/03\/Pablo-Silva.jpg?fit=529%2C710&ssl=1","jetpack_sharing_enabled":true,"jetpack_likes_enabled":true,"jetpack-related-posts":[],"_links":{"self":[{"href":"https:\/\/eltrabajo.cl\/portal\/wp-json\/wp\/v2\/posts\/44113","targetHints":{"allow":["GET"]}}],"collection":[{"href":"https:\/\/eltrabajo.cl\/portal\/wp-json\/wp\/v2\/posts"}],"about":[{"href":"https:\/\/eltrabajo.cl\/portal\/wp-json\/wp\/v2\/types\/post"}],"author":[{"embeddable":true,"href":"https:\/\/eltrabajo.cl\/portal\/wp-json\/wp\/v2\/users\/482"}],"replies":[{"embeddable":true,"href":"https:\/\/eltrabajo.cl\/portal\/wp-json\/wp\/v2\/comments?post=44113"}],"version-history":[{"count":0,"href":"https:\/\/eltrabajo.cl\/portal\/wp-json\/wp\/v2\/posts\/44113\/revisions"}],"wp:featuredmedia":[{"embeddable":true,"href":"https:\/\/eltrabajo.cl\/portal\/wp-json\/wp\/v2\/media\/44114"}],"wp:attachment":[{"href":"https:\/\/eltrabajo.cl\/portal\/wp-json\/wp\/v2\/media?parent=44113"}],"wp:term":[{"taxonomy":"category","embeddable":true,"href":"https:\/\/eltrabajo.cl\/portal\/wp-json\/wp\/v2\/categories?post=44113"},{"taxonomy":"post_tag","embeddable":true,"href":"https:\/\/eltrabajo.cl\/portal\/wp-json\/wp\/v2\/tags?post=44113"}],"curies":[{"name":"wp","href":"https:\/\/api.w.org\/{rel}","templated":true}]}}