{"id":44122,"date":"2014-03-11T09:34:49","date_gmt":"2014-03-11T12:34:49","guid":{"rendered":"http:\/\/www.eltrabajo.cl\/portal\/?p=44122"},"modified":"2014-03-11T09:34:49","modified_gmt":"2014-03-11T12:34:49","slug":"apunalan-a-mujer-en-un-seno-para-robar-bicicletas-del-jardin-de-su-casa","status":"publish","type":"post","link":"https:\/\/eltrabajo.cl\/portal\/apunalan-a-mujer-en-un-seno-para-robar-bicicletas-del-jardin-de-su-casa\/","title":{"rendered":"Apu\u00f1alan a mujer en un seno para robar bicicletas del jard\u00edn de su casa"},"content":{"rendered":"<figure id=\"attachment_44123\" aria-describedby=\"caption-attachment-44123\" style=\"width: 317px\" class=\"wp-caption alignleft\"><img data-recalc-dims=\"1\" loading=\"lazy\" decoding=\"async\" class=\" wp-image-44123 \" alt=\"El Fiscal Jorge Alfaro dio cuenta  que el joven cuando era menor de edad presentaba tres condenas por Robo en lugar no habitado; Robo en bien naci\u00f3n de uso p\u00fablico y Porte de arma cortopunzante.\" src=\"https:\/\/i0.wp.com\/www.eltrabajo.cl\/portal\/wp-content\/uploads\/2014\/03\/menores-villa-el-real.jpg?resize=317%2C241\" width=\"317\" height=\"241\" srcset=\"https:\/\/i0.wp.com\/eltrabajo.cl\/portal\/wp-content\/uploads\/2014\/03\/menores-villa-el-real.jpg?w=528&amp;ssl=1 528w, https:\/\/i0.wp.com\/eltrabajo.cl\/portal\/wp-content\/uploads\/2014\/03\/menores-villa-el-real.jpg?resize=197%2C150&amp;ssl=1 197w, https:\/\/i0.wp.com\/eltrabajo.cl\/portal\/wp-content\/uploads\/2014\/03\/menores-villa-el-real.jpg?resize=300%2C227&amp;ssl=1 300w, https:\/\/i0.wp.com\/eltrabajo.cl\/portal\/wp-content\/uploads\/2014\/03\/menores-villa-el-real.jpg?resize=150%2C113&amp;ssl=1 150w, https:\/\/i0.wp.com\/eltrabajo.cl\/portal\/wp-content\/uploads\/2014\/03\/menores-villa-el-real.jpg?resize=400%2C303&amp;ssl=1 400w\" sizes=\"auto, (max-width: 317px) 100vw, 317px\" \/><\/a><figcaption id=\"caption-attachment-44123\" class=\"wp-caption-text\">El Fiscal Jorge Alfaro dio cuenta que el joven cuando era menor de edad presentaba tres condenas por Robo en lugar no habitado; Robo en bien naci\u00f3n de uso p\u00fablico y Porte de arma cortopunzante.<\/figcaption><\/figure>\n<p><strong>LOS ANDES.<\/strong>&#8211; Con una herida cortante en uno de sus senos, result\u00f3 una due\u00f1a de casa que fue atacada por tres delincuentes juveniles a quienes sorprendi\u00f3 robando unas bicicletas afuera de su domicilio ubicado en uno de los pasajes de Villa Valle Real en San Rafael. El hecho aconteci\u00f3 la madrugada del domingo en uno de los inmuebles de esa villa, donde un grupo familiar se encontraba alegremente compartiendo una convivencia.<\/p>\n<p>Hasta el lugar llegaron tres j\u00f3venes, entre ellos una mujer, quienes saltaron la reja del antejard\u00edn para ingresar a robar. La due\u00f1a sinti\u00f3 ruidos y al salir a ver qu\u00e9 ocurr\u00eda se encontr\u00f3 \u2018a boca de jarro\u2019 con los antisociales que intentaban robar dos bicicletas de propiedad de sus sobrinos, procediendo a encararlos.<\/p>\n<p>Fue all\u00ed que los maleantes se abalanzaron sobre la mujer y comenzaron a golpearla, para luego uno de ellos extraer de entre sus vestimentas un estoque artesanal de 77 cent\u00edmetros de largo con el cual le provoc\u00f3 un profundo corte en el seno izquierdo.<\/p>\n<p>La afectada comenz\u00f3 a pedir auxilio, saliendo en su defensa unos amigos que estaba en la casa, una de ellas en silla de ruedas, quienes tambi\u00e9n fueron golpeados ferozmente por esta banda de menores. En el altercado, el adolescente tom\u00f3 un trozo de madera de un metro de largo con el que intent\u00f3 pegar en la cabeza al hombre de iniciales E.B., lo que evit\u00f3 al cubrirse con el brazo izquierdo en donde recibi\u00f3 el impacto; en tanto que la silla donde se moviliza la mujer incluso la dejaron con da\u00f1os.<\/p>\n<p>Posteriormente los precoces ladrones se dieron a la fuga, siendo seguidos por las personas que estaban en la convivencia, produci\u00e9ndose luego una gresca de proporciones donde se arrojaron piedras a la casa de otro vecino del sector que result\u00f3 con da\u00f1os en sus ventanales.<\/p>\n<p>Otros vecinos llamaron a Carabineros denunciando la ocurrencia de esta feroz ri\u00f1a en la v\u00eda p\u00fablica, por lo que un carro del Cuadrante 2 concurri\u00f3 hasta ese sector y detuvo a los tres ladrones quienes fueron identificados por las iniciales F.E.V.V., 18 a\u00f1os, con domicilio en el mismo conjunto habitacional; acompa\u00f1ado de B.A.U.M., de catorce a\u00f1os, del conjunto Los Copihues; y de la ni\u00f1a de trece a\u00f1os C.D.<\/p>\n<p>En poder del tr\u00edo se encontr\u00f3 el estoque artesanal y un palo que fueron incautados como medio de prueba. Al ser llevados al Servicio de Urgencia del Hospital de Los Andes, a la due\u00f1a de casa se le constat\u00f3 una herida contusa en el seno izquierdo, contusi\u00f3n occipital y policontusiones; a su amigo policontusiones en brazo izquierdo y diversas partes del cuerpo; y a la mujer en silla de ruedas policontusiones, todas lesiones de car\u00e1cter leve.<\/p>\n<p>Por ser inimputable la ni\u00f1a de trece a\u00f1os qued\u00f3 en libertad, mientras que los otros dos j\u00f3venes fueron puestos a disposici\u00f3n del Tribunal de Garant\u00eda de Los Andes, donde fueron formalizados por los delitos de Robo con violencia en calidad de frustrado.<\/p>\n<p>El Fiscal Jorge Alfaro dio cuenta que el joven cuando era menor de edad presentaba tres condenas por Robo en lugar no habitado; Robo en bien naci\u00f3n de uso p\u00fablico y Porte de arma cortopunzante.<\/p>\n<p>La defensora Marcela Tapia cuestion\u00f3 los antecedentes de formalizaci\u00f3n se\u00f1alando que el relato policial da cuenta de episodios de violencia, por lo que se estar\u00eda ante un robo en lugar habitado frustrado y lesiones en ri\u00f1a.<\/p>\n<p>Con los antecedentes conocidos, la jueza Valeria Crosa resolvi\u00f3 dando por acreditado el Robo en lugar habitado frustrado, decretando la Prisi\u00f3n Preventiva en el caso de F.E.V.V. por la pluralidad de autores, la pena de crimen del delito y constituir un peligro para la seguridad de la sociedad, disponi\u00e9ndose su cumplimiento en la C\u00e1rcel de San Felipe; y para el adolescente el Arresto domiciliario nocturno entre las 22:00 y 6:00 horas, adem\u00e1s de la prohibici\u00f3n de acercarse al pasaje donde se encuentra la casa a la que ingresaron y a las v\u00edctimas, fijando un plazo de investigaci\u00f3n de tres meses.<\/p>\n<p>&nbsp;<\/p>\n","protected":false},"excerpt":{"rendered":"<p>LOS ANDES.&#8211; Con una herida cortante en uno de sus senos, result\u00f3 una due\u00f1a de casa que fue atacada por tres delincuentes juveniles a quienes sorprendi\u00f3 robando unas bicicletas afuera de su&#8230;<\/p>\n","protected":false},"author":482,"featured_media":44123,"comment_status":"open","ping_status":"closed","sticky":false,"template":"","format":"standard","meta":{"advanced_seo_description":"","jetpack_seo_html_title":"","jetpack_seo_noindex":false,"_jetpack_memberships_contains_paid_content":false,"footnotes":""},"categories":[21],"tags":[],"class_list":["post-44122","post","type-post","status-publish","format-standard","has-post-thumbnail","hentry","category-policial"],"jetpack_featured_media_url":"https:\/\/i0.wp.com\/eltrabajo.cl\/portal\/wp-content\/uploads\/2014\/03\/menores-villa-el-real.jpg?fit=528%2C401&ssl=1","jetpack_sharing_enabled":true,"jetpack_likes_enabled":true,"jetpack-related-posts":[],"_links":{"self":[{"href":"https:\/\/eltrabajo.cl\/portal\/wp-json\/wp\/v2\/posts\/44122","targetHints":{"allow":["GET"]}}],"collection":[{"href":"https:\/\/eltrabajo.cl\/portal\/wp-json\/wp\/v2\/posts"}],"about":[{"href":"https:\/\/eltrabajo.cl\/portal\/wp-json\/wp\/v2\/types\/post"}],"author":[{"embeddable":true,"href":"https:\/\/eltrabajo.cl\/portal\/wp-json\/wp\/v2\/users\/482"}],"replies":[{"embeddable":true,"href":"https:\/\/eltrabajo.cl\/portal\/wp-json\/wp\/v2\/comments?post=44122"}],"version-history":[{"count":0,"href":"https:\/\/eltrabajo.cl\/portal\/wp-json\/wp\/v2\/posts\/44122\/revisions"}],"wp:featuredmedia":[{"embeddable":true,"href":"https:\/\/eltrabajo.cl\/portal\/wp-json\/wp\/v2\/media\/44123"}],"wp:attachment":[{"href":"https:\/\/eltrabajo.cl\/portal\/wp-json\/wp\/v2\/media?parent=44122"}],"wp:term":[{"taxonomy":"category","embeddable":true,"href":"https:\/\/eltrabajo.cl\/portal\/wp-json\/wp\/v2\/categories?post=44122"},{"taxonomy":"post_tag","embeddable":true,"href":"https:\/\/eltrabajo.cl\/portal\/wp-json\/wp\/v2\/tags?post=44122"}],"curies":[{"name":"wp","href":"https:\/\/api.w.org\/{rel}","templated":true}]}}