{"id":44130,"date":"2014-03-11T09:43:16","date_gmt":"2014-03-11T12:43:16","guid":{"rendered":"http:\/\/www.eltrabajo.cl\/portal\/?p=44130"},"modified":"2014-03-11T09:43:16","modified_gmt":"2014-03-11T12:43:16","slug":"gobernaciones-de-san-felipe-y-los-andes-se-quedan-en-manos-del-ppd-y-del-ps","status":"publish","type":"post","link":"https:\/\/eltrabajo.cl\/portal\/gobernaciones-de-san-felipe-y-los-andes-se-quedan-en-manos-del-ppd-y-del-ps\/","title":{"rendered":"Gobernaciones de San Felipe y Los Andes se quedan en manos del PPD y del PS"},"content":{"rendered":"<figure id=\"attachment_44131\" aria-describedby=\"caption-attachment-44131\" style=\"width: 317px\" class=\"wp-caption alignleft\"><a href=\"https:\/\/i0.wp.com\/www.eltrabajo.cl\/portal\/wp-content\/uploads\/2014\/03\/eduardo-leon-porta.jpg\"><img data-recalc-dims=\"1\" loading=\"lazy\" decoding=\"async\" class=\" wp-image-44131 \" alt=\"SIN CONFIRMAR.- Eduardo Le\u00f3n, ex Consejero Regional que figura como el principal candidato a ser el nuevo Gobernador de San Felipe.\" src=\"https:\/\/i0.wp.com\/www.eltrabajo.cl\/portal\/wp-content\/uploads\/2014\/03\/eduardo-leon-porta.jpg?resize=317%2C241\" width=\"317\" height=\"241\" srcset=\"https:\/\/i0.wp.com\/eltrabajo.cl\/portal\/wp-content\/uploads\/2014\/03\/eduardo-leon-porta.jpg?w=529&amp;ssl=1 529w, https:\/\/i0.wp.com\/eltrabajo.cl\/portal\/wp-content\/uploads\/2014\/03\/eduardo-leon-porta.jpg?resize=197%2C150&amp;ssl=1 197w, https:\/\/i0.wp.com\/eltrabajo.cl\/portal\/wp-content\/uploads\/2014\/03\/eduardo-leon-porta.jpg?resize=300%2C227&amp;ssl=1 300w, https:\/\/i0.wp.com\/eltrabajo.cl\/portal\/wp-content\/uploads\/2014\/03\/eduardo-leon-porta.jpg?resize=150%2C113&amp;ssl=1 150w, https:\/\/i0.wp.com\/eltrabajo.cl\/portal\/wp-content\/uploads\/2014\/03\/eduardo-leon-porta.jpg?resize=400%2C303&amp;ssl=1 400w\" sizes=\"auto, (max-width: 317px) 100vw, 317px\" \/><\/a><figcaption id=\"caption-attachment-44131\" class=\"wp-caption-text\">SIN CONFIRMAR.- Eduardo Le\u00f3n, ex Consejero Regional que figura como el principal candidato a ser el nuevo Gobernador de San Felipe.<\/figcaption><\/figure>\n<p>Rencillas y disputas internas terminaron por derribar el cupo DC que estaba sobre seguro en al menos una de las gobernaciones. Finalmente el tema qued\u00f3 zanjado entre el PS, que se qued\u00f3 con la Gobernaci\u00f3n en Los Andes y el PPD que no afloja en San Felipe.<\/p>\n<p>Aunque el hermetismo contin\u00faa en la Quinta Regi\u00f3n Interior, se sabe que en las pr\u00f3ximas horas y a trav\u00e9s de la p\u00e1gina MichelleBachelet.cl, se anunciar\u00e1 el nombre de quienes representar\u00e1n al gobierno entrante en las dos provincias m\u00e1s altas de la Regi\u00f3n de Valpara\u00edso.<\/p>\n<p>As\u00ed, Eduardo Le\u00f3n se confirma como el nuevo Gobernador de San Felipe y en Los Andes la designaci\u00f3n ser\u00eda para Natalia R\u00edos por el tema del equilibrio de g\u00e9nero que la electa presidente quiere otorgarle a su representaci\u00f3n en provincias. De todos modos el propio Partido Socialista manten\u00eda en lista a Sergio Montenegro como la otra opci\u00f3n local. Al interior de la DC el tema result\u00f3 un verdadero golpe al ego que desnuda a\u00fan m\u00e1s las diferencias internas que existen al interior del partido de la falange local.<\/p>\n<p>Con esto, el nombre del \u2018protegido\u2019 Eduardo Cerda no logr\u00f3 convencer a la colectividad, por lo que su propuesta perdi\u00f3 fuerzas hasta llegar a secar las opciones de la DC. Es sabido al interior del partido que ahora las fuerzas se concentrar\u00e1n en ocupar algunas direcciones regionales o de servicio en la costa y Marga Marga, para no bajar su representatividad en el gobierno.<\/p>\n<p>&nbsp;<\/p>\n","protected":false},"excerpt":{"rendered":"<p>Rencillas y disputas internas terminaron por derribar el cupo DC que estaba sobre seguro en al menos una de las gobernaciones. Finalmente el tema qued\u00f3 zanjado entre el PS, que se qued\u00f3&#8230;<\/p>\n","protected":false},"author":482,"featured_media":44131,"comment_status":"open","ping_status":"closed","sticky":false,"template":"","format":"standard","meta":{"advanced_seo_description":"","jetpack_seo_html_title":"","jetpack_seo_noindex":false,"_jetpack_memberships_contains_paid_content":false,"footnotes":""},"categories":[1],"tags":[],"class_list":["post-44130","post","type-post","status-publish","format-standard","has-post-thumbnail","hentry","category-cronica"],"jetpack_featured_media_url":"https:\/\/i0.wp.com\/eltrabajo.cl\/portal\/wp-content\/uploads\/2014\/03\/eduardo-leon-porta.jpg?fit=529%2C401&ssl=1","jetpack_sharing_enabled":true,"jetpack_likes_enabled":true,"jetpack-related-posts":[],"_links":{"self":[{"href":"https:\/\/eltrabajo.cl\/portal\/wp-json\/wp\/v2\/posts\/44130","targetHints":{"allow":["GET"]}}],"collection":[{"href":"https:\/\/eltrabajo.cl\/portal\/wp-json\/wp\/v2\/posts"}],"about":[{"href":"https:\/\/eltrabajo.cl\/portal\/wp-json\/wp\/v2\/types\/post"}],"author":[{"embeddable":true,"href":"https:\/\/eltrabajo.cl\/portal\/wp-json\/wp\/v2\/users\/482"}],"replies":[{"embeddable":true,"href":"https:\/\/eltrabajo.cl\/portal\/wp-json\/wp\/v2\/comments?post=44130"}],"version-history":[{"count":0,"href":"https:\/\/eltrabajo.cl\/portal\/wp-json\/wp\/v2\/posts\/44130\/revisions"}],"wp:featuredmedia":[{"embeddable":true,"href":"https:\/\/eltrabajo.cl\/portal\/wp-json\/wp\/v2\/media\/44131"}],"wp:attachment":[{"href":"https:\/\/eltrabajo.cl\/portal\/wp-json\/wp\/v2\/media?parent=44130"}],"wp:term":[{"taxonomy":"category","embeddable":true,"href":"https:\/\/eltrabajo.cl\/portal\/wp-json\/wp\/v2\/categories?post=44130"},{"taxonomy":"post_tag","embeddable":true,"href":"https:\/\/eltrabajo.cl\/portal\/wp-json\/wp\/v2\/tags?post=44130"}],"curies":[{"name":"wp","href":"https:\/\/api.w.org\/{rel}","templated":true}]}}