{"id":44153,"date":"2014-03-12T09:59:29","date_gmt":"2014-03-12T12:59:29","guid":{"rendered":"http:\/\/www.eltrabajo.cl\/portal\/?p=44153"},"modified":"2014-03-12T09:59:29","modified_gmt":"2014-03-12T12:59:29","slug":"diputado-nunez-destaca-nombramientos-de-gobernadores-en-aconcagua","status":"publish","type":"post","link":"https:\/\/eltrabajo.cl\/portal\/diputado-nunez-destaca-nombramientos-de-gobernadores-en-aconcagua\/","title":{"rendered":"Diputado N\u00fa\u00f1ez destaca nombramientos de gobernadores en Aconcagua"},"content":{"rendered":"<figure id=\"attachment_44154\" aria-describedby=\"caption-attachment-44154\" style=\"width: 317px\" class=\"wp-caption alignleft\"><a href=\"https:\/\/i0.wp.com\/www.eltrabajo.cl\/portal\/wp-content\/uploads\/2014\/03\/Diputado-Marco-Antonio-Nunez.jpg\"><img data-recalc-dims=\"1\" loading=\"lazy\" decoding=\"async\" class=\" wp-image-44154 \" alt=\"Marco Antonio N\u00fa\u00f1ez, diputado.\" src=\"https:\/\/i0.wp.com\/www.eltrabajo.cl\/portal\/wp-content\/uploads\/2014\/03\/Diputado-Marco-Antonio-Nunez.jpg?resize=317%2C248\" width=\"317\" height=\"248\" srcset=\"https:\/\/i0.wp.com\/eltrabajo.cl\/portal\/wp-content\/uploads\/2014\/03\/Diputado-Marco-Antonio-Nunez.jpg?w=529&amp;ssl=1 529w, https:\/\/i0.wp.com\/eltrabajo.cl\/portal\/wp-content\/uploads\/2014\/03\/Diputado-Marco-Antonio-Nunez.jpg?resize=191%2C150&amp;ssl=1 191w, https:\/\/i0.wp.com\/eltrabajo.cl\/portal\/wp-content\/uploads\/2014\/03\/Diputado-Marco-Antonio-Nunez.jpg?resize=300%2C234&amp;ssl=1 300w, https:\/\/i0.wp.com\/eltrabajo.cl\/portal\/wp-content\/uploads\/2014\/03\/Diputado-Marco-Antonio-Nunez.jpg?resize=150%2C117&amp;ssl=1 150w, https:\/\/i0.wp.com\/eltrabajo.cl\/portal\/wp-content\/uploads\/2014\/03\/Diputado-Marco-Antonio-Nunez.jpg?resize=400%2C313&amp;ssl=1 400w\" sizes=\"auto, (max-width: 317px) 100vw, 317px\" \/><\/a><figcaption id=\"caption-attachment-44154\" class=\"wp-caption-text\">Marco Antonio N\u00fa\u00f1ez, diputado.<\/figcaption><\/figure>\n<p>El Diputado Marco Antonio N\u00fa\u00f1ez, junto con destacar a los gobernadores designados por la Presidente Michelle Bachelet en Los Andes y San Felipe, se\u00f1al\u00f3 que se pondr\u00e1 a disposici\u00f3n de las nuevas autoridades para sacar adelante el programa de gobierno y para que desde los primeros d\u00edas se trabaje en la creaci\u00f3n de la Regi\u00f3n de Aconcagua, en la elaboraci\u00f3n de un programa para enfrentar los problemas de sequ\u00eda y para que se ejecuten los proyectos pendientes en la zona.<\/p>\n<p>\u201cEduardo Le\u00f3n es un excelente profesional que tiene un conocimiento muy preciso de los principales problemas y requerimientos que hay en las seis comunas de la provincia de San Felipe. Su desempe\u00f1o como Secretario de Planificaci\u00f3n en la comuna de Santa Mar\u00eda; como Consejero Regional y estos \u00faltimos a\u00f1os como Jefe de Gabinete del Alcalde Patricio Freire, le da una solvencia suficiente para que tengamos un Gobernador con las competencias que se requieren en la coordinaci\u00f3n de los servicios p\u00fablicos de la zona y para resolver los problemas que tenemos\u201d, explic\u00f3 N\u00fa\u00f1ez.<\/p>\n<p>\u201cLo mismo ocurre con Mar\u00eda Victoria Rodr\u00edguez, la gobernadora designada por la Presidente Bachelet en Los Andes. Trabajadora Social y concejal electa con una dilatada trayectoria en el servicio p\u00fablico que le permite un conocimiento preciso de los principales problemas que hay en la zona y que en su administraci\u00f3n ser\u00e1n abordados\u201d, agreg\u00f3.<\/p>\n<p>\u201cEspero reunirme lo m\u00e1s pronto con ellos para manifestarles mi apoyo y para que comencemos a trabajar en las tareas del nuevo gobierno. Ahora s\u00f3lo faltan los nombramientos de los Secretarios Regionales Ministeriales y de los Jefes de Servicios, donde tambi\u00e9n se elegir\u00e1n los mejores profesionales y con el que se completar\u00e1 el equipo con el que haremos los cambios que Aconcagua espera\u201d, se\u00f1al\u00f3 finalmente el Diputado Marco Antonio N\u00fa\u00f1ez.<\/p>\n<p>&nbsp;<\/p>\n","protected":false},"excerpt":{"rendered":"<p>El Diputado Marco Antonio N\u00fa\u00f1ez, junto con destacar a los gobernadores designados por la Presidente Michelle Bachelet en Los Andes y San Felipe, se\u00f1al\u00f3 que se pondr\u00e1 a disposici\u00f3n de las nuevas&#8230;<\/p>\n","protected":false},"author":482,"featured_media":44154,"comment_status":"open","ping_status":"closed","sticky":false,"template":"","format":"standard","meta":{"advanced_seo_description":"","jetpack_seo_html_title":"","jetpack_seo_noindex":false,"_jetpack_memberships_contains_paid_content":false,"footnotes":""},"categories":[1],"tags":[],"class_list":["post-44153","post","type-post","status-publish","format-standard","has-post-thumbnail","hentry","category-cronica"],"jetpack_featured_media_url":"https:\/\/i0.wp.com\/eltrabajo.cl\/portal\/wp-content\/uploads\/2014\/03\/Diputado-Marco-Antonio-Nunez.jpg?fit=529%2C414&ssl=1","jetpack_sharing_enabled":true,"jetpack_likes_enabled":true,"jetpack-related-posts":[],"_links":{"self":[{"href":"https:\/\/eltrabajo.cl\/portal\/wp-json\/wp\/v2\/posts\/44153","targetHints":{"allow":["GET"]}}],"collection":[{"href":"https:\/\/eltrabajo.cl\/portal\/wp-json\/wp\/v2\/posts"}],"about":[{"href":"https:\/\/eltrabajo.cl\/portal\/wp-json\/wp\/v2\/types\/post"}],"author":[{"embeddable":true,"href":"https:\/\/eltrabajo.cl\/portal\/wp-json\/wp\/v2\/users\/482"}],"replies":[{"embeddable":true,"href":"https:\/\/eltrabajo.cl\/portal\/wp-json\/wp\/v2\/comments?post=44153"}],"version-history":[{"count":0,"href":"https:\/\/eltrabajo.cl\/portal\/wp-json\/wp\/v2\/posts\/44153\/revisions"}],"wp:featuredmedia":[{"embeddable":true,"href":"https:\/\/eltrabajo.cl\/portal\/wp-json\/wp\/v2\/media\/44154"}],"wp:attachment":[{"href":"https:\/\/eltrabajo.cl\/portal\/wp-json\/wp\/v2\/media?parent=44153"}],"wp:term":[{"taxonomy":"category","embeddable":true,"href":"https:\/\/eltrabajo.cl\/portal\/wp-json\/wp\/v2\/categories?post=44153"},{"taxonomy":"post_tag","embeddable":true,"href":"https:\/\/eltrabajo.cl\/portal\/wp-json\/wp\/v2\/tags?post=44153"}],"curies":[{"name":"wp","href":"https:\/\/api.w.org\/{rel}","templated":true}]}}