{"id":44157,"date":"2014-03-12T10:02:00","date_gmt":"2014-03-12T13:02:00","guid":{"rendered":"http:\/\/www.eltrabajo.cl\/portal\/?p=44157"},"modified":"2014-03-12T10:03:55","modified_gmt":"2014-03-12T13:03:55","slug":"maria-victoria-rodriguez-asumio-como-nueva-gobernadora-de-los-andes","status":"publish","type":"post","link":"https:\/\/eltrabajo.cl\/portal\/maria-victoria-rodriguez-asumio-como-nueva-gobernadora-de-los-andes\/","title":{"rendered":"Mar\u00eda Victoria Rodr\u00edguez asumi\u00f3 como nueva Gobernadora de Los Andes"},"content":{"rendered":"<figure id=\"attachment_44158\" aria-describedby=\"caption-attachment-44158\" style=\"width: 528px\" class=\"wp-caption alignnone\"><img data-recalc-dims=\"1\" loading=\"lazy\" decoding=\"async\" class=\"size-full wp-image-44158\" alt=\"Mar\u00eda Victoria Rodr\u00edguez asumi\u00f3 la ma\u00f1ana de este martes su cargo como Gobernadora Provincial de Los Andes.\" src=\"https:\/\/i0.wp.com\/www.eltrabajo.cl\/portal\/wp-content\/uploads\/2014\/03\/Gobernadora1.jpg?resize=528%2C404\" width=\"528\" height=\"404\" srcset=\"https:\/\/i0.wp.com\/eltrabajo.cl\/portal\/wp-content\/uploads\/2014\/03\/Gobernadora1.jpg?w=528&amp;ssl=1 528w, https:\/\/i0.wp.com\/eltrabajo.cl\/portal\/wp-content\/uploads\/2014\/03\/Gobernadora1.jpg?resize=196%2C150&amp;ssl=1 196w, https:\/\/i0.wp.com\/eltrabajo.cl\/portal\/wp-content\/uploads\/2014\/03\/Gobernadora1.jpg?resize=300%2C229&amp;ssl=1 300w, https:\/\/i0.wp.com\/eltrabajo.cl\/portal\/wp-content\/uploads\/2014\/03\/Gobernadora1.jpg?resize=150%2C114&amp;ssl=1 150w, https:\/\/i0.wp.com\/eltrabajo.cl\/portal\/wp-content\/uploads\/2014\/03\/Gobernadora1.jpg?resize=400%2C306&amp;ssl=1 400w\" sizes=\"auto, (max-width: 528px) 100vw, 528px\" \/><\/a><figcaption id=\"caption-attachment-44158\" class=\"wp-caption-text\">Mar\u00eda Victoria Rodr\u00edguez asumi\u00f3 la ma\u00f1ana de este martes su cargo como Gobernadora Provincial de Los Andes.<\/figcaption><\/figure>\n<p><strong>LOS ANDES.<\/strong>&#8211; Muy emocionada, la Asistente Social Mar\u00eda Victoria Rodr\u00edguez asumi\u00f3 la ma\u00f1ana de este martes su cargo como Gobernadora Provincial de Los Andes, transform\u00e1ndose as\u00ed en la segunda mujer que ocupa el m\u00e1s alto puesto pol\u00edtico en la historia de la ciudad.<\/p>\n<figure id=\"attachment_44160\" aria-describedby=\"caption-attachment-44160\" style=\"width: 423px\" class=\"wp-caption alignright\"><a href=\"https:\/\/i0.wp.com\/www.eltrabajo.cl\/portal\/wp-content\/uploads\/2014\/03\/Gobernadora2.jpg\"><img data-recalc-dims=\"1\" loading=\"lazy\" decoding=\"async\" class=\" wp-image-44160 \" alt=\"En tanto, la ex-gobernadora Edith Quiroz se mostr\u00f3 emocionada y expres\u00f3 sus p\u00fablicos agradecimientos a la comunidad y a los funcionarios de la Gobernaci\u00f3n.\" src=\"https:\/\/i0.wp.com\/www.eltrabajo.cl\/portal\/wp-content\/uploads\/2014\/03\/Gobernadora2.jpg?resize=423%2C321\" width=\"423\" height=\"321\" srcset=\"https:\/\/i0.wp.com\/eltrabajo.cl\/portal\/wp-content\/uploads\/2014\/03\/Gobernadora2.jpg?w=529&amp;ssl=1 529w, https:\/\/i0.wp.com\/eltrabajo.cl\/portal\/wp-content\/uploads\/2014\/03\/Gobernadora2.jpg?resize=197%2C150&amp;ssl=1 197w, https:\/\/i0.wp.com\/eltrabajo.cl\/portal\/wp-content\/uploads\/2014\/03\/Gobernadora2.jpg?resize=300%2C227&amp;ssl=1 300w, https:\/\/i0.wp.com\/eltrabajo.cl\/portal\/wp-content\/uploads\/2014\/03\/Gobernadora2.jpg?resize=150%2C113&amp;ssl=1 150w, https:\/\/i0.wp.com\/eltrabajo.cl\/portal\/wp-content\/uploads\/2014\/03\/Gobernadora2.jpg?resize=400%2C303&amp;ssl=1 400w\" sizes=\"auto, (max-width: 423px) 100vw, 423px\" \/><\/a><figcaption id=\"caption-attachment-44160\" class=\"wp-caption-text\">En tanto, la ex-gobernadora Edith Quiroz se mostr\u00f3 emocionada y expres\u00f3 sus p\u00fablicos agradecimientos a la comunidad y a los funcionarios de la Gobernaci\u00f3n.<\/figcaption><\/figure>\n<p>La nueva gobernadora dijo sentirse muy preparada para asumir la gobernaci\u00f3n y hacer un buen papel en este cargo, \u201cporque soy una persona que he hecho un trabajo social muy importante en diversas comunas y me he relacionado con la gente de las cuatro comunas y lo m\u00e1s importante es que asumo una gobernaci\u00f3n con los cuatro alcaldes de la nueva mayor\u00eda, por lo tanto ac\u00e1 formamos un tremendo equipo, nosotros no tenemos divergencias, sino que una sola mirada com\u00fan y quien se instala en la gobernaci\u00f3n no representa a un partido, sino a la nueva mayor\u00eda\u201d.<\/p>\n<p>Rodr\u00edguez alab\u00f3 el hecho que la gobernaci\u00f3n siga al mando de una mujer, \u201cpues creemos que hay una identidad de g\u00e9nero que se mantiene y es porque la fuerza de la mujer se siente y se hace presente\u201d.<\/p>\n<p>Asimismo, llam\u00f3 a todos quienes votaron por ella como concejala a estar tranquilos, \u201cporque aqu\u00ed no pierden, sino que ganan una gobernadora que se instala con toda la fuerza del pueblo, porque mi gesti\u00f3n quiero que sea de puertas abiertas, muy codo a codo con las organizaciones sociales y atender las demandas de los ciudadanas, porque creo en el poder popular\u201d.<\/p>\n<p>En tanto, la ex-gobernadora Edith Quiroz se mostr\u00f3 emocionada y expres\u00f3 sus p\u00fablicos agradecimientos a la comunidad y a los funcionarios de la Gobernaci\u00f3n. \u201cUno se va muy contenta, con la misi\u00f3n del deber cumplido, el haber trabajado con la comunidad y avanzar en distintos proyectos\u201d, declar\u00f3.<\/p>\n<p>A esta instancia protocolar asistieron los alcaldes Mauricio Navarro de Los Andes; Ren\u00e9 Mardones de San Esteban y Pedro Caballer\u00eda de Rinconada; tambi\u00e9n estuvieron presentes la Consejera Regional, Sandra Miranda y los concejales de Los Andes Julio Lobos y Benigno Retamal, as\u00ed como distintos adherentes, dirigentes sociales y funcionarios p\u00fablicos.<\/p>\n<p>&nbsp;<\/p>\n","protected":false},"excerpt":{"rendered":"<p>LOS ANDES.&#8211; Muy emocionada, la Asistente Social Mar\u00eda Victoria Rodr\u00edguez asumi\u00f3 la ma\u00f1ana de este martes su cargo como Gobernadora Provincial de Los Andes, transform\u00e1ndose as\u00ed en la segunda mujer que ocupa&#8230;<\/p>\n","protected":false},"author":482,"featured_media":44158,"comment_status":"open","ping_status":"closed","sticky":false,"template":"","format":"standard","meta":{"advanced_seo_description":"","jetpack_seo_html_title":"","jetpack_seo_noindex":false,"_jetpack_memberships_contains_paid_content":false,"footnotes":""},"categories":[1],"tags":[],"class_list":["post-44157","post","type-post","status-publish","format-standard","has-post-thumbnail","hentry","category-cronica"],"jetpack_featured_media_url":"https:\/\/i0.wp.com\/eltrabajo.cl\/portal\/wp-content\/uploads\/2014\/03\/Gobernadora1.jpg?fit=528%2C404&ssl=1","jetpack_sharing_enabled":true,"jetpack_likes_enabled":true,"jetpack-related-posts":[],"_links":{"self":[{"href":"https:\/\/eltrabajo.cl\/portal\/wp-json\/wp\/v2\/posts\/44157","targetHints":{"allow":["GET"]}}],"collection":[{"href":"https:\/\/eltrabajo.cl\/portal\/wp-json\/wp\/v2\/posts"}],"about":[{"href":"https:\/\/eltrabajo.cl\/portal\/wp-json\/wp\/v2\/types\/post"}],"author":[{"embeddable":true,"href":"https:\/\/eltrabajo.cl\/portal\/wp-json\/wp\/v2\/users\/482"}],"replies":[{"embeddable":true,"href":"https:\/\/eltrabajo.cl\/portal\/wp-json\/wp\/v2\/comments?post=44157"}],"version-history":[{"count":0,"href":"https:\/\/eltrabajo.cl\/portal\/wp-json\/wp\/v2\/posts\/44157\/revisions"}],"wp:featuredmedia":[{"embeddable":true,"href":"https:\/\/eltrabajo.cl\/portal\/wp-json\/wp\/v2\/media\/44158"}],"wp:attachment":[{"href":"https:\/\/eltrabajo.cl\/portal\/wp-json\/wp\/v2\/media?parent=44157"}],"wp:term":[{"taxonomy":"category","embeddable":true,"href":"https:\/\/eltrabajo.cl\/portal\/wp-json\/wp\/v2\/categories?post=44157"},{"taxonomy":"post_tag","embeddable":true,"href":"https:\/\/eltrabajo.cl\/portal\/wp-json\/wp\/v2\/tags?post=44157"}],"curies":[{"name":"wp","href":"https:\/\/api.w.org\/{rel}","templated":true}]}}