{"id":44163,"date":"2014-03-12T10:03:31","date_gmt":"2014-03-12T13:03:31","guid":{"rendered":"http:\/\/www.eltrabajo.cl\/portal\/?p=44163"},"modified":"2014-03-12T10:03:31","modified_gmt":"2014-03-12T13:03:31","slug":"eduardo-leon-asumio-como-nuevo-gobernador-de-san-felipe","status":"publish","type":"post","link":"https:\/\/eltrabajo.cl\/portal\/eduardo-leon-asumio-como-nuevo-gobernador-de-san-felipe\/","title":{"rendered":"Eduardo Le\u00f3n asumi\u00f3 como nuevo Gobernador de San Felipe"},"content":{"rendered":"<figure id=\"attachment_44164\" aria-describedby=\"caption-attachment-44164\" style=\"width: 528px\" class=\"wp-caption alignnone\"><img data-recalc-dims=\"1\" loading=\"lazy\" decoding=\"async\" class=\"size-full wp-image-44164\" alt=\"Rodeado de la gente que compone la Nueva Mayor\u00eda en San Felipe, el Gobernador Le\u00f3n recibi\u00f3 del Abogado de la Gobernaci\u00f3n, Adolfo Pizarro, el decreto que lo designa representante del gobierno de Michelle Bachelet en la zona.\" src=\"https:\/\/i0.wp.com\/www.eltrabajo.cl\/portal\/wp-content\/uploads\/2014\/03\/Eduardo-Leon.jpg?resize=528%2C312\" width=\"528\" height=\"312\" srcset=\"https:\/\/i0.wp.com\/eltrabajo.cl\/portal\/wp-content\/uploads\/2014\/03\/Eduardo-Leon.jpg?w=528&amp;ssl=1 528w, https:\/\/i0.wp.com\/eltrabajo.cl\/portal\/wp-content\/uploads\/2014\/03\/Eduardo-Leon.jpg?resize=200%2C118&amp;ssl=1 200w, https:\/\/i0.wp.com\/eltrabajo.cl\/portal\/wp-content\/uploads\/2014\/03\/Eduardo-Leon.jpg?resize=300%2C177&amp;ssl=1 300w, https:\/\/i0.wp.com\/eltrabajo.cl\/portal\/wp-content\/uploads\/2014\/03\/Eduardo-Leon.jpg?resize=150%2C88&amp;ssl=1 150w, https:\/\/i0.wp.com\/eltrabajo.cl\/portal\/wp-content\/uploads\/2014\/03\/Eduardo-Leon.jpg?resize=400%2C236&amp;ssl=1 400w\" sizes=\"auto, (max-width: 528px) 100vw, 528px\" \/><\/a><figcaption id=\"caption-attachment-44164\" class=\"wp-caption-text\">Rodeado de la gente que compone la Nueva Mayor\u00eda en San Felipe, el Gobernador Le\u00f3n recibi\u00f3 del Abogado de la Gobernaci\u00f3n, Adolfo Pizarro, el decreto que lo designa representante del gobierno de Michelle Bachelet en la zona.<\/figcaption><\/figure>\n<p>Apenas sonaron las 12:00 horas de este martes, el grupo pol\u00edtico que suele rodear al diputado por la zona, Marco Antonio N\u00fa\u00f1ez, lleg\u00f3 hasta la denominada plaza c\u00edvica de la capital provincial para recibir al designado Gobernador Eduardo Le\u00f3n Lazcano. A las puertas del edificio, el ex-Core habl\u00f3 con la prensa y se refiri\u00f3 a las necesidades de la provincia, el tema del \u2018canal\u00f3n\u2019 y el trabajo que desarrollar\u00e1 en las comunas.<\/p>\n<p>\u201cHe hablado con todos los alcaldes de la provincia y tambi\u00e9n he trabajado con ellos todos estos a\u00f1os, por lo que no me ser\u00e1 dif\u00edcil realizar un trabajo conjunto\u201d.<\/p>\n<p>Respecto a las primeras tareas que pretende colocar en marcha est\u00e1 el tema del \u201cnuevo estadio para San Felipe, que es un tema relevante y una promesa incumplida\u201d. En materia de obras viales est\u00e1 \u201cel tema del doble t\u00fanel Chacabuco, que es otra promesa incumplida. Y porsupuesto est\u00e1 el tema del agua, que es si no el tema m\u00e1s importante hoy en la zona\u201d.<\/p>\n<p>Respecto del equipo con el que trabajar\u00e1, Le\u00f3n fue enf\u00e1tico en se\u00f1alar que ver\u00e1 con qu\u00e9 es lo que cuenta, pero no esper\u00f3 en aclarar que espera \u201cinstrucciones del Intendente, porque ah\u00ed hay que ser s\u00faper ordenado en el tema\u201d, dando luces de lo que cualquiera que analiza estos nombramientos sabe reconocer el rol de los partidos pol\u00edticos y las diferentes reparticiones de cuotas pol\u00edticas.<\/p>\n<p>Un tema que muchos quer\u00edan proponerle fue el asunto del poco afamado \u2018canal\u00f3n\u2019. Y respecto a ese asunto el gobernador fue muy tajante: \u201cel \u2018canal\u00f3n\u2019 es claramente una muy mala pol\u00edtica p\u00fablica. Es un proyecto sin planificaci\u00f3n y tendremos que ver qu\u00e9 hacemos con \u00e9l\u201d. Dejando entre ver que ser\u00e1 un tema a tratar a niveles regionales, con los nuevos Seremis y el propio intendente.<\/p>\n<p>Por \u00faltimo, Eduardo Le\u00f3n explic\u00f3 que en su rol de representante de la Presidente Michelle Bachelet, \u00e9l actuar\u00e1 como un conductor de las pol\u00edticas p\u00fablicas de la presidente. Por ejemplo \u201cel tema de la nueva regi\u00f3n de Aconcagua es un tema muy relevante\u201d y trabajar\u00e1 para ese y otras cosas como las 50 primeras medidas que el programa de Michelle Bachelet implementar\u00e1 los primeros 100 d\u00edas.<\/p>\n<p>Para el ex-gobernador Jorge Jara Catal\u00e1n, que tambi\u00e9n acompa\u00f1\u00f3 a la \u201ctoma de mando\u201d del nuevo gobernador, \u201ceste es un momento importante en la vida de cualquier servidor p\u00fablico y pol\u00edtico. Este es el momento en el que uno recibe la confianza para un rol, y ahora Eduardo yo s\u00e9 que lo cumplir\u00e1 cabalmente, porque tiene las capacidades necesarias para ello\u201d.<\/p>\n<p>A su vez el Alcalde Patricio Freire dijo sentirse muy complacido con esta designaci\u00f3n, ya que Eduardo fue un muy buen funcionario y un muy buen Core, as\u00ed es que yo creo que lo har\u00e1 muy bien\u201d.<\/p>\n<p>&nbsp;<\/p>\n","protected":false},"excerpt":{"rendered":"<p>Apenas sonaron las 12:00 horas de este martes, el grupo pol\u00edtico que suele rodear al diputado por la zona, Marco Antonio N\u00fa\u00f1ez, lleg\u00f3 hasta la denominada plaza c\u00edvica de la capital provincial&#8230;<\/p>\n","protected":false},"author":482,"featured_media":44164,"comment_status":"open","ping_status":"closed","sticky":false,"template":"","format":"standard","meta":{"advanced_seo_description":"","jetpack_seo_html_title":"","jetpack_seo_noindex":false,"_jetpack_memberships_contains_paid_content":false,"footnotes":""},"categories":[1],"tags":[],"class_list":["post-44163","post","type-post","status-publish","format-standard","has-post-thumbnail","hentry","category-cronica"],"jetpack_featured_media_url":"https:\/\/i0.wp.com\/eltrabajo.cl\/portal\/wp-content\/uploads\/2014\/03\/Eduardo-Leon.jpg?fit=528%2C312&ssl=1","jetpack_sharing_enabled":true,"jetpack_likes_enabled":true,"jetpack-related-posts":[],"_links":{"self":[{"href":"https:\/\/eltrabajo.cl\/portal\/wp-json\/wp\/v2\/posts\/44163","targetHints":{"allow":["GET"]}}],"collection":[{"href":"https:\/\/eltrabajo.cl\/portal\/wp-json\/wp\/v2\/posts"}],"about":[{"href":"https:\/\/eltrabajo.cl\/portal\/wp-json\/wp\/v2\/types\/post"}],"author":[{"embeddable":true,"href":"https:\/\/eltrabajo.cl\/portal\/wp-json\/wp\/v2\/users\/482"}],"replies":[{"embeddable":true,"href":"https:\/\/eltrabajo.cl\/portal\/wp-json\/wp\/v2\/comments?post=44163"}],"version-history":[{"count":0,"href":"https:\/\/eltrabajo.cl\/portal\/wp-json\/wp\/v2\/posts\/44163\/revisions"}],"wp:featuredmedia":[{"embeddable":true,"href":"https:\/\/eltrabajo.cl\/portal\/wp-json\/wp\/v2\/media\/44164"}],"wp:attachment":[{"href":"https:\/\/eltrabajo.cl\/portal\/wp-json\/wp\/v2\/media?parent=44163"}],"wp:term":[{"taxonomy":"category","embeddable":true,"href":"https:\/\/eltrabajo.cl\/portal\/wp-json\/wp\/v2\/categories?post=44163"},{"taxonomy":"post_tag","embeddable":true,"href":"https:\/\/eltrabajo.cl\/portal\/wp-json\/wp\/v2\/tags?post=44163"}],"curies":[{"name":"wp","href":"https:\/\/api.w.org\/{rel}","templated":true}]}}