{"id":44167,"date":"2014-03-12T10:06:53","date_gmt":"2014-03-12T13:06:53","guid":{"rendered":"http:\/\/www.eltrabajo.cl\/portal\/?p=44167"},"modified":"2014-03-12T10:08:46","modified_gmt":"2014-03-12T13:08:46","slug":"dos-casas-destruidas-y-otras-dos-con-danos-a-causa-de-voraz-incendio","status":"publish","type":"post","link":"https:\/\/eltrabajo.cl\/portal\/dos-casas-destruidas-y-otras-dos-con-danos-a-causa-de-voraz-incendio\/","title":{"rendered":"Dos casas destruidas y otras dos con da\u00f1os a causa de voraz incendio"},"content":{"rendered":"<figure id=\"attachment_44168\" aria-describedby=\"caption-attachment-44168\" style=\"width: 529px\" class=\"wp-caption alignnone\"><img data-recalc-dims=\"1\" loading=\"lazy\" decoding=\"async\" class=\"size-full wp-image-44168\" alt=\"Dos casas completamente destruidas y otras dos con da\u00f1os fue el saldo de un voraz incendio declarado en horas de la madrugada de este martes en la poblaci\u00f3n Alonso de Ercilla.\" src=\"https:\/\/i0.wp.com\/www.eltrabajo.cl\/portal\/wp-content\/uploads\/2014\/03\/Fuego1.jpg?resize=529%2C374\" width=\"529\" height=\"374\" srcset=\"https:\/\/i0.wp.com\/eltrabajo.cl\/portal\/wp-content\/uploads\/2014\/03\/Fuego1.jpg?w=529&amp;ssl=1 529w, https:\/\/i0.wp.com\/eltrabajo.cl\/portal\/wp-content\/uploads\/2014\/03\/Fuego1.jpg?resize=200%2C141&amp;ssl=1 200w, https:\/\/i0.wp.com\/eltrabajo.cl\/portal\/wp-content\/uploads\/2014\/03\/Fuego1.jpg?resize=300%2C212&amp;ssl=1 300w, https:\/\/i0.wp.com\/eltrabajo.cl\/portal\/wp-content\/uploads\/2014\/03\/Fuego1.jpg?resize=150%2C106&amp;ssl=1 150w, https:\/\/i0.wp.com\/eltrabajo.cl\/portal\/wp-content\/uploads\/2014\/03\/Fuego1.jpg?resize=400%2C282&amp;ssl=1 400w\" sizes=\"auto, (max-width: 529px) 100vw, 529px\" \/><\/a><figcaption id=\"caption-attachment-44168\" class=\"wp-caption-text\">Dos casas completamente destruidas y otras dos con da\u00f1os fue el saldo de un voraz incendio declarado en horas de la madrugada de este martes en la poblaci\u00f3n Alonso de Ercilla.<\/figcaption><\/figure>\n<p><strong>LOS ANDES<\/strong>.- Dos casas completamente destruidas y otras dos con da\u00f1os fue el saldo de un voraz incendio declarado en horas de la madrugada de este martes en la poblaci\u00f3n Alonso de Ercilla. El siniestro se declar\u00f3 a eso de las seis de la ma\u00f1ana en un inmueble ubicado en Calle Paicav\u00ed N\u00ba 1621, propag\u00e1ndose en cosa de minutos a la casa colindante signada con el N\u00ba 1631.<\/p>\n<figure id=\"attachment_44169\" aria-describedby=\"caption-attachment-44169\" style=\"width: 423px\" class=\"wp-caption alignright\"><a href=\"https:\/\/i0.wp.com\/www.eltrabajo.cl\/portal\/wp-content\/uploads\/2014\/03\/Fuego2.jpg\"><img data-recalc-dims=\"1\" loading=\"lazy\" decoding=\"async\" class=\" wp-image-44169 \" alt=\"El siniestro se declar\u00f3 en un inmueble ubicado en Calle Paicav\u00ed N\u00ba 1621, propag\u00e1ndose en cosa de minutos a la casa colindante signada con el N\u00ba 1631.\" src=\"https:\/\/i0.wp.com\/www.eltrabajo.cl\/portal\/wp-content\/uploads\/2014\/03\/Fuego2.jpg?resize=423%2C286\" width=\"423\" height=\"286\" srcset=\"https:\/\/i0.wp.com\/eltrabajo.cl\/portal\/wp-content\/uploads\/2014\/03\/Fuego2.jpg?w=529&amp;ssl=1 529w, https:\/\/i0.wp.com\/eltrabajo.cl\/portal\/wp-content\/uploads\/2014\/03\/Fuego2.jpg?resize=200%2C135&amp;ssl=1 200w, https:\/\/i0.wp.com\/eltrabajo.cl\/portal\/wp-content\/uploads\/2014\/03\/Fuego2.jpg?resize=300%2C203&amp;ssl=1 300w, https:\/\/i0.wp.com\/eltrabajo.cl\/portal\/wp-content\/uploads\/2014\/03\/Fuego2.jpg?resize=150%2C101&amp;ssl=1 150w, https:\/\/i0.wp.com\/eltrabajo.cl\/portal\/wp-content\/uploads\/2014\/03\/Fuego2.jpg?resize=400%2C270&amp;ssl=1 400w\" sizes=\"auto, (max-width: 423px) 100vw, 423px\" \/><\/a><figcaption id=\"caption-attachment-44169\" class=\"wp-caption-text\">El siniestro se declar\u00f3 en un inmueble ubicado en Calle Paicav\u00ed N\u00ba 1621, propag\u00e1ndose en cosa de minutos a la casa colindante signada con el N\u00ba 1631.<\/figcaption><\/figure>\n<p>Ambos inmuebles comenzaron a arder violentamente y luego de ello las llamas alcanzaron la parte posterior y los patios de dos casas ubicadas por el pasaje Tegualda. A ra\u00edz de la emergencia debieron concurrir unidades de cuatro compa\u00f1\u00edas del Cuerpo de Bomberos de Los Andes que tras casi una hora de trabajo lograron controlar las llamas.<\/p>\n<p>Asimismo, personal del Departamento de Investigaci\u00f3n de Incendios de Bomberos se constituy\u00f3 en el sitio del suceso a fin de clarificar el origen del fuego. Seg\u00fan algunos vecinos y testigos, las llamas habr\u00edan sido provocadas por unos sujetos que inger\u00edan alcohol en la casa donde comenz\u00f3 el fuego, no obstante ello deber\u00e1 ser rectificado por la investigaci\u00f3n bomberil. Cabe consignar que uno de los domicilios siniestrados corresponde al del Capit\u00e1n de la Primera Compa\u00f1\u00eda de Bomberos de Los Andes.<\/p>\n<p>&nbsp;<\/p>\n","protected":false},"excerpt":{"rendered":"<p>LOS ANDES.- Dos casas completamente destruidas y otras dos con da\u00f1os fue el saldo de un voraz incendio declarado en horas de la madrugada de este martes en la poblaci\u00f3n Alonso de&#8230;<\/p>\n","protected":false},"author":482,"featured_media":44168,"comment_status":"open","ping_status":"closed","sticky":false,"template":"","format":"standard","meta":{"advanced_seo_description":"","jetpack_seo_html_title":"","jetpack_seo_noindex":false,"_jetpack_memberships_contains_paid_content":false,"footnotes":""},"categories":[21],"tags":[],"class_list":["post-44167","post","type-post","status-publish","format-standard","has-post-thumbnail","hentry","category-policial"],"jetpack_featured_media_url":"https:\/\/i0.wp.com\/eltrabajo.cl\/portal\/wp-content\/uploads\/2014\/03\/Fuego1.jpg?fit=529%2C374&ssl=1","jetpack_sharing_enabled":true,"jetpack_likes_enabled":true,"jetpack-related-posts":[],"_links":{"self":[{"href":"https:\/\/eltrabajo.cl\/portal\/wp-json\/wp\/v2\/posts\/44167","targetHints":{"allow":["GET"]}}],"collection":[{"href":"https:\/\/eltrabajo.cl\/portal\/wp-json\/wp\/v2\/posts"}],"about":[{"href":"https:\/\/eltrabajo.cl\/portal\/wp-json\/wp\/v2\/types\/post"}],"author":[{"embeddable":true,"href":"https:\/\/eltrabajo.cl\/portal\/wp-json\/wp\/v2\/users\/482"}],"replies":[{"embeddable":true,"href":"https:\/\/eltrabajo.cl\/portal\/wp-json\/wp\/v2\/comments?post=44167"}],"version-history":[{"count":0,"href":"https:\/\/eltrabajo.cl\/portal\/wp-json\/wp\/v2\/posts\/44167\/revisions"}],"wp:featuredmedia":[{"embeddable":true,"href":"https:\/\/eltrabajo.cl\/portal\/wp-json\/wp\/v2\/media\/44168"}],"wp:attachment":[{"href":"https:\/\/eltrabajo.cl\/portal\/wp-json\/wp\/v2\/media?parent=44167"}],"wp:term":[{"taxonomy":"category","embeddable":true,"href":"https:\/\/eltrabajo.cl\/portal\/wp-json\/wp\/v2\/categories?post=44167"},{"taxonomy":"post_tag","embeddable":true,"href":"https:\/\/eltrabajo.cl\/portal\/wp-json\/wp\/v2\/tags?post=44167"}],"curies":[{"name":"wp","href":"https:\/\/api.w.org\/{rel}","templated":true}]}}