{"id":44172,"date":"2014-03-12T10:08:21","date_gmt":"2014-03-12T13:08:21","guid":{"rendered":"http:\/\/www.eltrabajo.cl\/portal\/?p=44172"},"modified":"2014-03-12T10:08:21","modified_gmt":"2014-03-12T13:08:21","slug":"autoridades-de-catemu-sacaron-a-gitanos-de-su-comuna","status":"publish","type":"post","link":"https:\/\/eltrabajo.cl\/portal\/autoridades-de-catemu-sacaron-a-gitanos-de-su-comuna\/","title":{"rendered":"Autoridades de Catemu sacaron a gitanos de su comuna"},"content":{"rendered":"<figure id=\"attachment_44173\" aria-describedby=\"caption-attachment-44173\" style=\"width: 529px\" class=\"wp-caption alignnone\"><img data-recalc-dims=\"1\" loading=\"lazy\" decoding=\"async\" class=\"size-full wp-image-44173\" alt=\"Al mediod\u00eda del jueves 06 de marzo y con la presencia de Carabineros, se realiz\u00f3 el desalojo de la comunidad de gitanos que hab\u00edan instalado un campamento ilegal en un terreno particular en el sector El Array\u00e1n de Catemu. (Foto archivo)\" src=\"https:\/\/i0.wp.com\/www.eltrabajo.cl\/portal\/wp-content\/uploads\/2014\/03\/Gitanos1.jpg?resize=529%2C384\" width=\"529\" height=\"384\" srcset=\"https:\/\/i0.wp.com\/eltrabajo.cl\/portal\/wp-content\/uploads\/2014\/03\/Gitanos1.jpg?w=529&amp;ssl=1 529w, https:\/\/i0.wp.com\/eltrabajo.cl\/portal\/wp-content\/uploads\/2014\/03\/Gitanos1.jpg?resize=200%2C145&amp;ssl=1 200w, https:\/\/i0.wp.com\/eltrabajo.cl\/portal\/wp-content\/uploads\/2014\/03\/Gitanos1.jpg?resize=300%2C217&amp;ssl=1 300w, https:\/\/i0.wp.com\/eltrabajo.cl\/portal\/wp-content\/uploads\/2014\/03\/Gitanos1.jpg?resize=150%2C108&amp;ssl=1 150w, https:\/\/i0.wp.com\/eltrabajo.cl\/portal\/wp-content\/uploads\/2014\/03\/Gitanos1.jpg?resize=400%2C290&amp;ssl=1 400w\" sizes=\"auto, (max-width: 529px) 100vw, 529px\" \/><\/a><figcaption id=\"caption-attachment-44173\" class=\"wp-caption-text\">Al mediod\u00eda del jueves 06 de marzo y con la presencia de Carabineros, se realiz\u00f3 el desalojo de la comunidad de gitanos que hab\u00edan instalado un campamento ilegal en un terreno particular en el sector El Array\u00e1n de Catemu. (Foto archivo)<\/figcaption><\/figure>\n<p><strong>CATEMU.<\/strong>&#8211; Al mediod\u00eda del jueves 06 de marzo y con la presencia de Carabineros, se realiz\u00f3 el desalojo de la comunidad de gitanos que hab\u00edan instalado un campamento ilegal en un terreno particular en el sector El Array\u00e1n de Catemu. Los vecinos del sector se hab\u00edan quejado en diversas ocasiones por las peleas, borracheras, suciedad y malas pr\u00e1cticas como colgarse ilegalmente del tendido el\u00e9ctrico y hacer sus necesidades en cualquier lugar del sitio, las que eran vistas a diario.<\/p>\n<p>Esto lleg\u00f3 a su fin luego de una gesti\u00f3n del Alcalde Boris luksic quien, junto al Teniente de Carabineros Freddy Ortega, se juntaran con los gitanos el d\u00eda mi\u00e9rcoles y llegaran a un acuerdo para cumplir con la orden de la Autoridad Sanitaria y de la Intendencia, de forma totalmente pacif\u00edca.<\/p>\n<p>Al respecto mientras se realizaba el desalojo el Teniente Ortega se\u00f1al\u00f3 que \u201crealizamos una coordinaci\u00f3n con el Alcalde de la Comuna, con la Autoridad Sanitaria y la Intendencia, lo que permiti\u00f3 que hoy (jueves) se desarrolle el desalojo del campamento gitano, para eso llegamos a un acuerdo donde la Municipalidad puso un cami\u00f3n para trasladar todas sus pertenencias y bencina para los gitanos que se movilizan en sus propios veh\u00edculos. Las familias gitanas se est\u00e1n trasladando hacia las localidades de Pe\u00f1ablanca y otros a Los Vilos. El desalojo se realiz\u00f3 en forma pacifica y nuestra presencia obedece al resguardo para que se concrete la orden, en una cooperaci\u00f3n con Carabineros de la Subcomisar\u00eda de Llay Llay y de la Tenencia de Catemu, en una coordinaci\u00f3n que realizamos con el capit\u00e1n Maureira\u201d.<\/p>\n<p>Adem\u00e1s la Autoridad de Salud, orden\u00f3 a los due\u00f1os del predio agr\u00edcola el cierre total de dicho sitio, lo que a su vez servir\u00e1 para que esta situaci\u00f3n no se repita. Al ver el procedimiento los vecinos del sector expresaron su satisfacci\u00f3n por la medida, debido a que la situaci\u00f3n higi\u00e9nica y social ya no daba para m\u00e1s. En el procedimiento de desalojo tambi\u00e9n se hizo presente el Concejal Claudio N\u00fa\u00f1ez.<\/p>\n<p>&nbsp;<\/p>\n","protected":false},"excerpt":{"rendered":"<p>CATEMU.&#8211; Al mediod\u00eda del jueves 06 de marzo y con la presencia de Carabineros, se realiz\u00f3 el desalojo de la comunidad de gitanos que hab\u00edan instalado un campamento ilegal en un terreno&#8230;<\/p>\n","protected":false},"author":482,"featured_media":44173,"comment_status":"open","ping_status":"closed","sticky":false,"template":"","format":"standard","meta":{"advanced_seo_description":"","jetpack_seo_html_title":"","jetpack_seo_noindex":false,"_jetpack_memberships_contains_paid_content":false,"footnotes":""},"categories":[21],"tags":[],"class_list":["post-44172","post","type-post","status-publish","format-standard","has-post-thumbnail","hentry","category-policial"],"jetpack_featured_media_url":"https:\/\/i0.wp.com\/eltrabajo.cl\/portal\/wp-content\/uploads\/2014\/03\/Gitanos1.jpg?fit=529%2C384&ssl=1","jetpack_sharing_enabled":true,"jetpack_likes_enabled":true,"jetpack-related-posts":[],"_links":{"self":[{"href":"https:\/\/eltrabajo.cl\/portal\/wp-json\/wp\/v2\/posts\/44172","targetHints":{"allow":["GET"]}}],"collection":[{"href":"https:\/\/eltrabajo.cl\/portal\/wp-json\/wp\/v2\/posts"}],"about":[{"href":"https:\/\/eltrabajo.cl\/portal\/wp-json\/wp\/v2\/types\/post"}],"author":[{"embeddable":true,"href":"https:\/\/eltrabajo.cl\/portal\/wp-json\/wp\/v2\/users\/482"}],"replies":[{"embeddable":true,"href":"https:\/\/eltrabajo.cl\/portal\/wp-json\/wp\/v2\/comments?post=44172"}],"version-history":[{"count":0,"href":"https:\/\/eltrabajo.cl\/portal\/wp-json\/wp\/v2\/posts\/44172\/revisions"}],"wp:featuredmedia":[{"embeddable":true,"href":"https:\/\/eltrabajo.cl\/portal\/wp-json\/wp\/v2\/media\/44173"}],"wp:attachment":[{"href":"https:\/\/eltrabajo.cl\/portal\/wp-json\/wp\/v2\/media?parent=44172"}],"wp:term":[{"taxonomy":"category","embeddable":true,"href":"https:\/\/eltrabajo.cl\/portal\/wp-json\/wp\/v2\/categories?post=44172"},{"taxonomy":"post_tag","embeddable":true,"href":"https:\/\/eltrabajo.cl\/portal\/wp-json\/wp\/v2\/tags?post=44172"}],"curies":[{"name":"wp","href":"https:\/\/api.w.org\/{rel}","templated":true}]}}