{"id":44176,"date":"2014-03-12T10:10:24","date_gmt":"2014-03-12T13:10:24","guid":{"rendered":"http:\/\/www.eltrabajo.cl\/portal\/?p=44176"},"modified":"2014-03-12T10:10:36","modified_gmt":"2014-03-12T13:10:36","slug":"adulto-mayor-fallece-mientras-esperaba-atencion-en-cesfam","status":"publish","type":"post","link":"https:\/\/eltrabajo.cl\/portal\/adulto-mayor-fallece-mientras-esperaba-atencion-en-cesfam\/","title":{"rendered":"Adulto mayor fallece mientras esperaba atenci\u00f3n en Cesfam"},"content":{"rendered":"<figure id=\"attachment_44177\" aria-describedby=\"caption-attachment-44177\" style=\"width: 529px\" class=\"wp-caption alignnone\"><img data-recalc-dims=\"1\" loading=\"lazy\" decoding=\"async\" class=\"size-full wp-image-44177\" alt=\"V\u00edctor Mu\u00f1oz Far\u00edas falleci\u00f3 al interior del Cesfam Valle Los Libertadores de Putaendo, mientras esperaba atenci\u00f3n m\u00e9dica.\" src=\"https:\/\/i0.wp.com\/www.eltrabajo.cl\/portal\/wp-content\/uploads\/2014\/03\/Abuelo1.jpg?resize=529%2C358\" width=\"529\" height=\"358\" srcset=\"https:\/\/i0.wp.com\/eltrabajo.cl\/portal\/wp-content\/uploads\/2014\/03\/Abuelo1.jpg?w=529&amp;ssl=1 529w, https:\/\/i0.wp.com\/eltrabajo.cl\/portal\/wp-content\/uploads\/2014\/03\/Abuelo1.jpg?resize=200%2C135&amp;ssl=1 200w, https:\/\/i0.wp.com\/eltrabajo.cl\/portal\/wp-content\/uploads\/2014\/03\/Abuelo1.jpg?resize=300%2C203&amp;ssl=1 300w, https:\/\/i0.wp.com\/eltrabajo.cl\/portal\/wp-content\/uploads\/2014\/03\/Abuelo1.jpg?resize=150%2C101&amp;ssl=1 150w, https:\/\/i0.wp.com\/eltrabajo.cl\/portal\/wp-content\/uploads\/2014\/03\/Abuelo1.jpg?resize=400%2C270&amp;ssl=1 400w\" sizes=\"auto, (max-width: 529px) 100vw, 529px\" \/><\/a><figcaption id=\"caption-attachment-44177\" class=\"wp-caption-text\">V\u00edctor Mu\u00f1oz Far\u00edas falleci\u00f3 al interior del Cesfam Valle Los Libertadores de Putaendo, mientras esperaba atenci\u00f3n m\u00e9dica.<\/figcaption><\/figure>\n<p><strong>PUTAENDO.<\/strong>&#8211; Un adulto mayor de 67 a\u00f1os de edad, identificado como V\u00edctor Mu\u00f1oz Far\u00edas, falleci\u00f3 al interior del Cesfam Valle Los Libertadores de Putaendo, mientras esperaba atenci\u00f3n m\u00e9dica.<\/p>\n<p>La informaci\u00f3n oficial entregada por la directora del recinto, Mireya Ponce, quien se\u00f1ala que V\u00edctor Mu\u00f1oz lleg\u00f3 a eso de las 07:00 horas e ingres\u00f3 al Cesfam, pues estaba citado para realizarse algunos ex\u00e1menes y que a eso de las 07:15 horas aproximadamente y mientras se encontraba sentado en la sala de espera repentinamente se desvaneci\u00f3, lo que fue advertido por los funcionarios administrativos, quienes r\u00e1pidamente solicitaron ayuda a personal del Samu que se encontraba frente a las dependencias del Cesfam.<\/p>\n<p>La Directora del Cesfam dijo que a pesar que el personal del Samu lleg\u00f3 r\u00e1pidamente al lugar, s\u00f3lo pudieron constatar la muerte de Mu\u00f1oz, el que hab\u00eda visitado el recinto en varias ocasiones en el \u00faltimo tiempo y que estaba siendo tratado por varios cuadros cr\u00f3nicos como hipertensi\u00f3n, da\u00f1o hep\u00e1tico y diabetes.<\/p>\n<p>La m\u00e9dico que habitualmente atend\u00eda al hoy fallecido habr\u00eda confirmado que el adulto mayor habr\u00eda fallecido debido a un paro cardiaco fulminante.<\/p>\n<p>Familiares del occiso y dirigentes de la Junta de Vecinos de Las Coimas llegaron hasta el Cesfam y luego que fuera firmado el certificado de defunci\u00f3n el cuerpo de V\u00edctor Mu\u00f1oz Far\u00edas fue retirado desde el interior del Cesfam.<\/p>\n<p>Este hecho gener\u00f3 conmoci\u00f3n entre los funcionarios del Cesfam que se vieron impactados por la muerte del adulto mayor y provoc\u00f3 un retraso de aproximadamente una hora en la atenci\u00f3n de p\u00fablico pues las puertas del recinto permanecieron cerradas y luego se aisl\u00f3 el lugar donde falleci\u00f3 el adulto mayor.<\/p>\n<p>Patricio Gallardo M.<\/p>\n<p>&nbsp;<\/p>\n","protected":false},"excerpt":{"rendered":"<p>PUTAENDO.&#8211; Un adulto mayor de 67 a\u00f1os de edad, identificado como V\u00edctor Mu\u00f1oz Far\u00edas, falleci\u00f3 al interior del Cesfam Valle Los Libertadores de Putaendo, mientras esperaba atenci\u00f3n m\u00e9dica. La informaci\u00f3n oficial entregada&#8230;<\/p>\n","protected":false},"author":482,"featured_media":44177,"comment_status":"open","ping_status":"closed","sticky":false,"template":"","format":"standard","meta":{"advanced_seo_description":"","jetpack_seo_html_title":"","jetpack_seo_noindex":false,"_jetpack_memberships_contains_paid_content":false,"footnotes":""},"categories":[21],"tags":[],"class_list":["post-44176","post","type-post","status-publish","format-standard","has-post-thumbnail","hentry","category-policial"],"jetpack_featured_media_url":"https:\/\/i0.wp.com\/eltrabajo.cl\/portal\/wp-content\/uploads\/2014\/03\/Abuelo1.jpg?fit=529%2C358&ssl=1","jetpack_sharing_enabled":true,"jetpack_likes_enabled":true,"jetpack-related-posts":[],"_links":{"self":[{"href":"https:\/\/eltrabajo.cl\/portal\/wp-json\/wp\/v2\/posts\/44176","targetHints":{"allow":["GET"]}}],"collection":[{"href":"https:\/\/eltrabajo.cl\/portal\/wp-json\/wp\/v2\/posts"}],"about":[{"href":"https:\/\/eltrabajo.cl\/portal\/wp-json\/wp\/v2\/types\/post"}],"author":[{"embeddable":true,"href":"https:\/\/eltrabajo.cl\/portal\/wp-json\/wp\/v2\/users\/482"}],"replies":[{"embeddable":true,"href":"https:\/\/eltrabajo.cl\/portal\/wp-json\/wp\/v2\/comments?post=44176"}],"version-history":[{"count":0,"href":"https:\/\/eltrabajo.cl\/portal\/wp-json\/wp\/v2\/posts\/44176\/revisions"}],"wp:featuredmedia":[{"embeddable":true,"href":"https:\/\/eltrabajo.cl\/portal\/wp-json\/wp\/v2\/media\/44177"}],"wp:attachment":[{"href":"https:\/\/eltrabajo.cl\/portal\/wp-json\/wp\/v2\/media?parent=44176"}],"wp:term":[{"taxonomy":"category","embeddable":true,"href":"https:\/\/eltrabajo.cl\/portal\/wp-json\/wp\/v2\/categories?post=44176"},{"taxonomy":"post_tag","embeddable":true,"href":"https:\/\/eltrabajo.cl\/portal\/wp-json\/wp\/v2\/tags?post=44176"}],"curies":[{"name":"wp","href":"https:\/\/api.w.org\/{rel}","templated":true}]}}