{"id":44181,"date":"2014-03-12T10:13:41","date_gmt":"2014-03-12T13:13:41","guid":{"rendered":"http:\/\/www.eltrabajo.cl\/portal\/?p=44181"},"modified":"2014-03-12T10:13:41","modified_gmt":"2014-03-12T13:13:41","slug":"trabajadores-de-epark-paralizados-por-problemas-en-sus-liquidaciones","status":"publish","type":"post","link":"https:\/\/eltrabajo.cl\/portal\/trabajadores-de-epark-paralizados-por-problemas-en-sus-liquidaciones\/","title":{"rendered":"Trabajadores de Epark paralizados por problemas en sus liquidaciones"},"content":{"rendered":"<figure id=\"attachment_44183\" aria-describedby=\"caption-attachment-44183\" style=\"width: 529px\" class=\"wp-caption alignnone\"><img data-recalc-dims=\"1\" loading=\"lazy\" decoding=\"async\" class=\"size-full wp-image-44183\" alt=\"Parte de los trabajadores que paralizaron sus funciones este martes a la espera de que de una vez por todas puedan solucionarle sus dificultades.\" src=\"https:\/\/i0.wp.com\/www.eltrabajo.cl\/portal\/wp-content\/uploads\/2014\/03\/epark-1.jpg?resize=529%2C301\" width=\"529\" height=\"301\" srcset=\"https:\/\/i0.wp.com\/eltrabajo.cl\/portal\/wp-content\/uploads\/2014\/03\/epark-1.jpg?w=529&amp;ssl=1 529w, https:\/\/i0.wp.com\/eltrabajo.cl\/portal\/wp-content\/uploads\/2014\/03\/epark-1.jpg?resize=200%2C113&amp;ssl=1 200w, https:\/\/i0.wp.com\/eltrabajo.cl\/portal\/wp-content\/uploads\/2014\/03\/epark-1.jpg?resize=300%2C170&amp;ssl=1 300w, https:\/\/i0.wp.com\/eltrabajo.cl\/portal\/wp-content\/uploads\/2014\/03\/epark-1.jpg?resize=150%2C85&amp;ssl=1 150w, https:\/\/i0.wp.com\/eltrabajo.cl\/portal\/wp-content\/uploads\/2014\/03\/epark-1.jpg?resize=400%2C227&amp;ssl=1 400w\" sizes=\"auto, (max-width: 529px) 100vw, 529px\" \/><\/a><figcaption id=\"caption-attachment-44183\" class=\"wp-caption-text\">Parte de los trabajadores que paralizaron sus funciones este martes a la espera de que de una vez por todas puedan solucionarle sus dificultades.<\/figcaption><\/figure>\n<p>Una treintena de trabajadores de la empresa Epark, paraliz\u00f3 sus funciones este martes por lo que llaman un \u201cdesorden absoluto\u201d de funcionamiento. En conversaci\u00f3n con Radio 10 algunos operarios se\u00f1alaron que \u201cel motivo para realizar este paro es por unas diferencias que tenemos en nuestras liquidaciones, hay cotizaciones no pagadas, hay cr\u00e9ditos de cajas de compensaci\u00f3n no pagadas, entonces quisimos arreglar esta situaci\u00f3n con la empresa a trav\u00e9s del se\u00f1or Z\u00fa\u00f1iga y \u00e9ste solo nos dijo que hici\u00e9ramos lo que quisi\u00e9ramos\u201d, agregando que \u201clos problemas que les hemos planteado no tienen soluci\u00f3n ahora\u201d.<\/p>\n<figure id=\"attachment_44182\" aria-describedby=\"caption-attachment-44182\" style=\"width: 423px\" class=\"wp-caption alignright\"><a href=\"https:\/\/i0.wp.com\/www.eltrabajo.cl\/portal\/wp-content\/uploads\/2014\/03\/epark-2.jpg\"><img data-recalc-dims=\"1\" loading=\"lazy\" decoding=\"async\" class=\" wp-image-44182 \" alt=\"V\u00edctor Z\u00fa\u00f1iga charla con los disgustados trabajadores en plena Plaza de Armas de San Felipe.\" src=\"https:\/\/i0.wp.com\/www.eltrabajo.cl\/portal\/wp-content\/uploads\/2014\/03\/epark-2.jpg?resize=423%2C321\" width=\"423\" height=\"321\" srcset=\"https:\/\/i0.wp.com\/eltrabajo.cl\/portal\/wp-content\/uploads\/2014\/03\/epark-2.jpg?w=529&amp;ssl=1 529w, https:\/\/i0.wp.com\/eltrabajo.cl\/portal\/wp-content\/uploads\/2014\/03\/epark-2.jpg?resize=197%2C150&amp;ssl=1 197w, https:\/\/i0.wp.com\/eltrabajo.cl\/portal\/wp-content\/uploads\/2014\/03\/epark-2.jpg?resize=300%2C227&amp;ssl=1 300w, https:\/\/i0.wp.com\/eltrabajo.cl\/portal\/wp-content\/uploads\/2014\/03\/epark-2.jpg?resize=150%2C113&amp;ssl=1 150w, https:\/\/i0.wp.com\/eltrabajo.cl\/portal\/wp-content\/uploads\/2014\/03\/epark-2.jpg?resize=400%2C303&amp;ssl=1 400w\" sizes=\"auto, (max-width: 423px) 100vw, 423px\" \/><\/a><figcaption id=\"caption-attachment-44182\" class=\"wp-caption-text\">V\u00edctor Z\u00fa\u00f1iga charla con los disgustados trabajadores en plena Plaza de Armas de San Felipe.<\/figcaption><\/figure>\n<p>El grupo de trabajadores concord\u00f3 en que existe demasiada desinformaci\u00f3n y nula conexi\u00f3n con la empresa. \u201cEstamos esperando que la municipalidad nos ayude porque el se\u00f1or Patricio Gonz\u00e1lez se comprometi\u00f3 a ayudarnos a que esto se solucione hoy mismo, le hemos planteado m\u00e1s de una vez este tipo de situaciones a los que son jefes y no nos han dado ninguna soluci\u00f3n. Ac\u00e1 falta que alguien intervenga porque la empresa se compromete y se compromete una y otra vez y no cumple\u201d, agreg\u00f3 Z\u00fa\u00f1iga.<\/p>\n<p>&nbsp;<\/p>\n<p><strong>HAY DESORDEN<\/strong><\/p>\n<p>V\u00edctor Z\u00fa\u00f1iga, de la empresa Epark, se\u00f1al\u00f3 a Diario El Trabajo que \u201ctenemos una deuda de arrastre. Lamentablemente tuvimos una administraci\u00f3n con poca supervisi\u00f3n y que no manej\u00f3 los sueldos todo lo ordenado que correspond\u00eda\u201d.<\/p>\n<p><strong>&#8211; Pero los problemas vienen de los sueldos \u00bfse pagan ac\u00e1 los sueldos o en Santiago?<\/strong><\/p>\n<p>&#8211; \u201cLa informaci\u00f3n sale desde ac\u00e1, pero los pagos en Santiago, debido a los flujos de informaci\u00f3n que se generan y que aparentemente dichos flujos no funcionaron debidamente\u201d.<\/p>\n<p><strong>&#8211; \u00bfQu\u00e9 pasa con el tema de las imposiciones?<\/strong><\/p>\n<p>&#8211; \u201cHay un no pago de imposiciones. Ahora la municipalidad nos va a llamar y esperamos encontrar una salida a esto. Yo creo que los muchachos entienden que deben volver a trabajar porque las soluciones las encontraremos juntos\u201d.<\/p>\n<p>En una improvisada reuni\u00f3n con los trabajadores, V\u00edctor Z\u00fa\u00f1iga les advirti\u00f3 que esta no es una paralizaci\u00f3n legal, cosa que no gust\u00f3 entre los funcionarios, por lo que aprovecharon de reprocharle los dem\u00e1s puntos que incomodan su situaci\u00f3n laboral.<\/p>\n<p>En tanto desde el municipio, se\u00f1alaron que \u201cesta es una situaci\u00f3n complicada, porque de verdad ya se hab\u00edan conversado con la empresa que este tipo de problemas se zanjar\u00edan en el breve plazo\u201d. Aclararon en todo caso que debe ser la propia empresa la que llame a sus trabajadores y despeje toda posibilidad de conflicto, de lo contrario es dif\u00edcil sostener un contrato de funcionamiento con ellos.<\/p>\n<p>&nbsp;<\/p>\n","protected":false},"excerpt":{"rendered":"<p>Una treintena de trabajadores de la empresa Epark, paraliz\u00f3 sus funciones este martes por lo que llaman un \u201cdesorden absoluto\u201d de funcionamiento. En conversaci\u00f3n con Radio 10 algunos operarios se\u00f1alaron que \u201cel&#8230;<\/p>\n","protected":false},"author":482,"featured_media":44183,"comment_status":"open","ping_status":"closed","sticky":false,"template":"","format":"standard","meta":{"advanced_seo_description":"","jetpack_seo_html_title":"","jetpack_seo_noindex":false,"_jetpack_memberships_contains_paid_content":false,"footnotes":""},"categories":[1],"tags":[],"class_list":["post-44181","post","type-post","status-publish","format-standard","has-post-thumbnail","hentry","category-cronica"],"jetpack_featured_media_url":"https:\/\/i0.wp.com\/eltrabajo.cl\/portal\/wp-content\/uploads\/2014\/03\/epark-1.jpg?fit=529%2C301&ssl=1","jetpack_sharing_enabled":true,"jetpack_likes_enabled":true,"jetpack-related-posts":[],"_links":{"self":[{"href":"https:\/\/eltrabajo.cl\/portal\/wp-json\/wp\/v2\/posts\/44181","targetHints":{"allow":["GET"]}}],"collection":[{"href":"https:\/\/eltrabajo.cl\/portal\/wp-json\/wp\/v2\/posts"}],"about":[{"href":"https:\/\/eltrabajo.cl\/portal\/wp-json\/wp\/v2\/types\/post"}],"author":[{"embeddable":true,"href":"https:\/\/eltrabajo.cl\/portal\/wp-json\/wp\/v2\/users\/482"}],"replies":[{"embeddable":true,"href":"https:\/\/eltrabajo.cl\/portal\/wp-json\/wp\/v2\/comments?post=44181"}],"version-history":[{"count":0,"href":"https:\/\/eltrabajo.cl\/portal\/wp-json\/wp\/v2\/posts\/44181\/revisions"}],"wp:featuredmedia":[{"embeddable":true,"href":"https:\/\/eltrabajo.cl\/portal\/wp-json\/wp\/v2\/media\/44183"}],"wp:attachment":[{"href":"https:\/\/eltrabajo.cl\/portal\/wp-json\/wp\/v2\/media?parent=44181"}],"wp:term":[{"taxonomy":"category","embeddable":true,"href":"https:\/\/eltrabajo.cl\/portal\/wp-json\/wp\/v2\/categories?post=44181"},{"taxonomy":"post_tag","embeddable":true,"href":"https:\/\/eltrabajo.cl\/portal\/wp-json\/wp\/v2\/tags?post=44181"}],"curies":[{"name":"wp","href":"https:\/\/api.w.org\/{rel}","templated":true}]}}