{"id":44186,"date":"2014-03-12T10:17:02","date_gmt":"2014-03-12T13:17:02","guid":{"rendered":"http:\/\/www.eltrabajo.cl\/portal\/?p=44186"},"modified":"2014-03-12T10:17:02","modified_gmt":"2014-03-12T13:17:02","slug":"choque-frontal-deja-cuatro-heridos-graves-en-carretera-putaendo-san-felipe","status":"publish","type":"post","link":"https:\/\/eltrabajo.cl\/portal\/choque-frontal-deja-cuatro-heridos-graves-en-carretera-putaendo-san-felipe\/","title":{"rendered":"Choque frontal deja cuatro heridos graves en carretera Putaendo-San Felipe"},"content":{"rendered":"<figure id=\"attachment_44187\" aria-describedby=\"caption-attachment-44187\" style=\"width: 529px\" class=\"wp-caption alignnone\"><a href=\"https:\/\/i0.wp.com\/www.eltrabajo.cl\/portal\/wp-content\/uploads\/2014\/03\/ACCIDENTE-CARRETERA-1.jpg\"><img data-recalc-dims=\"1\" loading=\"lazy\" decoding=\"async\" class=\"size-full wp-image-44187\" alt=\"Un grave accidente de tr\u00e1nsito que involucr\u00f3 a dos veh\u00edculos, se registr\u00f3 la ma\u00f1ana de este martes en la carretera que une Putaendo con San Felipe en las cercan\u00edas del Puente Enc\u00f3n.\" src=\"https:\/\/i0.wp.com\/www.eltrabajo.cl\/portal\/wp-content\/uploads\/2014\/03\/ACCIDENTE-CARRETERA-1.jpg?resize=529%2C358\" width=\"529\" height=\"358\" srcset=\"https:\/\/i0.wp.com\/eltrabajo.cl\/portal\/wp-content\/uploads\/2014\/03\/ACCIDENTE-CARRETERA-1.jpg?w=529&amp;ssl=1 529w, https:\/\/i0.wp.com\/eltrabajo.cl\/portal\/wp-content\/uploads\/2014\/03\/ACCIDENTE-CARRETERA-1.jpg?resize=200%2C135&amp;ssl=1 200w, https:\/\/i0.wp.com\/eltrabajo.cl\/portal\/wp-content\/uploads\/2014\/03\/ACCIDENTE-CARRETERA-1.jpg?resize=300%2C203&amp;ssl=1 300w, https:\/\/i0.wp.com\/eltrabajo.cl\/portal\/wp-content\/uploads\/2014\/03\/ACCIDENTE-CARRETERA-1.jpg?resize=150%2C101&amp;ssl=1 150w, https:\/\/i0.wp.com\/eltrabajo.cl\/portal\/wp-content\/uploads\/2014\/03\/ACCIDENTE-CARRETERA-1.jpg?resize=400%2C270&amp;ssl=1 400w\" sizes=\"auto, (max-width: 529px) 100vw, 529px\" \/><\/a><figcaption id=\"caption-attachment-44187\" class=\"wp-caption-text\">Un grave accidente de tr\u00e1nsito que involucr\u00f3 a dos veh\u00edculos, se registr\u00f3 la ma\u00f1ana de este martes en la carretera que une Putaendo con San Felipe en las cercan\u00edas del Puente Enc\u00f3n.<\/figcaption><\/figure>\n<p>Un grave accidente de tr\u00e1nsito que involucr\u00f3 a dos veh\u00edculos, se registr\u00f3 la ma\u00f1ana de este martes en la carretera que une Putaendo con San Felipe en las cercan\u00edas del Puente Enc\u00f3n. El hecho se registr\u00f3 pasadas las 08:30 horas cuando dos veh\u00edculos chocaron en forma frontal a alta energ\u00eda, aparentemente debido a una maniobra de adelantamiento por parte de uno de los autom\u00f3viles involucrados.<\/p>\n<p>Desde San Felipe hacia Putaendo transitaba el colectivo de la l\u00ednea Ecopsa, un Hyundai Accent, patente BX-RK-30 conducido por Adolfo Nieto con domicilio en Granallas, mientras que en sentido contrario circulaba el veh\u00edculo K\u00eda R\u00edo, conducido por Edison L\u00f3pez Ram\u00edrez, quien habr\u00eda realizado una maniobra de adelantamiento e impact\u00f3 de lleno al colectivo de manera frontal. Como resultado del fuerte impacto los cuatro ocupantes del veh\u00edculo resultaron gravemente heridos al igual que el conductor del veh\u00edculo K\u00eda, por lo que fue necesario el trabajo de tres ambulancias del Samu y personal de rescate del Cuerpo de Bomberos de San Felipe.<\/p>\n<p>Los ocupantes del colectivo identificados como Jaime D\u00edaz, el conductor Adolfo Nieto y la funcionaria de Secplac de la Municipalidad de Putaendo Leslie Canales resultaron policontusos con lesiones de car\u00e1cter grave y hasta el cierre de esta edici\u00f3n permanecen internados en el Hospital San Camilo de San Felipe. En tanto, el conductor del veh\u00edculo K\u00eda result\u00f3 con fractura de f\u00e9mur de car\u00e1cter grave.<\/p>\n<p>El accidente origin\u00f3 una congesti\u00f3n vehicular de varios kil\u00f3metros, ya que por casi 30 minutos el tr\u00e1nsito estuvo suspendido en ambos sentidos y la v\u00eda alternativa, un camino de tierra que est\u00e1 en forma paralela a la carretera no fue capaz de soportar la gran cantidad de veh\u00edculos que a esa hora se movilizaba entre Putaendo y San Felipe.<\/p>\n<p>Patricio Gallardo M.<\/p>\n<div class=\"tiled-gallery type-rectangular tiled-gallery-unresized\" data-original-width=\"640\" data-carousel-extra='null' itemscope itemtype=\"http:\/\/schema.org\/ImageGallery\" > <div class=\"gallery-row\" style=\"width: 640px; height: 290px;\" data-original-width=\"640\" data-original-height=\"290\" > <div class=\"gallery-group images-1\" style=\"width: 427px; height: 290px;\" data-original-width=\"427\" data-original-height=\"290\" > <div class=\"tiled-gallery-item tiled-gallery-item-large\" itemprop=\"associatedMedia\" itemscope itemtype=\"http:\/\/schema.org\/ImageObject\"> <a href=\"https:\/\/eltrabajo.cl\/portal\/choque-frontal-deja-cuatro-heridos-graves-en-carretera-putaendo-san-felipe\/accidente-carretera-4\/\" border=\"0\" itemprop=\"url\"> <meta itemprop=\"width\" content=\"423\"> <meta itemprop=\"height\" content=\"286\"> <img decoding=\"async\" class=\"\" data-attachment-id=\"44188\" data-orig-file=\"https:\/\/eltrabajo.cl\/portal\/wp-content\/uploads\/2014\/03\/ACCIDENTE-CARRETERA-4.jpg\" data-orig-size=\"529,358\" data-comments-opened=\"1\" data-image-meta=\"{&quot;aperture&quot;:&quot;8&quot;,&quot;credit&quot;:&quot;&quot;,&quot;camera&quot;:&quot;Canon EOS REBEL T3i&quot;,&quot;caption&quot;:&quot;&quot;,&quot;created_timestamp&quot;:&quot;1394525207&quot;,&quot;copyright&quot;:&quot;[wopmind]&quot;,&quot;focal_length&quot;:&quot;18&quot;,&quot;iso&quot;:&quot;400&quot;,&quot;shutter_speed&quot;:&quot;0.005&quot;,&quot;title&quot;:&quot;&quot;}\" data-image-title=\"ACCIDENTE CARRETERA (4)\" data-image-description=\"&lt;p&gt;Los ocupantes del colectivo resultaron policontusos con lesiones de car\u00e1cter grave.&lt;\/p&gt; \" data-medium-file=\"https:\/\/i0.wp.com\/eltrabajo.cl\/portal\/wp-content\/uploads\/2014\/03\/ACCIDENTE-CARRETERA-4.jpg?fit=300%2C203&#038;ssl=1\" data-large-file=\"https:\/\/i0.wp.com\/eltrabajo.cl\/portal\/wp-content\/uploads\/2014\/03\/ACCIDENTE-CARRETERA-4.jpg?fit=529%2C358&#038;ssl=1\" src=\"https:\/\/i0.wp.com\/eltrabajo.cl\/portal\/wp-content\/uploads\/2014\/03\/ACCIDENTE-CARRETERA-4.jpg?w=423&#038;h=286&#038;ssl=1\" srcset=\"https:\/\/i0.wp.com\/eltrabajo.cl\/portal\/wp-content\/uploads\/2014\/03\/ACCIDENTE-CARRETERA-4.jpg?w=529&amp;ssl=1 529w, https:\/\/i0.wp.com\/eltrabajo.cl\/portal\/wp-content\/uploads\/2014\/03\/ACCIDENTE-CARRETERA-4.jpg?resize=200%2C135&amp;ssl=1 200w, https:\/\/i0.wp.com\/eltrabajo.cl\/portal\/wp-content\/uploads\/2014\/03\/ACCIDENTE-CARRETERA-4.jpg?resize=300%2C203&amp;ssl=1 300w, https:\/\/i0.wp.com\/eltrabajo.cl\/portal\/wp-content\/uploads\/2014\/03\/ACCIDENTE-CARRETERA-4.jpg?resize=150%2C101&amp;ssl=1 150w, https:\/\/i0.wp.com\/eltrabajo.cl\/portal\/wp-content\/uploads\/2014\/03\/ACCIDENTE-CARRETERA-4.jpg?resize=400%2C270&amp;ssl=1 400w\" width=\"423\" height=\"286\" loading=\"lazy\" data-original-width=\"423\" data-original-height=\"286\" itemprop=\"http:\/\/schema.org\/image\" title=\"ACCIDENTE CARRETERA (4)\" alt=\"Los ocupantes del colectivo resultaron policontusos con lesiones de car\u00e1cter grave.\" style=\"width: 423px; height: 286px;\" \/> <\/a> <div class=\"tiled-gallery-caption\" itemprop=\"caption description\"> Los ocupantes del colectivo resultaron policontusos con lesiones de car\u00e1cter grave. <\/div> <\/div> <\/div> <!-- close group --> <div class=\"gallery-group images-2\" style=\"width: 213px; height: 290px;\" data-original-width=\"213\" data-original-height=\"290\" > <div class=\"tiled-gallery-item tiled-gallery-item-small\" itemprop=\"associatedMedia\" itemscope itemtype=\"http:\/\/schema.org\/ImageObject\"> <a href=\"https:\/\/eltrabajo.cl\/portal\/choque-frontal-deja-cuatro-heridos-graves-en-carretera-putaendo-san-felipe\/accidente-carretera-2\/\" border=\"0\" itemprop=\"url\"> <meta itemprop=\"width\" content=\"209\"> <meta itemprop=\"height\" content=\"141\"> <img decoding=\"async\" class=\"\" data-attachment-id=\"44189\" data-orig-file=\"https:\/\/eltrabajo.cl\/portal\/wp-content\/uploads\/2014\/03\/ACCIDENTE-CARRETERA-2.jpg\" data-orig-size=\"529,358\" data-comments-opened=\"1\" data-image-meta=\"{&quot;aperture&quot;:&quot;5.6&quot;,&quot;credit&quot;:&quot;&quot;,&quot;camera&quot;:&quot;Canon EOS REBEL T3&quot;,&quot;caption&quot;:&quot;&quot;,&quot;created_timestamp&quot;:&quot;1381742824&quot;,&quot;copyright&quot;:&quot;&quot;,&quot;focal_length&quot;:&quot;57&quot;,&quot;iso&quot;:&quot;100&quot;,&quot;shutter_speed&quot;:&quot;0.00625&quot;,&quot;title&quot;:&quot;&quot;}\" data-image-title=\"ACCIDENTE CARRETERA (2)\" data-image-description=\"&lt;p&gt;El conductor del veh\u00edculo K\u00eda result\u00f3 con fractura de f\u00e9mur de car\u00e1cter grave.&lt;\/p&gt; \" data-medium-file=\"https:\/\/i0.wp.com\/eltrabajo.cl\/portal\/wp-content\/uploads\/2014\/03\/ACCIDENTE-CARRETERA-2.jpg?fit=300%2C203&#038;ssl=1\" data-large-file=\"https:\/\/i0.wp.com\/eltrabajo.cl\/portal\/wp-content\/uploads\/2014\/03\/ACCIDENTE-CARRETERA-2.jpg?fit=529%2C358&#038;ssl=1\" src=\"https:\/\/i0.wp.com\/eltrabajo.cl\/portal\/wp-content\/uploads\/2014\/03\/ACCIDENTE-CARRETERA-2.jpg?w=209&#038;h=141&#038;ssl=1\" srcset=\"https:\/\/i0.wp.com\/eltrabajo.cl\/portal\/wp-content\/uploads\/2014\/03\/ACCIDENTE-CARRETERA-2.jpg?w=529&amp;ssl=1 529w, https:\/\/i0.wp.com\/eltrabajo.cl\/portal\/wp-content\/uploads\/2014\/03\/ACCIDENTE-CARRETERA-2.jpg?resize=200%2C135&amp;ssl=1 200w, https:\/\/i0.wp.com\/eltrabajo.cl\/portal\/wp-content\/uploads\/2014\/03\/ACCIDENTE-CARRETERA-2.jpg?resize=300%2C203&amp;ssl=1 300w, https:\/\/i0.wp.com\/eltrabajo.cl\/portal\/wp-content\/uploads\/2014\/03\/ACCIDENTE-CARRETERA-2.jpg?resize=150%2C101&amp;ssl=1 150w, https:\/\/i0.wp.com\/eltrabajo.cl\/portal\/wp-content\/uploads\/2014\/03\/ACCIDENTE-CARRETERA-2.jpg?resize=400%2C270&amp;ssl=1 400w\" width=\"209\" height=\"141\" loading=\"lazy\" data-original-width=\"209\" data-original-height=\"141\" itemprop=\"http:\/\/schema.org\/image\" title=\"ACCIDENTE CARRETERA (2)\" alt=\"El conductor del veh\u00edculo K\u00eda result\u00f3 con fractura de f\u00e9mur de car\u00e1cter grave.\" style=\"width: 209px; height: 141px;\" \/> <\/a> <div class=\"tiled-gallery-caption\" itemprop=\"caption description\"> El conductor del veh\u00edculo K\u00eda result\u00f3 con fractura de f\u00e9mur de car\u00e1cter grave. <\/div> <\/div> <div class=\"tiled-gallery-item tiled-gallery-item-small\" itemprop=\"associatedMedia\" itemscope itemtype=\"http:\/\/schema.org\/ImageObject\"> <a href=\"https:\/\/eltrabajo.cl\/portal\/choque-frontal-deja-cuatro-heridos-graves-en-carretera-putaendo-san-felipe\/accidente-carretera-3\/\" border=\"0\" itemprop=\"url\"> <meta itemprop=\"width\" content=\"209\"> <meta itemprop=\"height\" content=\"141\"> <img decoding=\"async\" class=\"\" data-attachment-id=\"44190\" data-orig-file=\"https:\/\/eltrabajo.cl\/portal\/wp-content\/uploads\/2014\/03\/ACCIDENTE-CARRETERA-3.jpg\" data-orig-size=\"529,358\" data-comments-opened=\"1\" data-image-meta=\"{&quot;aperture&quot;:&quot;10&quot;,&quot;credit&quot;:&quot;&quot;,&quot;camera&quot;:&quot;Canon EOS REBEL T3&quot;,&quot;caption&quot;:&quot;&quot;,&quot;created_timestamp&quot;:&quot;1381742838&quot;,&quot;copyright&quot;:&quot;&quot;,&quot;focal_length&quot;:&quot;57&quot;,&quot;iso&quot;:&quot;800&quot;,&quot;shutter_speed&quot;:&quot;0.005&quot;,&quot;title&quot;:&quot;&quot;}\" data-image-title=\"ACCIDENTE CARRETERA (3)\" data-image-description=\"&lt;p&gt;Como resultado del fuerte impacto, los cuatro ocupantes del veh\u00edculo resultaron gravemente heridos al igual que el conductor del veh\u00edculo K\u00eda.&lt;\/p&gt; \" data-medium-file=\"https:\/\/i0.wp.com\/eltrabajo.cl\/portal\/wp-content\/uploads\/2014\/03\/ACCIDENTE-CARRETERA-3.jpg?fit=300%2C203&#038;ssl=1\" data-large-file=\"https:\/\/i0.wp.com\/eltrabajo.cl\/portal\/wp-content\/uploads\/2014\/03\/ACCIDENTE-CARRETERA-3.jpg?fit=529%2C358&#038;ssl=1\" src=\"https:\/\/i0.wp.com\/eltrabajo.cl\/portal\/wp-content\/uploads\/2014\/03\/ACCIDENTE-CARRETERA-3.jpg?w=209&#038;h=141&#038;ssl=1\" srcset=\"https:\/\/i0.wp.com\/eltrabajo.cl\/portal\/wp-content\/uploads\/2014\/03\/ACCIDENTE-CARRETERA-3.jpg?w=529&amp;ssl=1 529w, https:\/\/i0.wp.com\/eltrabajo.cl\/portal\/wp-content\/uploads\/2014\/03\/ACCIDENTE-CARRETERA-3.jpg?resize=200%2C135&amp;ssl=1 200w, https:\/\/i0.wp.com\/eltrabajo.cl\/portal\/wp-content\/uploads\/2014\/03\/ACCIDENTE-CARRETERA-3.jpg?resize=300%2C203&amp;ssl=1 300w, https:\/\/i0.wp.com\/eltrabajo.cl\/portal\/wp-content\/uploads\/2014\/03\/ACCIDENTE-CARRETERA-3.jpg?resize=150%2C101&amp;ssl=1 150w, https:\/\/i0.wp.com\/eltrabajo.cl\/portal\/wp-content\/uploads\/2014\/03\/ACCIDENTE-CARRETERA-3.jpg?resize=400%2C270&amp;ssl=1 400w\" width=\"209\" height=\"141\" loading=\"lazy\" data-original-width=\"209\" data-original-height=\"141\" itemprop=\"http:\/\/schema.org\/image\" title=\"ACCIDENTE CARRETERA (3)\" alt=\"Como resultado del fuerte impacto, los cuatro ocupantes del veh\u00edculo resultaron gravemente heridos al igual que el conductor del veh\u00edculo K\u00eda.\" style=\"width: 209px; height: 141px;\" \/> <\/a> <div class=\"tiled-gallery-caption\" itemprop=\"caption description\"> Como resultado del fuerte impacto, los cuatro ocupantes del veh\u00edculo resultaron gravemente heridos al igual que el conductor del veh\u00edculo K\u00eda. <\/div> <\/div> <\/div> <!-- close group --> <\/div> <!-- close row --> <\/div>\n","protected":false},"excerpt":{"rendered":"<p>Un grave accidente de tr\u00e1nsito que involucr\u00f3 a dos veh\u00edculos, se registr\u00f3 la ma\u00f1ana de este martes en la carretera que une Putaendo con San Felipe en las cercan\u00edas del Puente Enc\u00f3n&#8230;.<\/p>\n","protected":false},"author":482,"featured_media":44187,"comment_status":"open","ping_status":"closed","sticky":false,"template":"","format":"standard","meta":{"advanced_seo_description":"","jetpack_seo_html_title":"","jetpack_seo_noindex":false,"_jetpack_memberships_contains_paid_content":false,"footnotes":""},"categories":[21],"tags":[],"class_list":["post-44186","post","type-post","status-publish","format-standard","has-post-thumbnail","hentry","category-policial"],"jetpack_featured_media_url":"https:\/\/i0.wp.com\/eltrabajo.cl\/portal\/wp-content\/uploads\/2014\/03\/ACCIDENTE-CARRETERA-1.jpg?fit=529%2C358&ssl=1","jetpack_sharing_enabled":true,"jetpack_likes_enabled":true,"jetpack-related-posts":[],"_links":{"self":[{"href":"https:\/\/eltrabajo.cl\/portal\/wp-json\/wp\/v2\/posts\/44186","targetHints":{"allow":["GET"]}}],"collection":[{"href":"https:\/\/eltrabajo.cl\/portal\/wp-json\/wp\/v2\/posts"}],"about":[{"href":"https:\/\/eltrabajo.cl\/portal\/wp-json\/wp\/v2\/types\/post"}],"author":[{"embeddable":true,"href":"https:\/\/eltrabajo.cl\/portal\/wp-json\/wp\/v2\/users\/482"}],"replies":[{"embeddable":true,"href":"https:\/\/eltrabajo.cl\/portal\/wp-json\/wp\/v2\/comments?post=44186"}],"version-history":[{"count":0,"href":"https:\/\/eltrabajo.cl\/portal\/wp-json\/wp\/v2\/posts\/44186\/revisions"}],"wp:featuredmedia":[{"embeddable":true,"href":"https:\/\/eltrabajo.cl\/portal\/wp-json\/wp\/v2\/media\/44187"}],"wp:attachment":[{"href":"https:\/\/eltrabajo.cl\/portal\/wp-json\/wp\/v2\/media?parent=44186"}],"wp:term":[{"taxonomy":"category","embeddable":true,"href":"https:\/\/eltrabajo.cl\/portal\/wp-json\/wp\/v2\/categories?post=44186"},{"taxonomy":"post_tag","embeddable":true,"href":"https:\/\/eltrabajo.cl\/portal\/wp-json\/wp\/v2\/tags?post=44186"}],"curies":[{"name":"wp","href":"https:\/\/api.w.org\/{rel}","templated":true}]}}