{"id":44197,"date":"2014-03-13T09:28:49","date_gmt":"2014-03-13T12:28:49","guid":{"rendered":"http:\/\/www.eltrabajo.cl\/portal\/?p=44197"},"modified":"2014-03-13T09:28:49","modified_gmt":"2014-03-13T12:28:49","slug":"vecinos-autoridades-y-dirigentes-plantearon-dudas-y-reclamos-ante-esval","status":"publish","type":"post","link":"https:\/\/eltrabajo.cl\/portal\/vecinos-autoridades-y-dirigentes-plantearon-dudas-y-reclamos-ante-esval\/","title":{"rendered":"Vecinos, autoridades y dirigentes plantearon dudas y reclamos ante Esval"},"content":{"rendered":"<figure id=\"attachment_44198\" aria-describedby=\"caption-attachment-44198\" style=\"width: 528px\" class=\"wp-caption alignnone\"><img data-recalc-dims=\"1\" loading=\"lazy\" decoding=\"async\" class=\"size-full wp-image-44198\" alt=\"Vecinos de diversos sectores de Putaendo escucharon las explicaciones de Esval referente a los m\u00faltiples problemas que existen y para los cuales simplemente no encontraron soluci\u00f3n.\" src=\"https:\/\/i0.wp.com\/www.eltrabajo.cl\/portal\/wp-content\/uploads\/2014\/03\/REUNION-CON-ESVAL-3.jpg?resize=528%2C302\" width=\"528\" height=\"302\" srcset=\"https:\/\/i0.wp.com\/eltrabajo.cl\/portal\/wp-content\/uploads\/2014\/03\/REUNION-CON-ESVAL-3.jpg?w=528&amp;ssl=1 528w, https:\/\/i0.wp.com\/eltrabajo.cl\/portal\/wp-content\/uploads\/2014\/03\/REUNION-CON-ESVAL-3.jpg?resize=200%2C114&amp;ssl=1 200w, https:\/\/i0.wp.com\/eltrabajo.cl\/portal\/wp-content\/uploads\/2014\/03\/REUNION-CON-ESVAL-3.jpg?resize=300%2C171&amp;ssl=1 300w, https:\/\/i0.wp.com\/eltrabajo.cl\/portal\/wp-content\/uploads\/2014\/03\/REUNION-CON-ESVAL-3.jpg?resize=150%2C85&amp;ssl=1 150w, https:\/\/i0.wp.com\/eltrabajo.cl\/portal\/wp-content\/uploads\/2014\/03\/REUNION-CON-ESVAL-3.jpg?resize=400%2C228&amp;ssl=1 400w\" sizes=\"auto, (max-width: 528px) 100vw, 528px\" \/><\/a><figcaption id=\"caption-attachment-44198\" class=\"wp-caption-text\">Vecinos de diversos sectores de Putaendo escucharon las explicaciones de Esval referente a los m\u00faltiples problemas que existen y para los cuales simplemente no encontraron soluci\u00f3n.<\/figcaption><\/figure>\n<p><strong>PUTAENDO.<\/strong>&#8211; Una importante reuni\u00f3n sostuvieron autoridades, dirigentes y vecinos de diferentes sectores de Putaendo con representantes de Esval, a quienes plantearon su molestia e inquietudes por diversos hechos que afectan a la comunidad.<\/p>\n<p>La reuni\u00f3n se desarroll\u00f3 en la multicancha de la Poblaci\u00f3n San Antonio y fue gestionada por el dirigente Alejandro Meza, presidente de la Junta de Vecinos del sector, y a ella asistieron el Alcalde Guillermo Reyes, los concejales Sergio Zamora y Luis Sandoval; el Gerente Zonal de Esval, Alejandro Romero; el Presidente de la Uni\u00f3n Comunal de Juntas de Vecinos Valle de Putaendo, Claudio Tapia junto a la dirigente Mar\u00eda Salinas; la Presidenta de la Junta de Vecinos Putaendo Urbano, Mar\u00eda Andrade, y una importante cantidad de vecinos de varios sectores de la comuna.<\/p>\n<figure id=\"attachment_44199\" aria-describedby=\"caption-attachment-44199\" style=\"width: 423px\" class=\"wp-caption alignright\"><a href=\"https:\/\/i0.wp.com\/www.eltrabajo.cl\/portal\/wp-content\/uploads\/2014\/03\/REUNION-CON-ESVAL-2.jpg\"><img data-recalc-dims=\"1\" loading=\"lazy\" decoding=\"async\" class=\" wp-image-44199 \" alt=\"Los rostros de los participantes de la reuni\u00f3n dan cuenta de lo insatisfechos que quedaron con el encuentro.\" src=\"https:\/\/i0.wp.com\/www.eltrabajo.cl\/portal\/wp-content\/uploads\/2014\/03\/REUNION-CON-ESVAL-2.jpg?resize=423%2C286\" width=\"423\" height=\"286\" srcset=\"https:\/\/i0.wp.com\/eltrabajo.cl\/portal\/wp-content\/uploads\/2014\/03\/REUNION-CON-ESVAL-2.jpg?w=529&amp;ssl=1 529w, https:\/\/i0.wp.com\/eltrabajo.cl\/portal\/wp-content\/uploads\/2014\/03\/REUNION-CON-ESVAL-2.jpg?resize=200%2C135&amp;ssl=1 200w, https:\/\/i0.wp.com\/eltrabajo.cl\/portal\/wp-content\/uploads\/2014\/03\/REUNION-CON-ESVAL-2.jpg?resize=300%2C203&amp;ssl=1 300w, https:\/\/i0.wp.com\/eltrabajo.cl\/portal\/wp-content\/uploads\/2014\/03\/REUNION-CON-ESVAL-2.jpg?resize=150%2C101&amp;ssl=1 150w, https:\/\/i0.wp.com\/eltrabajo.cl\/portal\/wp-content\/uploads\/2014\/03\/REUNION-CON-ESVAL-2.jpg?resize=400%2C270&amp;ssl=1 400w\" sizes=\"auto, (max-width: 423px) 100vw, 423px\" \/><\/a><figcaption id=\"caption-attachment-44199\" class=\"wp-caption-text\">Los rostros de los participantes de la reuni\u00f3n dan cuenta de lo insatisfechos que quedaron con el encuentro.<\/figcaption><\/figure>\n<p>En la ocasi\u00f3n los vecinos plantearon en forma firme y categ\u00f3rica los inconvenientes que est\u00e1n teniendo, donde uno de los puntos m\u00e1s recurrentes fue el aumento en las cuentas del agua potable, a lo que Esval respondi\u00f3 aduciendo fugas y aumento del consumo en los hogares. Adem\u00e1s indicaron que la poca cantidad de reclamos genera el no env\u00edo de personal que revise los reguladores de las viviendas, lo que fue rechazado en forma en\u00e9rgica por los vecinos e incluso uno de ellos exclam\u00f3 que al parecer en todo Putaendo hay problemas de fuga de agua, porque son varios los sectores que registran quejas por el aumento en sus cuentas del agua.<\/p>\n<p>Los malos olores en calle Chacabuco fue otro tema planteado por los vecinos que indicaron como deben soportar a diario el fuerte olor y que incluso han tenido que destinar una importante cantidad de dinero a comprar desodorante ambiental para capear la desagradable situaci\u00f3n.<\/p>\n<p>Como respuesta a esta problem\u00e1tica, Alejandro Romero indic\u00f3 que la bomba elevadora que est\u00e1 en dependencias del jard\u00edn infantil que est\u00e1 a un costado del Liceo Manuel Mar\u00edn Fritis, funciona de forma manual y que cuando emanan los olores es porque las aguas servidas se acumulan y no la evacuan, ante lo cual el Alcalde Guillermo Reyes se comprometi\u00f3 a disponer de una persona que evacue manualmente la bomba elevadora para evitar estos inconvenientes, eso s\u00ed, pidi\u00f3 a Esval que disponga de la capacitaci\u00f3n correspondiente, en tanto que el Gerente Zonal de Esval indic\u00f3 que la Municipalidad de Putaendo deber\u00e1 gestionar la automatizaci\u00f3n de la bomba elevadora para facilitar la evacuaci\u00f3n y as\u00ed evitar los malos olores que inundan calle Chacabuco.<\/p>\n<p>Otro de los puntos importantes tuvo relaci\u00f3n con el sistema de pago de las cuentas de Esval en Putaendo, y en este sentido los vecinos y dirigentes fueron insistentes en sus reclamos debido a que el servicio constantemente deja de funcionar y los obliga a tener que viajar hasta San Felipe.<\/p>\n<p>El Gerente Zonal de Esval se comprometi\u00f3 a revisar el sistema e indic\u00f3 que Putaendo es la \u00fanica comuna que presenta este problema, por lo cual el dirigente Alejandro Meza advirti\u00f3 que les dar\u00e1n un mes de plazo para arreglar el sistema de pago de cuentas del agua potable o sino tomar\u00e1n otro tipo de medidas contra Esval.<\/p>\n<p>Al t\u00e9rmino de la reuni\u00f3n, el alcalde Guillermo Reyes dijo que valora este tipo de reuniones, pero a su vez entiende el malestar de la comunidad, y que fue una p\u00e9sima decisi\u00f3n haberse llevado el centro de pago en las oficinas de Putaendo. Adem\u00e1s indic\u00f3 que espera que Esval d\u00e9 una respuesta clara referente al aumento de las cuentas de agua en la comuna, mientras que el dirigente Alejandro Meza valor\u00f3 la reuni\u00f3n y recogiendo algunas de las impresiones de los vecinos, algunos se fueron con gusto a poco pues aseguran que no fue mucho lo que gan\u00f3 la comunidad, pues Esval s\u00f3lo se dedic\u00f3 a defenderse de los reclamos de los vecinos y no a entregar soluciones concretas.<\/p>\n<p>Patricio Gallardo M.<\/p>\n<p>&nbsp;<\/p>\n","protected":false},"excerpt":{"rendered":"<p>PUTAENDO.&#8211; Una importante reuni\u00f3n sostuvieron autoridades, dirigentes y vecinos de diferentes sectores de Putaendo con representantes de Esval, a quienes plantearon su molestia e inquietudes por diversos hechos que afectan a la&#8230;<\/p>\n","protected":false},"author":482,"featured_media":44198,"comment_status":"open","ping_status":"closed","sticky":false,"template":"","format":"standard","meta":{"advanced_seo_description":"","jetpack_seo_html_title":"","jetpack_seo_noindex":false,"_jetpack_memberships_contains_paid_content":false,"footnotes":""},"categories":[15],"tags":[],"class_list":["post-44197","post","type-post","status-publish","format-standard","has-post-thumbnail","hentry","category-comunidad"],"jetpack_featured_media_url":"https:\/\/i0.wp.com\/eltrabajo.cl\/portal\/wp-content\/uploads\/2014\/03\/REUNION-CON-ESVAL-3.jpg?fit=528%2C302&ssl=1","jetpack_sharing_enabled":true,"jetpack_likes_enabled":true,"jetpack-related-posts":[],"_links":{"self":[{"href":"https:\/\/eltrabajo.cl\/portal\/wp-json\/wp\/v2\/posts\/44197","targetHints":{"allow":["GET"]}}],"collection":[{"href":"https:\/\/eltrabajo.cl\/portal\/wp-json\/wp\/v2\/posts"}],"about":[{"href":"https:\/\/eltrabajo.cl\/portal\/wp-json\/wp\/v2\/types\/post"}],"author":[{"embeddable":true,"href":"https:\/\/eltrabajo.cl\/portal\/wp-json\/wp\/v2\/users\/482"}],"replies":[{"embeddable":true,"href":"https:\/\/eltrabajo.cl\/portal\/wp-json\/wp\/v2\/comments?post=44197"}],"version-history":[{"count":0,"href":"https:\/\/eltrabajo.cl\/portal\/wp-json\/wp\/v2\/posts\/44197\/revisions"}],"wp:featuredmedia":[{"embeddable":true,"href":"https:\/\/eltrabajo.cl\/portal\/wp-json\/wp\/v2\/media\/44198"}],"wp:attachment":[{"href":"https:\/\/eltrabajo.cl\/portal\/wp-json\/wp\/v2\/media?parent=44197"}],"wp:term":[{"taxonomy":"category","embeddable":true,"href":"https:\/\/eltrabajo.cl\/portal\/wp-json\/wp\/v2\/categories?post=44197"},{"taxonomy":"post_tag","embeddable":true,"href":"https:\/\/eltrabajo.cl\/portal\/wp-json\/wp\/v2\/tags?post=44197"}],"curies":[{"name":"wp","href":"https:\/\/api.w.org\/{rel}","templated":true}]}}