{"id":44202,"date":"2014-03-13T09:34:59","date_gmt":"2014-03-13T12:34:59","guid":{"rendered":"http:\/\/www.eltrabajo.cl\/portal\/?p=44202"},"modified":"2014-03-13T09:34:59","modified_gmt":"2014-03-13T12:34:59","slug":"parvularias-inician-sus-labores-con-las-pilas-bien-cargadas","status":"publish","type":"post","link":"https:\/\/eltrabajo.cl\/portal\/parvularias-inician-sus-labores-con-las-pilas-bien-cargadas\/","title":{"rendered":"Parvularias inician sus labores con las pilas bien cargadas"},"content":{"rendered":"<dl class=\"wp-caption alignnone\" id=\"attachment_44203\" style=\"width: 538px;\">\n<dt class=\"wp-caption-dt\" style=\"display: inline !important;\"><a href=\"https:\/\/i0.wp.com\/www.eltrabajo.cl\/portal\/wp-content\/uploads\/2014\/03\/Parvularias1.jpg\"><img data-recalc-dims=\"1\" loading=\"lazy\" decoding=\"async\" class=\"size-full wp-image-44203\" alt=\"REGALONAS.- Tan alegres como los peque\u00f1itos a su cargo, as\u00ed ingresan este a\u00f1o m\u00e1s de 30 parvularias a impartir la primera educaci\u00f3n que los peques reciben en su vida.\" src=\"https:\/\/i0.wp.com\/www.eltrabajo.cl\/portal\/wp-content\/uploads\/2014\/03\/Parvularias1.jpg?resize=528%2C299\" width=\"528\" height=\"299\" srcset=\"https:\/\/i0.wp.com\/eltrabajo.cl\/portal\/wp-content\/uploads\/2014\/03\/Parvularias1.jpg?w=528&amp;ssl=1 528w, https:\/\/i0.wp.com\/eltrabajo.cl\/portal\/wp-content\/uploads\/2014\/03\/Parvularias1.jpg?resize=200%2C113&amp;ssl=1 200w, https:\/\/i0.wp.com\/eltrabajo.cl\/portal\/wp-content\/uploads\/2014\/03\/Parvularias1.jpg?resize=300%2C169&amp;ssl=1 300w, https:\/\/i0.wp.com\/eltrabajo.cl\/portal\/wp-content\/uploads\/2014\/03\/Parvularias1.jpg?resize=150%2C84&amp;ssl=1 150w, https:\/\/i0.wp.com\/eltrabajo.cl\/portal\/wp-content\/uploads\/2014\/03\/Parvularias1.jpg?resize=400%2C226&amp;ssl=1 400w\" sizes=\"auto, (max-width: 528px) 100vw, 528px\" \/><\/a><\/dt>\n<\/dl>\n<dl class=\"wp-caption alignnone\" id=\"attachment_44203\" style=\"width: 538px;\">\n<dd class=\"wp-caption-dd\">REGALONAS.- Tan alegres como los peque\u00f1itos a su cargo, as\u00ed ingresan este a\u00f1o m\u00e1s de 30 parvularias a impartir la primera educaci\u00f3n que los peques reciben en su vida.<\/dd>\n<\/dl>\n<p><strong>SANTA MAR\u00cdA<\/strong>.- Inyectadas con altas dosis de entusiasmo y muchas ganas de trabajar con alegr\u00eda, as\u00ed ingresaron esta semana m\u00e1s de 30 parvularias de tres jardines infantiles de Santa Mar\u00eda, previo a un estimulante encuentro que ellas realizaron antes del inicio de clases en el gimnasio municipal de la comuna. Las agentes de educaci\u00f3n parvularia que participaron en este encuentro laboran en el Jard\u00edn Infantil Pulgarcita de Las Cadenas; Castillo De Alegr\u00eda de San Fernando y Campanitas de Santa Filomena.<\/p>\n<p>\u00abFue una jornada llena de picard\u00eda y sentido de responsabilidad, pues aparte de compartir alegremente de varias horas en camarader\u00eda, aprovechamos buen rato en la planificaci\u00f3n de actividades para nuestros jardines, nuevas t\u00e9cnicas educativas para que los peques tambi\u00e9n la pasen bien y aprendan jugando\u00bb, explic\u00f3 a Diario El Trabajo la Directora de Castillo de Alegr\u00eda, Mirta Soto Lazcano, quien tiene a su cargo a once funcionarias y 57 peque\u00f1itos en etapa prekinder.<\/p>\n<p>Seg\u00fan explic\u00f3 Soto, \u00ablastimosamente para los vecinos ya no tenemos espacio para un ni\u00f1o m\u00e1s, de hecho tenemos a cinco peque\u00f1os de m\u00e1s, igual los atendemos con todo el cari\u00f1o del mundo, pero nuestro centro infantil s\u00f3lo tiene espacio para 52, no s\u00e9 si abrir\u00e1n otro jard\u00edn o no, lo que s\u00e9 es que estamos al tope y eso es muy bueno, porque seguimos contando con la confianza de los padres de estos peque\u00f1itos\u00bb, agreg\u00f3 la funcionaria. Entre las actividades que en Castillo de Alegr\u00eda se desarrollan para los chicos, est\u00e1n las din\u00e1micas l\u00fadicas; pintura; danza, canto y actividades para lograr el desarrollo psico-motriz de los peque\u00f1os.<\/p>\n<p>Roberto Gonz\u00e1lez Short<\/p>\n<p>rgonzalez@eltrabajo.cl<\/p>\n<div class=\"tiled-gallery type-rectangular tiled-gallery-unresized\" data-original-width=\"640\" data-carousel-extra='null' itemscope itemtype=\"http:\/\/schema.org\/ImageGallery\" > <div class=\"gallery-row\" style=\"width: 640px; height: 273px;\" data-original-width=\"640\" data-original-height=\"273\" > <div class=\"gallery-group images-1\" style=\"width: 359px; height: 273px;\" data-original-width=\"359\" data-original-height=\"273\" > <div class=\"tiled-gallery-item tiled-gallery-item-large\" itemprop=\"associatedMedia\" itemscope itemtype=\"http:\/\/schema.org\/ImageObject\"> <a href=\"https:\/\/eltrabajo.cl\/portal\/parvularias-inician-sus-labores-con-las-pilas-bien-cargadas\/pintores1-4\/\" border=\"0\" itemprop=\"url\"> <meta itemprop=\"width\" content=\"355\"> <meta itemprop=\"height\" content=\"269\"> <img decoding=\"async\" class=\"\" data-attachment-id=\"44205\" data-orig-file=\"https:\/\/eltrabajo.cl\/portal\/wp-content\/uploads\/2014\/03\/Pintores1.jpg\" data-orig-size=\"529,401\" data-comments-opened=\"1\" data-image-meta=\"{&quot;aperture&quot;:&quot;3.1&quot;,&quot;credit&quot;:&quot;&quot;,&quot;camera&quot;:&quot;DSC-H200&quot;,&quot;caption&quot;:&quot;&quot;,&quot;created_timestamp&quot;:&quot;1389435971&quot;,&quot;copyright&quot;:&quot;Copyright 2009&quot;,&quot;focal_length&quot;:&quot;4&quot;,&quot;iso&quot;:&quot;80&quot;,&quot;shutter_speed&quot;:&quot;0.004&quot;,&quot;title&quot;:&quot;&quot;}\" data-image-title=\"Pintores1\" data-image-description=\"&lt;p&gt;PINTORES.- Hasta peque\u00f1os pintores encontramos en la visita realizada por Diario El Trabajo durante la ma\u00f1ana de este mi\u00e9rcoles a varios jardines infantiles de Santa Mar\u00eda.&lt;\/p&gt; \" data-medium-file=\"https:\/\/i0.wp.com\/eltrabajo.cl\/portal\/wp-content\/uploads\/2014\/03\/Pintores1.jpg?fit=300%2C227&#038;ssl=1\" data-large-file=\"https:\/\/i0.wp.com\/eltrabajo.cl\/portal\/wp-content\/uploads\/2014\/03\/Pintores1.jpg?fit=529%2C401&#038;ssl=1\" src=\"https:\/\/i0.wp.com\/eltrabajo.cl\/portal\/wp-content\/uploads\/2014\/03\/Pintores1.jpg?w=355&#038;h=269&#038;ssl=1\" srcset=\"https:\/\/i0.wp.com\/eltrabajo.cl\/portal\/wp-content\/uploads\/2014\/03\/Pintores1.jpg?w=529&amp;ssl=1 529w, https:\/\/i0.wp.com\/eltrabajo.cl\/portal\/wp-content\/uploads\/2014\/03\/Pintores1.jpg?resize=197%2C150&amp;ssl=1 197w, https:\/\/i0.wp.com\/eltrabajo.cl\/portal\/wp-content\/uploads\/2014\/03\/Pintores1.jpg?resize=300%2C227&amp;ssl=1 300w, https:\/\/i0.wp.com\/eltrabajo.cl\/portal\/wp-content\/uploads\/2014\/03\/Pintores1.jpg?resize=150%2C113&amp;ssl=1 150w, https:\/\/i0.wp.com\/eltrabajo.cl\/portal\/wp-content\/uploads\/2014\/03\/Pintores1.jpg?resize=400%2C303&amp;ssl=1 400w\" width=\"355\" height=\"269\" loading=\"lazy\" data-original-width=\"355\" data-original-height=\"269\" itemprop=\"http:\/\/schema.org\/image\" title=\"Pintores1\" alt=\"PINTORES.- Hasta peque\u00f1os pintores encontramos en la visita realizada por Diario El Trabajo durante la ma\u00f1ana de este mi\u00e9rcoles a varios jardines infantiles de Santa Mar\u00eda.\" style=\"width: 355px; height: 269px;\" \/> <\/a> <div class=\"tiled-gallery-caption\" itemprop=\"caption description\"> PINTORES.- Hasta peque\u00f1os pintores encontramos en la visita realizada por Diario El Trabajo durante la ma\u00f1ana de este mi\u00e9rcoles a varios jardines infantiles de Santa Mar\u00eda. <\/div> <\/div> <\/div> <!-- close group --> <div class=\"gallery-group images-1\" style=\"width: 281px; height: 273px;\" data-original-width=\"281\" data-original-height=\"273\" > <div class=\"tiled-gallery-item tiled-gallery-item-large\" itemprop=\"associatedMedia\" itemscope itemtype=\"http:\/\/schema.org\/ImageObject\"> <a href=\"https:\/\/eltrabajo.cl\/portal\/parvularias-inician-sus-labores-con-las-pilas-bien-cargadas\/mirta-soto\/\" border=\"0\" itemprop=\"url\"> <meta itemprop=\"width\" content=\"277\"> <meta itemprop=\"height\" content=\"269\"> <img decoding=\"async\" class=\"\" data-attachment-id=\"44204\" data-orig-file=\"https:\/\/eltrabajo.cl\/portal\/wp-content\/uploads\/2014\/03\/Mirta-Soto.jpg\" data-orig-size=\"529,515\" data-comments-opened=\"1\" data-image-meta=\"{&quot;aperture&quot;:&quot;4.5&quot;,&quot;credit&quot;:&quot;&quot;,&quot;camera&quot;:&quot;Canon EOS REBEL T1i&quot;,&quot;caption&quot;:&quot;&quot;,&quot;created_timestamp&quot;:&quot;1394628222&quot;,&quot;copyright&quot;:&quot;&quot;,&quot;focal_length&quot;:&quot;29&quot;,&quot;iso&quot;:&quot;400&quot;,&quot;shutter_speed&quot;:&quot;0.016666666666667&quot;,&quot;title&quot;:&quot;&quot;}\" data-image-title=\"Mirta Soto\" data-image-description=\"&lt;p&gt;Directora de Castillo de Alegr\u00eda, Mirta Soto Lazcano.&lt;\/p&gt; \" data-medium-file=\"https:\/\/i0.wp.com\/eltrabajo.cl\/portal\/wp-content\/uploads\/2014\/03\/Mirta-Soto.jpg?fit=300%2C292&#038;ssl=1\" data-large-file=\"https:\/\/i0.wp.com\/eltrabajo.cl\/portal\/wp-content\/uploads\/2014\/03\/Mirta-Soto.jpg?fit=529%2C515&#038;ssl=1\" src=\"https:\/\/i0.wp.com\/eltrabajo.cl\/portal\/wp-content\/uploads\/2014\/03\/Mirta-Soto.jpg?w=277&#038;h=269&#038;ssl=1\" srcset=\"https:\/\/i0.wp.com\/eltrabajo.cl\/portal\/wp-content\/uploads\/2014\/03\/Mirta-Soto.jpg?w=529&amp;ssl=1 529w, https:\/\/i0.wp.com\/eltrabajo.cl\/portal\/wp-content\/uploads\/2014\/03\/Mirta-Soto.jpg?resize=154%2C150&amp;ssl=1 154w, https:\/\/i0.wp.com\/eltrabajo.cl\/portal\/wp-content\/uploads\/2014\/03\/Mirta-Soto.jpg?resize=300%2C292&amp;ssl=1 300w, https:\/\/i0.wp.com\/eltrabajo.cl\/portal\/wp-content\/uploads\/2014\/03\/Mirta-Soto.jpg?resize=150%2C146&amp;ssl=1 150w, https:\/\/i0.wp.com\/eltrabajo.cl\/portal\/wp-content\/uploads\/2014\/03\/Mirta-Soto.jpg?resize=400%2C389&amp;ssl=1 400w\" width=\"277\" height=\"269\" loading=\"lazy\" data-original-width=\"277\" data-original-height=\"269\" itemprop=\"http:\/\/schema.org\/image\" title=\"Mirta Soto\" alt=\"Directora de Castillo de Alegr\u00eda, Mirta Soto Lazcano.\" style=\"width: 277px; height: 269px;\" \/> <\/a> <div class=\"tiled-gallery-caption\" itemprop=\"caption description\"> Directora de Castillo de Alegr\u00eda, Mirta Soto Lazcano. <\/div> <\/div> <\/div> <!-- close group --> <\/div> <!-- close row --> <\/div>\n<p>&nbsp;<\/p>\n","protected":false},"excerpt":{"rendered":"<p>REGALONAS.- Tan alegres como los peque\u00f1itos a su cargo, as\u00ed ingresan este a\u00f1o m\u00e1s de 30 parvularias a impartir la primera educaci\u00f3n que los peques reciben en su vida. SANTA MAR\u00cdA.- Inyectadas&#8230;<\/p>\n","protected":false},"author":482,"featured_media":44203,"comment_status":"open","ping_status":"closed","sticky":false,"template":"","format":"standard","meta":{"advanced_seo_description":"","jetpack_seo_html_title":"","jetpack_seo_noindex":false,"_jetpack_memberships_contains_paid_content":false,"footnotes":""},"categories":[15],"tags":[],"class_list":["post-44202","post","type-post","status-publish","format-standard","has-post-thumbnail","hentry","category-comunidad"],"jetpack_featured_media_url":"https:\/\/i0.wp.com\/eltrabajo.cl\/portal\/wp-content\/uploads\/2014\/03\/Parvularias1.jpg?fit=528%2C299&ssl=1","jetpack_sharing_enabled":true,"jetpack_likes_enabled":true,"jetpack-related-posts":[],"_links":{"self":[{"href":"https:\/\/eltrabajo.cl\/portal\/wp-json\/wp\/v2\/posts\/44202","targetHints":{"allow":["GET"]}}],"collection":[{"href":"https:\/\/eltrabajo.cl\/portal\/wp-json\/wp\/v2\/posts"}],"about":[{"href":"https:\/\/eltrabajo.cl\/portal\/wp-json\/wp\/v2\/types\/post"}],"author":[{"embeddable":true,"href":"https:\/\/eltrabajo.cl\/portal\/wp-json\/wp\/v2\/users\/482"}],"replies":[{"embeddable":true,"href":"https:\/\/eltrabajo.cl\/portal\/wp-json\/wp\/v2\/comments?post=44202"}],"version-history":[{"count":0,"href":"https:\/\/eltrabajo.cl\/portal\/wp-json\/wp\/v2\/posts\/44202\/revisions"}],"wp:featuredmedia":[{"embeddable":true,"href":"https:\/\/eltrabajo.cl\/portal\/wp-json\/wp\/v2\/media\/44203"}],"wp:attachment":[{"href":"https:\/\/eltrabajo.cl\/portal\/wp-json\/wp\/v2\/media?parent=44202"}],"wp:term":[{"taxonomy":"category","embeddable":true,"href":"https:\/\/eltrabajo.cl\/portal\/wp-json\/wp\/v2\/categories?post=44202"},{"taxonomy":"post_tag","embeddable":true,"href":"https:\/\/eltrabajo.cl\/portal\/wp-json\/wp\/v2\/tags?post=44202"}],"curies":[{"name":"wp","href":"https:\/\/api.w.org\/{rel}","templated":true}]}}