{"id":44208,"date":"2014-03-13T09:38:12","date_gmt":"2014-03-13T12:38:12","guid":{"rendered":"http:\/\/www.eltrabajo.cl\/portal\/?p=44208"},"modified":"2014-03-13T09:38:12","modified_gmt":"2014-03-13T12:38:12","slug":"orquesta-de-camara-de-chile-realizara-concierto-gratuito-en-putaendo","status":"publish","type":"post","link":"https:\/\/eltrabajo.cl\/portal\/orquesta-de-camara-de-chile-realizara-concierto-gratuito-en-putaendo\/","title":{"rendered":"Orquesta de C\u00e1mara de Chile realizar\u00e1 concierto gratuito en Putaendo"},"content":{"rendered":"<figure id=\"attachment_44209\" aria-describedby=\"caption-attachment-44209\" style=\"width: 529px\" class=\"wp-caption alignnone\"><a href=\"https:\/\/i0.wp.com\/www.eltrabajo.cl\/portal\/wp-content\/uploads\/2014\/03\/NOTA-ORQUESTA-DE-CAMARA-DE-CHILE.jpg\"><img data-recalc-dims=\"1\" loading=\"lazy\" decoding=\"async\" class=\"size-full wp-image-44209\" alt=\"Cristina Fern\u00e1ndez, Leda Chopitea, Ram\u00f3n Tobar y el Padre Pedro Salinas afinan detalles de lo que ser\u00e1 la presentaci\u00f3n de la Orquesta de C\u00e1mara de Chile.\" src=\"https:\/\/i0.wp.com\/www.eltrabajo.cl\/portal\/wp-content\/uploads\/2014\/03\/NOTA-ORQUESTA-DE-CAMARA-DE-CHILE.jpg?resize=529%2C358\" width=\"529\" height=\"358\" srcset=\"https:\/\/i0.wp.com\/eltrabajo.cl\/portal\/wp-content\/uploads\/2014\/03\/NOTA-ORQUESTA-DE-CAMARA-DE-CHILE.jpg?w=529&amp;ssl=1 529w, https:\/\/i0.wp.com\/eltrabajo.cl\/portal\/wp-content\/uploads\/2014\/03\/NOTA-ORQUESTA-DE-CAMARA-DE-CHILE.jpg?resize=200%2C135&amp;ssl=1 200w, https:\/\/i0.wp.com\/eltrabajo.cl\/portal\/wp-content\/uploads\/2014\/03\/NOTA-ORQUESTA-DE-CAMARA-DE-CHILE.jpg?resize=300%2C203&amp;ssl=1 300w, https:\/\/i0.wp.com\/eltrabajo.cl\/portal\/wp-content\/uploads\/2014\/03\/NOTA-ORQUESTA-DE-CAMARA-DE-CHILE.jpg?resize=150%2C101&amp;ssl=1 150w, https:\/\/i0.wp.com\/eltrabajo.cl\/portal\/wp-content\/uploads\/2014\/03\/NOTA-ORQUESTA-DE-CAMARA-DE-CHILE.jpg?resize=400%2C270&amp;ssl=1 400w\" sizes=\"auto, (max-width: 529px) 100vw, 529px\" \/><\/a><figcaption id=\"caption-attachment-44209\" class=\"wp-caption-text\">Cristina Fern\u00e1ndez, Leda Chopitea, Ram\u00f3n Tobar y el Padre Pedro Salinas afinan detalles de lo que ser\u00e1 la presentaci\u00f3n de la Orquesta de C\u00e1mara de Chile.<\/figcaption><\/figure>\n<p><strong>PUTAENDO.-<\/strong> La Orquesta de C\u00e1mara de Chile realizar\u00e1 un magistral concierto gratuito al interior del templo de la Parroquia San Antonio de Padua el pr\u00f3ximo s\u00e1bado 22 de marzo, con motivo del aniversario 183 de la comuna de Putaendo.<\/p>\n<p>La ma\u00f1ana de este martes, Cristina Fern\u00e1ndez, del Programa Acceso Regional del Consejo de la Cultura y Las Artes, junto a miembros de esa repartici\u00f3n, adem\u00e1s de la directora de Patrimonio y Medioambiente de la Municipalidad de Putaendo, Leda Chopitea; el encargado de eventos del municipio, Ram\u00f3n Tobar, y el Padre Pedro Salinas realizaron un recorrido por las dependencias del templo para ir afinando detalles de lo que ser\u00e1 la presentaci\u00f3n de la Orquesta de C\u00e1mara de Chile, espect\u00e1culo muy pocas veces visto en nuestra zona y que usted no se puede perder.<\/p>\n<p>Esta orquesta, perteneciente al Consejo Nacional de la Cultura y las Artes, nace en la d\u00e9cada de 1950. En 1982 es reestructurada por el maestro Fernando Rosas y desde 1991 se denomina Orquesta de C\u00e1mara de Chile, siendo la \u00fanica orquesta de c\u00e1mara estable y permanente en el pa\u00eds.<\/p>\n<p>Bajo la direcci\u00f3n de Juan Pablo Izquierdo, respetado m\u00fasico chileno que ha desarrollado una importante trayectoria, destacando su trabajo con orquestas estadounidenses, europeas y latinoamericanas, espera dar una verdadera sorpresa al presentarse en la comuna de Putaendo.<\/p>\n<p>Este maravilloso concierto tendr\u00e1 lugar el pr\u00f3ximo s\u00e1bado 22 de marzo al mediod\u00eda en el templo de la Parroquia San Antonio de Padua de Putaendo, y contar\u00e1 con la participaci\u00f3n de m\u00e1s de 40 m\u00fasicos. Los organizadores realizaron la invitaci\u00f3n a toda la comunidad y al Valle del Aconcagua a sumarse a este evento que es gratuito.<\/p>\n<p>Cristina Fern\u00e1ndez en conversaci\u00f3n con nuestro medio, indic\u00f3 que la Orquesta de C\u00e1mara de Chile es el \u00fanico elenco estable que existe y como Consejo de la Cultura y Las Artes, a trav\u00e9s del Programa de Acceso Regional, tienen elaborada una parilla program\u00e1tica que en esta oportunidad fue focalizada en la comuna de Putaendo con motivo de los 183 a\u00f1os de la declaratoria de Villa San Antonio de la Uni\u00f3n de Putaendo.<\/p>\n<p>Por su parte la directora de la Oficina de Patrimonio y Medioamente de la Municipalidad de Putaendo, Leda Chopitea, se mostr\u00f3 contenta por el trabajo realizado para celebrar como corresponde el aniversario 183 de la comuna, agregando que para el Alcalde Guillermo Reyes y para el municipio es todo un orgullo y una alegr\u00eda poder contar con un excelente elenco como el de la Orquesta de C\u00e1mara de Chile, que a su juicio, viene a impregnar de cultura y m\u00fasica a Putaendo en su nuevo aniversario.<\/p>\n<p>En tanto, el p\u00e1rroco Padre Pedro Salinas declar\u00f3 estar feliz de que la parroquia pueda colaborar en un evento de tanta importancia como la presentaci\u00f3n de la Orquesta de C\u00e1mara de Chile que se desarrollar\u00e1 este pr\u00f3ximo s\u00e1bado 22 de marzo al mediod\u00eda.<\/p>\n<p>Patricio Gallardo M.<\/p>\n<div class=\"tiled-gallery type-rectangular tiled-gallery-unresized\" data-original-width=\"640\" data-carousel-extra='null' itemscope itemtype=\"http:\/\/schema.org\/ImageGallery\" > <div class=\"gallery-row\" style=\"width: 640px; height: 218px;\" data-original-width=\"640\" data-original-height=\"218\" > <div class=\"gallery-group images-1\" style=\"width: 320px; height: 218px;\" data-original-width=\"320\" data-original-height=\"218\" > <div class=\"tiled-gallery-item tiled-gallery-item-large\" itemprop=\"associatedMedia\" itemscope itemtype=\"http:\/\/schema.org\/ImageObject\"> <a href=\"https:\/\/eltrabajo.cl\/portal\/orquesta-de-camara-de-chile-realizara-concierto-gratuito-en-putaendo\/cristina-fernandez-nota-orquesta-de-camara-de-chile\/\" border=\"0\" itemprop=\"url\"> <meta itemprop=\"width\" content=\"316\"> <meta itemprop=\"height\" content=\"214\"> <img decoding=\"async\" class=\"\" data-attachment-id=\"44210\" data-orig-file=\"https:\/\/eltrabajo.cl\/portal\/wp-content\/uploads\/2014\/03\/CRISTINA-FERNANDEZ-NOTA-ORQUESTA-DE-CAMARA-DE-CHILE.jpg\" data-orig-size=\"528,358\" data-comments-opened=\"1\" data-image-meta=\"{&quot;aperture&quot;:&quot;4&quot;,&quot;credit&quot;:&quot;&quot;,&quot;camera&quot;:&quot;Canon EOS REBEL T3i&quot;,&quot;caption&quot;:&quot;&quot;,&quot;created_timestamp&quot;:&quot;1394625267&quot;,&quot;copyright&quot;:&quot;[wopmind]&quot;,&quot;focal_length&quot;:&quot;18&quot;,&quot;iso&quot;:&quot;400&quot;,&quot;shutter_speed&quot;:&quot;0.016666666666667&quot;,&quot;title&quot;:&quot;&quot;}\" data-image-title=\"CRISTINA FERNANDEZ NOTA ORQUESTA DE CAMARA DE CHILE\" data-image-description=\"&lt;p&gt;Cristina Fern\u00e1ndez, del Programa Acceso Regional del Consejo de la Cultura y Las Artes.&lt;\/p&gt; \" data-medium-file=\"https:\/\/i0.wp.com\/eltrabajo.cl\/portal\/wp-content\/uploads\/2014\/03\/CRISTINA-FERNANDEZ-NOTA-ORQUESTA-DE-CAMARA-DE-CHILE.jpg?fit=300%2C203&#038;ssl=1\" data-large-file=\"https:\/\/i0.wp.com\/eltrabajo.cl\/portal\/wp-content\/uploads\/2014\/03\/CRISTINA-FERNANDEZ-NOTA-ORQUESTA-DE-CAMARA-DE-CHILE.jpg?fit=528%2C358&#038;ssl=1\" src=\"https:\/\/i0.wp.com\/eltrabajo.cl\/portal\/wp-content\/uploads\/2014\/03\/CRISTINA-FERNANDEZ-NOTA-ORQUESTA-DE-CAMARA-DE-CHILE.jpg?w=316&#038;h=214&#038;ssl=1\" srcset=\"https:\/\/i0.wp.com\/eltrabajo.cl\/portal\/wp-content\/uploads\/2014\/03\/CRISTINA-FERNANDEZ-NOTA-ORQUESTA-DE-CAMARA-DE-CHILE.jpg?w=528&amp;ssl=1 528w, https:\/\/i0.wp.com\/eltrabajo.cl\/portal\/wp-content\/uploads\/2014\/03\/CRISTINA-FERNANDEZ-NOTA-ORQUESTA-DE-CAMARA-DE-CHILE.jpg?resize=200%2C135&amp;ssl=1 200w, https:\/\/i0.wp.com\/eltrabajo.cl\/portal\/wp-content\/uploads\/2014\/03\/CRISTINA-FERNANDEZ-NOTA-ORQUESTA-DE-CAMARA-DE-CHILE.jpg?resize=300%2C203&amp;ssl=1 300w, https:\/\/i0.wp.com\/eltrabajo.cl\/portal\/wp-content\/uploads\/2014\/03\/CRISTINA-FERNANDEZ-NOTA-ORQUESTA-DE-CAMARA-DE-CHILE.jpg?resize=150%2C101&amp;ssl=1 150w, https:\/\/i0.wp.com\/eltrabajo.cl\/portal\/wp-content\/uploads\/2014\/03\/CRISTINA-FERNANDEZ-NOTA-ORQUESTA-DE-CAMARA-DE-CHILE.jpg?resize=400%2C271&amp;ssl=1 400w\" width=\"316\" height=\"214\" loading=\"lazy\" data-original-width=\"316\" data-original-height=\"214\" itemprop=\"http:\/\/schema.org\/image\" title=\"CRISTINA FERNANDEZ NOTA ORQUESTA DE CAMARA DE CHILE\" alt=\"Cristina Fern\u00e1ndez, del Programa Acceso Regional del Consejo de la Cultura y Las Artes.\" style=\"width: 316px; height: 214px;\" \/> <\/a> <div class=\"tiled-gallery-caption\" itemprop=\"caption description\"> Cristina Fern\u00e1ndez, del Programa Acceso Regional del Consejo de la Cultura y Las Artes. <\/div> <\/div> <\/div> <!-- close group --> <div class=\"gallery-group images-1\" style=\"width: 320px; height: 218px;\" data-original-width=\"320\" data-original-height=\"218\" > <div class=\"tiled-gallery-item tiled-gallery-item-large\" itemprop=\"associatedMedia\" itemscope itemtype=\"http:\/\/schema.org\/ImageObject\"> <a href=\"https:\/\/eltrabajo.cl\/portal\/orquesta-de-camara-de-chile-realizara-concierto-gratuito-en-putaendo\/leda-chopitea-nota-orquesta-de-camara-de-chile\/\" border=\"0\" itemprop=\"url\"> <meta itemprop=\"width\" content=\"316\"> <meta itemprop=\"height\" content=\"214\"> <img decoding=\"async\" class=\"\" data-attachment-id=\"44211\" data-orig-file=\"https:\/\/eltrabajo.cl\/portal\/wp-content\/uploads\/2014\/03\/LEDA-CHOPITEA-NOTA-ORQUESTA-DE-CAMARA-DE-CHILE.jpg\" data-orig-size=\"528,358\" data-comments-opened=\"1\" data-image-meta=\"{&quot;aperture&quot;:&quot;4&quot;,&quot;credit&quot;:&quot;&quot;,&quot;camera&quot;:&quot;Canon EOS REBEL T3i&quot;,&quot;caption&quot;:&quot;&quot;,&quot;created_timestamp&quot;:&quot;1394625648&quot;,&quot;copyright&quot;:&quot;[wopmind]&quot;,&quot;focal_length&quot;:&quot;18&quot;,&quot;iso&quot;:&quot;400&quot;,&quot;shutter_speed&quot;:&quot;0.016666666666667&quot;,&quot;title&quot;:&quot;&quot;}\" data-image-title=\"LEDA CHOPITEA NOTA ORQUESTA DE CAMARA DE CHILE\" data-image-description=\"&lt;p&gt;Leda Chopitea, Directora de Patrimonio y Medioambiente de la Municipalidad de Putaendo, Leda Chopitea.&lt;\/p&gt; \" data-medium-file=\"https:\/\/i0.wp.com\/eltrabajo.cl\/portal\/wp-content\/uploads\/2014\/03\/LEDA-CHOPITEA-NOTA-ORQUESTA-DE-CAMARA-DE-CHILE.jpg?fit=300%2C203&#038;ssl=1\" data-large-file=\"https:\/\/i0.wp.com\/eltrabajo.cl\/portal\/wp-content\/uploads\/2014\/03\/LEDA-CHOPITEA-NOTA-ORQUESTA-DE-CAMARA-DE-CHILE.jpg?fit=528%2C358&#038;ssl=1\" src=\"https:\/\/i0.wp.com\/eltrabajo.cl\/portal\/wp-content\/uploads\/2014\/03\/LEDA-CHOPITEA-NOTA-ORQUESTA-DE-CAMARA-DE-CHILE.jpg?w=316&#038;h=214&#038;ssl=1\" srcset=\"https:\/\/i0.wp.com\/eltrabajo.cl\/portal\/wp-content\/uploads\/2014\/03\/LEDA-CHOPITEA-NOTA-ORQUESTA-DE-CAMARA-DE-CHILE.jpg?w=528&amp;ssl=1 528w, https:\/\/i0.wp.com\/eltrabajo.cl\/portal\/wp-content\/uploads\/2014\/03\/LEDA-CHOPITEA-NOTA-ORQUESTA-DE-CAMARA-DE-CHILE.jpg?resize=200%2C135&amp;ssl=1 200w, https:\/\/i0.wp.com\/eltrabajo.cl\/portal\/wp-content\/uploads\/2014\/03\/LEDA-CHOPITEA-NOTA-ORQUESTA-DE-CAMARA-DE-CHILE.jpg?resize=300%2C203&amp;ssl=1 300w, https:\/\/i0.wp.com\/eltrabajo.cl\/portal\/wp-content\/uploads\/2014\/03\/LEDA-CHOPITEA-NOTA-ORQUESTA-DE-CAMARA-DE-CHILE.jpg?resize=150%2C101&amp;ssl=1 150w, https:\/\/i0.wp.com\/eltrabajo.cl\/portal\/wp-content\/uploads\/2014\/03\/LEDA-CHOPITEA-NOTA-ORQUESTA-DE-CAMARA-DE-CHILE.jpg?resize=400%2C271&amp;ssl=1 400w\" width=\"316\" height=\"214\" loading=\"lazy\" data-original-width=\"316\" data-original-height=\"214\" itemprop=\"http:\/\/schema.org\/image\" title=\"LEDA CHOPITEA NOTA ORQUESTA DE CAMARA DE CHILE\" alt=\"Leda Chopitea, Directora de Patrimonio y Medioambiente de la Municipalidad de Putaendo, Leda Chopitea.\" style=\"width: 316px; height: 214px;\" \/> <\/a> <div class=\"tiled-gallery-caption\" itemprop=\"caption description\"> Leda Chopitea, Directora de Patrimonio y Medioambiente de la Municipalidad de Putaendo, Leda Chopitea. <\/div> <\/div> <\/div> <!-- close group --> <\/div> <!-- close row --> <\/div>\n","protected":false},"excerpt":{"rendered":"<p>PUTAENDO.- La Orquesta de C\u00e1mara de Chile realizar\u00e1 un magistral concierto gratuito al interior del templo de la Parroquia San Antonio de Padua el pr\u00f3ximo s\u00e1bado 22 de marzo, con motivo del&#8230;<\/p>\n","protected":false},"author":482,"featured_media":44209,"comment_status":"open","ping_status":"closed","sticky":false,"template":"","format":"standard","meta":{"advanced_seo_description":"","jetpack_seo_html_title":"","jetpack_seo_noindex":false,"_jetpack_memberships_contains_paid_content":false,"footnotes":""},"categories":[1],"tags":[],"class_list":["post-44208","post","type-post","status-publish","format-standard","has-post-thumbnail","hentry","category-cronica"],"jetpack_featured_media_url":"https:\/\/i0.wp.com\/eltrabajo.cl\/portal\/wp-content\/uploads\/2014\/03\/NOTA-ORQUESTA-DE-CAMARA-DE-CHILE.jpg?fit=529%2C358&ssl=1","jetpack_sharing_enabled":true,"jetpack_likes_enabled":true,"jetpack-related-posts":[],"_links":{"self":[{"href":"https:\/\/eltrabajo.cl\/portal\/wp-json\/wp\/v2\/posts\/44208","targetHints":{"allow":["GET"]}}],"collection":[{"href":"https:\/\/eltrabajo.cl\/portal\/wp-json\/wp\/v2\/posts"}],"about":[{"href":"https:\/\/eltrabajo.cl\/portal\/wp-json\/wp\/v2\/types\/post"}],"author":[{"embeddable":true,"href":"https:\/\/eltrabajo.cl\/portal\/wp-json\/wp\/v2\/users\/482"}],"replies":[{"embeddable":true,"href":"https:\/\/eltrabajo.cl\/portal\/wp-json\/wp\/v2\/comments?post=44208"}],"version-history":[{"count":0,"href":"https:\/\/eltrabajo.cl\/portal\/wp-json\/wp\/v2\/posts\/44208\/revisions"}],"wp:featuredmedia":[{"embeddable":true,"href":"https:\/\/eltrabajo.cl\/portal\/wp-json\/wp\/v2\/media\/44209"}],"wp:attachment":[{"href":"https:\/\/eltrabajo.cl\/portal\/wp-json\/wp\/v2\/media?parent=44208"}],"wp:term":[{"taxonomy":"category","embeddable":true,"href":"https:\/\/eltrabajo.cl\/portal\/wp-json\/wp\/v2\/categories?post=44208"},{"taxonomy":"post_tag","embeddable":true,"href":"https:\/\/eltrabajo.cl\/portal\/wp-json\/wp\/v2\/tags?post=44208"}],"curies":[{"name":"wp","href":"https:\/\/api.w.org\/{rel}","templated":true}]}}