{"id":44217,"date":"2014-03-13T09:41:28","date_gmt":"2014-03-13T12:41:28","guid":{"rendered":"http:\/\/www.eltrabajo.cl\/portal\/?p=44217"},"modified":"2014-03-13T09:41:28","modified_gmt":"2014-03-13T12:41:28","slug":"municipio-llama-a-vecinos-a-hacer-mantencion-conjunta-de-sedes-comunitarias","status":"publish","type":"post","link":"https:\/\/eltrabajo.cl\/portal\/municipio-llama-a-vecinos-a-hacer-mantencion-conjunta-de-sedes-comunitarias\/","title":{"rendered":"Municipio llama a vecinos a hacer mantenci\u00f3n conjunta de sedes comunitarias"},"content":{"rendered":"<figure id=\"attachment_44218\" aria-describedby=\"caption-attachment-44218\" style=\"width: 317px\" class=\"wp-caption alignleft\"><img data-recalc-dims=\"1\" loading=\"lazy\" decoding=\"async\" class=\" wp-image-44218 \" alt=\"Pablo Silva, Coordinador del departamento de Desarrollo Comunitario.\" src=\"https:\/\/i0.wp.com\/www.eltrabajo.cl\/portal\/wp-content\/uploads\/2014\/03\/Pablo-Silva1.jpg?resize=317%2C426\" width=\"317\" height=\"426\" srcset=\"https:\/\/i0.wp.com\/eltrabajo.cl\/portal\/wp-content\/uploads\/2014\/03\/Pablo-Silva1.jpg?w=529&amp;ssl=1 529w, https:\/\/i0.wp.com\/eltrabajo.cl\/portal\/wp-content\/uploads\/2014\/03\/Pablo-Silva1.jpg?resize=111%2C150&amp;ssl=1 111w, https:\/\/i0.wp.com\/eltrabajo.cl\/portal\/wp-content\/uploads\/2014\/03\/Pablo-Silva1.jpg?resize=223%2C300&amp;ssl=1 223w, https:\/\/i0.wp.com\/eltrabajo.cl\/portal\/wp-content\/uploads\/2014\/03\/Pablo-Silva1.jpg?resize=400%2C536&amp;ssl=1 400w\" sizes=\"auto, (max-width: 317px) 100vw, 317px\" \/><\/a><figcaption id=\"caption-attachment-44218\" class=\"wp-caption-text\">Pablo Silva, Coordinador del departamento de Desarrollo Comunitario.<\/figcaption><\/figure>\n<p>El coordinador del departamento de Desarrollo Comunitario, Pablo Silva, indic\u00f3 que este a\u00f1o pretenden tener en \u00f3ptimas condiciones las sedes comunitarias o los espacios donde se desarrollan las actividades de alguna organizaci\u00f3n.<\/p>\n<p>\u00abQuiero hacer un llamado a todos los vecinos dirigentes de las juntas de vecinos, de los talleres femeninos, clubes de adulto mayor, de las organizaciones funcionales y territoriales que funcionan en los barrios, a acercarse a calle Salinas N\u00b0381, a las oficinas y dependencias de la DIDECO, donde nosotros estamos haciendo un catastro de las sedes comunitarias. El a\u00f1o pasado funcion\u00f3 bastante bien nuestro programa, pudiendo arreglar cerca de 12 sedes comunitarias\u00bb, explic\u00f3 Silva.<\/p>\n<p>Es importante recalcar que estos programas son de co-pertenencia, por tanto, tambi\u00e9n \u00abhay un est\u00edmulo para aquellos vecinos que trabajen con nosotros y trabajen para sus comunidades\u00bb. Se\u00f1al\u00f3, as\u00ed mismo, que era \u00abimportante el trabajo mancomunado de los vecinos que se ha realizado en sectores como \u2018El Esfuerzo\u2019, en donde se realizaron mejoras en la cancha\u00bb.<\/p>\n<p>Tambi\u00e9n destac\u00f3 las mejoras en la sede comunitaria del sector \u2018Almendral Bajo\u2019, la plazuela de \u2018El Tambo\u2019, \u00aben donde los vecinos pusieron toda la mano de obra y pudieron desarrollar instancias de recuperaci\u00f3n de sus espacios p\u00fablicos que es lo que nos ha pedido nuestro alcalde Patricio Freire. La idea es que los vecinos recuperen lugares p\u00fablicos y tengan espacios donde puedan reunirse, crear v\u00ednculos, desarrollarse, en donde realicen una adecuada convivencia de barrio, el conocerse es fundamental para vivir en armon\u00eda\u00bb.<\/p>\n<p>Finalmente el funcionario municipal explic\u00f3 que este programa de recuperaci\u00f3n de sedes y espacios p\u00fablicos \u00abest\u00e1 abierto a todas las organizaciones, y va desde arreglar el banco de la plaza, arreglar el techo o cambiar la canaleta, pues se viene el tiempo de invierno en que estas reparaciones son necesarias y la idea es prepararse adecuadamente para el invierno\u00bb.<\/p>\n<p>As\u00ed, Pablo Silva aprovech\u00f3 de invitar a todos los vecinos a prepararse con tiempo. Adem\u00e1s los vecinos tienen la opci\u00f3n siempre de acercarse con sus ideas a la Dideco y as\u00ed trabajar conjuntamente para lograr realizar las mejoras que sean necesarias.<\/p>\n<p>&nbsp;<\/p>\n","protected":false},"excerpt":{"rendered":"<p>El coordinador del departamento de Desarrollo Comunitario, Pablo Silva, indic\u00f3 que este a\u00f1o pretenden tener en \u00f3ptimas condiciones las sedes comunitarias o los espacios donde se desarrollan las actividades de alguna organizaci\u00f3n&#8230;.<\/p>\n","protected":false},"author":482,"featured_media":44218,"comment_status":"open","ping_status":"closed","sticky":false,"template":"","format":"standard","meta":{"advanced_seo_description":"","jetpack_seo_html_title":"","jetpack_seo_noindex":false,"_jetpack_memberships_contains_paid_content":false,"footnotes":""},"categories":[1],"tags":[],"class_list":["post-44217","post","type-post","status-publish","format-standard","has-post-thumbnail","hentry","category-cronica"],"jetpack_featured_media_url":"https:\/\/i0.wp.com\/eltrabajo.cl\/portal\/wp-content\/uploads\/2014\/03\/Pablo-Silva1.jpg?fit=529%2C710&ssl=1","jetpack_sharing_enabled":true,"jetpack_likes_enabled":true,"jetpack-related-posts":[],"_links":{"self":[{"href":"https:\/\/eltrabajo.cl\/portal\/wp-json\/wp\/v2\/posts\/44217","targetHints":{"allow":["GET"]}}],"collection":[{"href":"https:\/\/eltrabajo.cl\/portal\/wp-json\/wp\/v2\/posts"}],"about":[{"href":"https:\/\/eltrabajo.cl\/portal\/wp-json\/wp\/v2\/types\/post"}],"author":[{"embeddable":true,"href":"https:\/\/eltrabajo.cl\/portal\/wp-json\/wp\/v2\/users\/482"}],"replies":[{"embeddable":true,"href":"https:\/\/eltrabajo.cl\/portal\/wp-json\/wp\/v2\/comments?post=44217"}],"version-history":[{"count":0,"href":"https:\/\/eltrabajo.cl\/portal\/wp-json\/wp\/v2\/posts\/44217\/revisions"}],"wp:featuredmedia":[{"embeddable":true,"href":"https:\/\/eltrabajo.cl\/portal\/wp-json\/wp\/v2\/media\/44218"}],"wp:attachment":[{"href":"https:\/\/eltrabajo.cl\/portal\/wp-json\/wp\/v2\/media?parent=44217"}],"wp:term":[{"taxonomy":"category","embeddable":true,"href":"https:\/\/eltrabajo.cl\/portal\/wp-json\/wp\/v2\/categories?post=44217"},{"taxonomy":"post_tag","embeddable":true,"href":"https:\/\/eltrabajo.cl\/portal\/wp-json\/wp\/v2\/tags?post=44217"}],"curies":[{"name":"wp","href":"https:\/\/api.w.org\/{rel}","templated":true}]}}