{"id":44221,"date":"2014-03-13T09:27:58","date_gmt":"2014-03-13T12:27:58","guid":{"rendered":"http:\/\/www.eltrabajo.cl\/portal\/?p=44221"},"modified":"2014-03-13T09:49:49","modified_gmt":"2014-03-13T12:49:49","slug":"municipio-dispone-buses-y-90-entradas-para-apoyar-a-natalia-duco","status":"publish","type":"post","link":"https:\/\/eltrabajo.cl\/portal\/municipio-dispone-buses-y-90-entradas-para-apoyar-a-natalia-duco\/","title":{"rendered":"Municipio dispone buses y 90 entradas para apoyar a Natalia Duco"},"content":{"rendered":"<figure id=\"attachment_44222\" aria-describedby=\"caption-attachment-44222\" style=\"width: 317px\" class=\"wp-caption alignleft\"><img data-recalc-dims=\"1\" loading=\"lazy\" decoding=\"async\" class=\"wp-image-44222 \" alt=\"La idea es que nuestra gran Natalia Duco cuente con el apoyo de los sanfelipe\u00f1os este domingo en los Juegos Sudamericanos.\" src=\"https:\/\/i0.wp.com\/www.eltrabajo.cl\/portal\/wp-content\/uploads\/2014\/03\/natalia-duco-en-barcelona.jpg?resize=317%2C397\" width=\"317\" height=\"397\" srcset=\"https:\/\/i0.wp.com\/eltrabajo.cl\/portal\/wp-content\/uploads\/2014\/03\/natalia-duco-en-barcelona.jpg?w=529&amp;ssl=1 529w, https:\/\/i0.wp.com\/eltrabajo.cl\/portal\/wp-content\/uploads\/2014\/03\/natalia-duco-en-barcelona.jpg?resize=120%2C150&amp;ssl=1 120w, https:\/\/i0.wp.com\/eltrabajo.cl\/portal\/wp-content\/uploads\/2014\/03\/natalia-duco-en-barcelona.jpg?resize=240%2C300&amp;ssl=1 240w\" sizes=\"auto, (max-width: 317px) 100vw, 317px\" \/><\/a><figcaption id=\"caption-attachment-44222\" class=\"wp-caption-text\">La idea es que nuestra gran Natalia Duco cuente con el apoyo de los sanfelipe\u00f1os este domingo en los Juegos Sudamericanos.<\/figcaption><\/figure>\n<ul>\n<li><strong style=\"font-size: 13px;\">Las inscripciones deben realizarse en Carlos Condell 246, en la oficina de Deportes y cualquier consulta al 2505908.<\/strong><\/li>\n<\/ul>\n<p>Para este domingo la Municipalidad de San Felipe ha dispuesto locomoci\u00f3n para ir a apoyar a la destacada deportista aconcag\u00fcina, Natalia Duco a los Juegos Sudamericanos.<\/p>\n<p>As\u00ed lo dio a conocer el Coordinador de Deportes municipal, Danilo Pe\u00f1a, quien se\u00f1al\u00f3 que el Alcalde Patricio Freire impuls\u00f3 esta iniciativa, que tiene como objetivo que nuestros vecinos acompa\u00f1en a la deportista durante la competencia, contando con movilizaci\u00f3n y entradas al Estadio Nacional.<\/p>\n<p>\u201cEstamos pidiendo que toda la gente se acerque a la oficina de Deportes que queda en Carlos Condell 246 a realizar las inscripciones. Esta es una actividad familiar, de tal manera que quien inscribe es un adulto y los ni\u00f1os y j\u00f3venes que los acompa\u00f1en deben ir bajo la responsabilidad de un adulto para poder participar\u201d, se\u00f1al\u00f3 Pe\u00f1a.<\/p>\n<p>La Municipalidad dispone de 90 entradas para los vecinos que se interesen por ir a apoyar a Natalia y ese d\u00eda la hora de salida es a las 13:30 horas, ya que el atletismo se desarrolla entre las 17 y las 19 horas en el Estadio Nacional.<\/p>\n<p>Las consultas pueden realizarse tanto en la oficina de Deportes municipal como en el tel\u00e9fono 2505908.<\/p>\n<p>&nbsp;<\/p>\n","protected":false},"excerpt":{"rendered":"<p>Las inscripciones deben realizarse en Carlos Condell 246, en la oficina de Deportes y cualquier consulta al 2505908. Para este domingo la Municipalidad de San Felipe ha dispuesto locomoci\u00f3n para ir a&#8230;<\/p>\n","protected":false},"author":482,"featured_media":44222,"comment_status":"open","ping_status":"closed","sticky":false,"template":"","format":"standard","meta":{"advanced_seo_description":"","jetpack_seo_html_title":"","jetpack_seo_noindex":false,"_jetpack_memberships_contains_paid_content":false,"footnotes":""},"categories":[1],"tags":[],"class_list":["post-44221","post","type-post","status-publish","format-standard","has-post-thumbnail","hentry","category-cronica"],"jetpack_featured_media_url":"https:\/\/i0.wp.com\/eltrabajo.cl\/portal\/wp-content\/uploads\/2014\/03\/natalia-duco-en-barcelona.jpg?fit=529%2C661&ssl=1","jetpack_sharing_enabled":true,"jetpack_likes_enabled":true,"jetpack-related-posts":[],"_links":{"self":[{"href":"https:\/\/eltrabajo.cl\/portal\/wp-json\/wp\/v2\/posts\/44221","targetHints":{"allow":["GET"]}}],"collection":[{"href":"https:\/\/eltrabajo.cl\/portal\/wp-json\/wp\/v2\/posts"}],"about":[{"href":"https:\/\/eltrabajo.cl\/portal\/wp-json\/wp\/v2\/types\/post"}],"author":[{"embeddable":true,"href":"https:\/\/eltrabajo.cl\/portal\/wp-json\/wp\/v2\/users\/482"}],"replies":[{"embeddable":true,"href":"https:\/\/eltrabajo.cl\/portal\/wp-json\/wp\/v2\/comments?post=44221"}],"version-history":[{"count":0,"href":"https:\/\/eltrabajo.cl\/portal\/wp-json\/wp\/v2\/posts\/44221\/revisions"}],"wp:featuredmedia":[{"embeddable":true,"href":"https:\/\/eltrabajo.cl\/portal\/wp-json\/wp\/v2\/media\/44222"}],"wp:attachment":[{"href":"https:\/\/eltrabajo.cl\/portal\/wp-json\/wp\/v2\/media?parent=44221"}],"wp:term":[{"taxonomy":"category","embeddable":true,"href":"https:\/\/eltrabajo.cl\/portal\/wp-json\/wp\/v2\/categories?post=44221"},{"taxonomy":"post_tag","embeddable":true,"href":"https:\/\/eltrabajo.cl\/portal\/wp-json\/wp\/v2\/tags?post=44221"}],"curies":[{"name":"wp","href":"https:\/\/api.w.org\/{rel}","templated":true}]}}