{"id":44226,"date":"2014-03-13T09:35:24","date_gmt":"2014-03-13T12:35:24","guid":{"rendered":"http:\/\/www.eltrabajo.cl\/portal\/?p=44226"},"modified":"2014-03-13T09:49:16","modified_gmt":"2014-03-13T12:49:16","slug":"municipio-de-san-felipe-realizara-tour-gratuito-a-las-cuevas-de-la-giganta","status":"publish","type":"post","link":"https:\/\/eltrabajo.cl\/portal\/municipio-de-san-felipe-realizara-tour-gratuito-a-las-cuevas-de-la-giganta\/","title":{"rendered":"Municipio de San Felipe realizar\u00e1 tour gratuito a las cuevas de La Giganta"},"content":{"rendered":"<figure id=\"attachment_44227\" aria-describedby=\"caption-attachment-44227\" style=\"width: 528px\" class=\"wp-caption alignnone\"><img data-recalc-dims=\"1\" loading=\"lazy\" decoding=\"async\" class=\"size-full wp-image-44227\" alt=\"Estos son algunos de los dibujos que podr\u00e1n encontrar en el recorrido a La Giganta.\" src=\"https:\/\/i0.wp.com\/www.eltrabajo.cl\/portal\/wp-content\/uploads\/2014\/03\/pintura-rupestre.jpg?resize=528%2C401\" width=\"528\" height=\"401\" srcset=\"https:\/\/i0.wp.com\/eltrabajo.cl\/portal\/wp-content\/uploads\/2014\/03\/pintura-rupestre.jpg?w=528&amp;ssl=1 528w, https:\/\/i0.wp.com\/eltrabajo.cl\/portal\/wp-content\/uploads\/2014\/03\/pintura-rupestre.jpg?resize=197%2C150&amp;ssl=1 197w, https:\/\/i0.wp.com\/eltrabajo.cl\/portal\/wp-content\/uploads\/2014\/03\/pintura-rupestre.jpg?resize=300%2C227&amp;ssl=1 300w, https:\/\/i0.wp.com\/eltrabajo.cl\/portal\/wp-content\/uploads\/2014\/03\/pintura-rupestre.jpg?resize=150%2C113&amp;ssl=1 150w, https:\/\/i0.wp.com\/eltrabajo.cl\/portal\/wp-content\/uploads\/2014\/03\/pintura-rupestre.jpg?resize=400%2C303&amp;ssl=1 400w\" sizes=\"auto, (max-width: 528px) 100vw, 528px\" \/><\/a><figcaption id=\"caption-attachment-44227\" class=\"wp-caption-text\">Estos son algunos de los dibujos que podr\u00e1n encontrar en el recorrido a La Giganta.<\/figcaption><\/figure>\n<p>El Departamento de Cultura de la Municipalidad de San Felipe ha programado la segunda fecha de Tours Ecol\u00f3gicos Patrimoniales que tiene un variado calendario para este a\u00f1o.<\/p>\n<p>Esta segunda salida ser\u00e1 a las singulares Cuevas de La Giganta, y tiene cupos gratuitos pero limitados para poder embarcar en el bus que los llevar\u00e1 a la caminata familiar los d\u00edas s\u00e1bados 15 y 22 de marzo con salida desde la Plaza C\u00edvica a las 10 de la ma\u00f1ana y un retorno estimado a las 14:00 horas, todo amenizado por un gu\u00eda experto.<\/p>\n<p>En dicho paseo se podr\u00e1 observar el hermoso trabajo de la ruta de pinturas rupestres efectuadas en dependencias del Colegio Alem\u00e1n para luego internarse a los faldeos del cerro La Giganta y encontrar muchos secretos que develar\u00e1 el viaje. Entre algunos, el que el valle haya sido lecho de un vasto lago que dej\u00f3 fango fosilizado con gas metano atrapado en el interior de los f\u00f3siles. Tambi\u00e9n se visitar\u00e1n las dos cuevas que serv\u00edan de refugio para grupos humanos hace unos 10.000 a\u00f1os aproximadamente. Sus paredes tiznadas de humo muestran su pasado que alberg\u00f3 familias en diferentes etapas de nuestra historia precolombina. El valor primordial de las Cuevas de La Giganta es que en su interior se encuentran pinturas rupestres, que a diferencia de los petroglifos, \u00e9stas fueron pintadas y no grabadas a la roca, siendo el \u00fanico lugar hasta ahora descubierto en el valle del Aconcagua con pinturas rupestres precolombinas.<\/p>\n<p>La buena iniciativa del Departamento de Cultura de la I. Municipalidad de San Felipe, ya ha llevado en su primera jornada a 68 personas a conocer nuestro patrimonio, muchas veces escondido, que demuestra una historia de varios miles de a\u00f1os en los hermosos paisajes de nuestro valle.<\/p>\n<p>Para su inscripci\u00f3n gratuita debe llamar al 2509082 \u00f3 escribir al correo electr\u00f3nico cultura@sanfe.cl, para participar en el calendario anual que contemplar\u00e1 dos salidas mensuales a distintos sitios de gran valor patrimonial y ecol\u00f3gico de nuestro Valle de Aconcagua.<\/p>\n<p>Roberto Mercado Aced<\/p>\n<p>&nbsp;<\/p>\n","protected":false},"excerpt":{"rendered":"<p>El Departamento de Cultura de la Municipalidad de San Felipe ha programado la segunda fecha de Tours Ecol\u00f3gicos Patrimoniales que tiene un variado calendario para este a\u00f1o. Esta segunda salida ser\u00e1 a&#8230;<\/p>\n","protected":false},"author":482,"featured_media":44227,"comment_status":"open","ping_status":"closed","sticky":false,"template":"","format":"standard","meta":{"advanced_seo_description":"","jetpack_seo_html_title":"","jetpack_seo_noindex":false,"_jetpack_memberships_contains_paid_content":false,"footnotes":""},"categories":[1],"tags":[],"class_list":["post-44226","post","type-post","status-publish","format-standard","has-post-thumbnail","hentry","category-cronica"],"jetpack_featured_media_url":"https:\/\/i0.wp.com\/eltrabajo.cl\/portal\/wp-content\/uploads\/2014\/03\/pintura-rupestre.jpg?fit=528%2C401&ssl=1","jetpack_sharing_enabled":true,"jetpack_likes_enabled":true,"jetpack-related-posts":[],"_links":{"self":[{"href":"https:\/\/eltrabajo.cl\/portal\/wp-json\/wp\/v2\/posts\/44226","targetHints":{"allow":["GET"]}}],"collection":[{"href":"https:\/\/eltrabajo.cl\/portal\/wp-json\/wp\/v2\/posts"}],"about":[{"href":"https:\/\/eltrabajo.cl\/portal\/wp-json\/wp\/v2\/types\/post"}],"author":[{"embeddable":true,"href":"https:\/\/eltrabajo.cl\/portal\/wp-json\/wp\/v2\/users\/482"}],"replies":[{"embeddable":true,"href":"https:\/\/eltrabajo.cl\/portal\/wp-json\/wp\/v2\/comments?post=44226"}],"version-history":[{"count":0,"href":"https:\/\/eltrabajo.cl\/portal\/wp-json\/wp\/v2\/posts\/44226\/revisions"}],"wp:featuredmedia":[{"embeddable":true,"href":"https:\/\/eltrabajo.cl\/portal\/wp-json\/wp\/v2\/media\/44227"}],"wp:attachment":[{"href":"https:\/\/eltrabajo.cl\/portal\/wp-json\/wp\/v2\/media?parent=44226"}],"wp:term":[{"taxonomy":"category","embeddable":true,"href":"https:\/\/eltrabajo.cl\/portal\/wp-json\/wp\/v2\/categories?post=44226"},{"taxonomy":"post_tag","embeddable":true,"href":"https:\/\/eltrabajo.cl\/portal\/wp-json\/wp\/v2\/tags?post=44226"}],"curies":[{"name":"wp","href":"https:\/\/api.w.org\/{rel}","templated":true}]}}