{"id":44230,"date":"2014-03-13T09:46:49","date_gmt":"2014-03-13T12:46:49","guid":{"rendered":"http:\/\/www.eltrabajo.cl\/portal\/?p=44230"},"modified":"2014-03-13T09:46:49","modified_gmt":"2014-03-13T12:46:49","slug":"municipio-sanfelipeno-realiza-trabajos-de-hermoseamiento-en-plaza-de-armas","status":"publish","type":"post","link":"https:\/\/eltrabajo.cl\/portal\/municipio-sanfelipeno-realiza-trabajos-de-hermoseamiento-en-plaza-de-armas\/","title":{"rendered":"Municipio sanfelipe\u00f1o realiza trabajos de hermoseamiento en Plaza de Armas"},"content":{"rendered":"<figure id=\"attachment_44231\" aria-describedby=\"caption-attachment-44231\" style=\"width: 528px\" class=\"wp-caption alignnone\"><img data-recalc-dims=\"1\" loading=\"lazy\" decoding=\"async\" class=\"size-full wp-image-44231\" alt=\"Una malla de protecci\u00f3n se encuentra instalada en los sectores de jardines para proteger la resiembra de pasto y flores en nuestro principal paseo p\u00fablico.\" src=\"https:\/\/i0.wp.com\/www.eltrabajo.cl\/portal\/wp-content\/uploads\/2014\/03\/hermoseamiento-1.jpg?resize=528%2C360\" width=\"528\" height=\"360\" srcset=\"https:\/\/i0.wp.com\/eltrabajo.cl\/portal\/wp-content\/uploads\/2014\/03\/hermoseamiento-1.jpg?w=528&amp;ssl=1 528w, https:\/\/i0.wp.com\/eltrabajo.cl\/portal\/wp-content\/uploads\/2014\/03\/hermoseamiento-1.jpg?resize=200%2C136&amp;ssl=1 200w, https:\/\/i0.wp.com\/eltrabajo.cl\/portal\/wp-content\/uploads\/2014\/03\/hermoseamiento-1.jpg?resize=300%2C204&amp;ssl=1 300w, https:\/\/i0.wp.com\/eltrabajo.cl\/portal\/wp-content\/uploads\/2014\/03\/hermoseamiento-1.jpg?resize=150%2C102&amp;ssl=1 150w, https:\/\/i0.wp.com\/eltrabajo.cl\/portal\/wp-content\/uploads\/2014\/03\/hermoseamiento-1.jpg?resize=400%2C272&amp;ssl=1 400w\" sizes=\"auto, (max-width: 528px) 100vw, 528px\" \/><\/a><figcaption id=\"caption-attachment-44231\" class=\"wp-caption-text\">Una malla de protecci\u00f3n se encuentra instalada en los sectores de jardines para proteger la resiembra de pasto y flores en nuestro principal paseo p\u00fablico.<\/figcaption><\/figure>\n<p>Diferentes trabajos de mejoramiento se est\u00e1n realizando en la Plaza de Armas de San Felipe durante esta semana, que contemplan el lavado de la plaza y la plantaci\u00f3n de pasto y flores.<\/p>\n<p>As\u00ed lo dio a conocer Ricardo Le\u00f3n, encargado de Operaciones de la Municipalidad, quien se\u00f1al\u00f3 que la empresa Proactiva, de acuerdo al contrato que tiene suscrito con la Corporaci\u00f3n Edilicia, se encuentra realizando el lavado de la Plaza de Armas correspondiente al mes de marzo, proceso que terminar\u00eda este jueves.<\/p>\n<p>Adem\u00e1s personal municipal ha estado pintando el Ode\u00f3n que cada cierto tiempo aparece rayado con grafitis, a lo que se suman los dos monumentos que se encuentran en la calle Salinas y en el transcurso de la semana se estar\u00e1 pintando la muralla que da a la plaza c\u00edvica, que tambi\u00e9n fue rayada con grafitis.<\/p>\n<p>\u201cEstamos cumpliendo con la comunidad de mantener la plaza limpia y el entorno de la Plaza de Armas igual, se est\u00e1 haciendo una resiembra de pasto, por eso no es de extra\u00f1arse que est\u00e9 con esta reja de color naranja, ya que precisamente es para que los ciudadanos y los ni\u00f1os no traspasen al pasto para que esta \u00e1rea verde pueda quedar en buenas condiciones. La resiembra se est\u00e1 haciendo por etapas y ya se plantaron flores de temporada, lo que significa que la Plaza de Armas cada d\u00eda se tiene que ver m\u00e1s bonita\u201d, se\u00f1al\u00f3 Le\u00f3n.<\/p>\n<p>Adem\u00e1s se est\u00e1 a la espera de la temporada de plantaci\u00f3n de \u00e1rboles, para colocar distintas especies en la Plaza de Armas y as\u00ed continuar el hermoseamiento de este sector, que es el principal paseo peatonal de la comuna.<\/p>\n<p>&nbsp;<\/p>\n","protected":false},"excerpt":{"rendered":"<p>Diferentes trabajos de mejoramiento se est\u00e1n realizando en la Plaza de Armas de San Felipe durante esta semana, que contemplan el lavado de la plaza y la plantaci\u00f3n de pasto y flores&#8230;.<\/p>\n","protected":false},"author":482,"featured_media":44231,"comment_status":"open","ping_status":"closed","sticky":false,"template":"","format":"standard","meta":{"advanced_seo_description":"","jetpack_seo_html_title":"","jetpack_seo_noindex":false,"_jetpack_memberships_contains_paid_content":false,"footnotes":""},"categories":[1],"tags":[],"class_list":["post-44230","post","type-post","status-publish","format-standard","has-post-thumbnail","hentry","category-cronica"],"jetpack_featured_media_url":"https:\/\/i0.wp.com\/eltrabajo.cl\/portal\/wp-content\/uploads\/2014\/03\/hermoseamiento-1.jpg?fit=528%2C360&ssl=1","jetpack_sharing_enabled":true,"jetpack_likes_enabled":true,"jetpack-related-posts":[],"_links":{"self":[{"href":"https:\/\/eltrabajo.cl\/portal\/wp-json\/wp\/v2\/posts\/44230","targetHints":{"allow":["GET"]}}],"collection":[{"href":"https:\/\/eltrabajo.cl\/portal\/wp-json\/wp\/v2\/posts"}],"about":[{"href":"https:\/\/eltrabajo.cl\/portal\/wp-json\/wp\/v2\/types\/post"}],"author":[{"embeddable":true,"href":"https:\/\/eltrabajo.cl\/portal\/wp-json\/wp\/v2\/users\/482"}],"replies":[{"embeddable":true,"href":"https:\/\/eltrabajo.cl\/portal\/wp-json\/wp\/v2\/comments?post=44230"}],"version-history":[{"count":0,"href":"https:\/\/eltrabajo.cl\/portal\/wp-json\/wp\/v2\/posts\/44230\/revisions"}],"wp:featuredmedia":[{"embeddable":true,"href":"https:\/\/eltrabajo.cl\/portal\/wp-json\/wp\/v2\/media\/44231"}],"wp:attachment":[{"href":"https:\/\/eltrabajo.cl\/portal\/wp-json\/wp\/v2\/media?parent=44230"}],"wp:term":[{"taxonomy":"category","embeddable":true,"href":"https:\/\/eltrabajo.cl\/portal\/wp-json\/wp\/v2\/categories?post=44230"},{"taxonomy":"post_tag","embeddable":true,"href":"https:\/\/eltrabajo.cl\/portal\/wp-json\/wp\/v2\/tags?post=44230"}],"curies":[{"name":"wp","href":"https:\/\/api.w.org\/{rel}","templated":true}]}}