{"id":44237,"date":"2014-03-13T09:52:10","date_gmt":"2014-03-13T12:52:10","guid":{"rendered":"http:\/\/www.eltrabajo.cl\/portal\/?p=44237"},"modified":"2014-03-13T09:52:10","modified_gmt":"2014-03-13T12:52:10","slug":"vecino-de-las-coimas-denuncia-incumplimiento-de-empresa-entel","status":"publish","type":"post","link":"https:\/\/eltrabajo.cl\/portal\/vecino-de-las-coimas-denuncia-incumplimiento-de-empresa-entel\/","title":{"rendered":"Vecino de Las Coimas denuncia incumplimiento de empresa Entel"},"content":{"rendered":"<figure id=\"attachment_44238\" aria-describedby=\"caption-attachment-44238\" style=\"width: 370px\" class=\"wp-caption alignleft\"><a href=\"https:\/\/i0.wp.com\/www.eltrabajo.cl\/portal\/wp-content\/uploads\/2014\/03\/juan-carre%C3%B1o.jpg\"><img data-recalc-dims=\"1\" loading=\"lazy\" decoding=\"async\" class=\" wp-image-44238 \" alt=\"Juan Carre\u00f1o expres\u00f3 su malestar por el trato recibido por parte de la empresa Entel.\" src=\"https:\/\/i0.wp.com\/www.eltrabajo.cl\/portal\/wp-content\/uploads\/2014\/03\/juan-carre%C3%B1o.jpg?resize=370%2C491\" width=\"370\" height=\"491\" srcset=\"https:\/\/i0.wp.com\/eltrabajo.cl\/portal\/wp-content\/uploads\/2014\/03\/juan-carre%C3%B1o.jpg?w=529&amp;ssl=1 529w, https:\/\/i0.wp.com\/eltrabajo.cl\/portal\/wp-content\/uploads\/2014\/03\/juan-carre%C3%B1o.jpg?resize=113%2C150&amp;ssl=1 113w, https:\/\/i0.wp.com\/eltrabajo.cl\/portal\/wp-content\/uploads\/2014\/03\/juan-carre%C3%B1o.jpg?resize=226%2C300&amp;ssl=1 226w, https:\/\/i0.wp.com\/eltrabajo.cl\/portal\/wp-content\/uploads\/2014\/03\/juan-carre%C3%B1o.jpg?resize=400%2C530&amp;ssl=1 400w\" sizes=\"auto, (max-width: 370px) 100vw, 370px\" \/><\/a><figcaption id=\"caption-attachment-44238\" class=\"wp-caption-text\">Juan Carre\u00f1o expres\u00f3 su malestar por el trato recibido por parte de la empresa Entel.<\/figcaption><\/figure>\n<p>Un vecino de la localidad de Las Coimas se acerc\u00f3 hasta las oficinas del Diario El Trabajo para denunciar lo que considera un trato discriminatorio.<\/p>\n<p>Se trata de Juan Carre\u00f1o, quien indica que su se\u00f1ora Teresa Mena V\u00e9liz quiso instalar televisi\u00f3n por cable con la empresa Entel. El matrimonio tiene su residencia en el sector de Las Coimas y se trasladaron a las oficinas de la empresa Entel de San Felipe para contratar televisi\u00f3n por cable.<\/p>\n<p>Tras varios llamados telef\u00f3nicos consiguieron que la citada empresa se comprometiera a enviar un t\u00e9cnico a instalar una antena por el valor de 10 mil pesos, aunque tras varios llamados y anuncios de visita, \u00e9stas no se realizaron.<\/p>\n<p>\u201cPor fin un d\u00eda, un t\u00e9cnico nos llam\u00f3 y dijo que estaba disponible para ir el mismo d\u00eda, aunque el pago no deb\u00eda ser de 10 mil sino de 15 mil pesos. Cuando nosotros reclamamos por qu\u00e9 nos cobraba m\u00e1s caro, el t\u00e9cnico nunca lleg\u00f3. Al d\u00eda siguiente fuimos a la oficina otra vez y le hicimos el reclamo. Al final pasaron los d\u00edas y despu\u00e9s de llamar a Santiago y otras partes no hubo una respuesta apropiada\u201d, se\u00f1ala Juan Carre\u00f1o.<\/p>\n<p>Este vecino dice que por ser ellos de una zona rural y alejada del centro, tienen un trato diferente y que les perjudica, porque \u201csi no van a instalar el cable porque no les conviene u otras razones, entonces que no hagan perder el tiempo y gasto de pasajes. Adem\u00e1s que nos hicieron firmar papeles y todo queda por ah\u00ed con nuestros datos y al final no hay una respuesta clara\u201d.<\/p>\n<p>Este vecino asegura que no pag\u00f3 dinero alguno, pero igual gastaron tiempo, horas de trabajo y pasajes para ir a las oficinas.<\/p>\n<p>&nbsp;<\/p>\n","protected":false},"excerpt":{"rendered":"<p>Un vecino de la localidad de Las Coimas se acerc\u00f3 hasta las oficinas del Diario El Trabajo para denunciar lo que considera un trato discriminatorio. Se trata de Juan Carre\u00f1o, quien indica&#8230;<\/p>\n","protected":false},"author":482,"featured_media":44238,"comment_status":"open","ping_status":"closed","sticky":false,"template":"","format":"standard","meta":{"advanced_seo_description":"","jetpack_seo_html_title":"","jetpack_seo_noindex":false,"_jetpack_memberships_contains_paid_content":false,"footnotes":""},"categories":[1],"tags":[],"class_list":["post-44237","post","type-post","status-publish","format-standard","has-post-thumbnail","hentry","category-cronica"],"jetpack_featured_media_url":"https:\/\/i0.wp.com\/eltrabajo.cl\/portal\/wp-content\/uploads\/2014\/03\/juan-carre%C3%B1o.jpg?fit=529%2C701&ssl=1","jetpack_sharing_enabled":true,"jetpack_likes_enabled":true,"jetpack-related-posts":[],"_links":{"self":[{"href":"https:\/\/eltrabajo.cl\/portal\/wp-json\/wp\/v2\/posts\/44237","targetHints":{"allow":["GET"]}}],"collection":[{"href":"https:\/\/eltrabajo.cl\/portal\/wp-json\/wp\/v2\/posts"}],"about":[{"href":"https:\/\/eltrabajo.cl\/portal\/wp-json\/wp\/v2\/types\/post"}],"author":[{"embeddable":true,"href":"https:\/\/eltrabajo.cl\/portal\/wp-json\/wp\/v2\/users\/482"}],"replies":[{"embeddable":true,"href":"https:\/\/eltrabajo.cl\/portal\/wp-json\/wp\/v2\/comments?post=44237"}],"version-history":[{"count":0,"href":"https:\/\/eltrabajo.cl\/portal\/wp-json\/wp\/v2\/posts\/44237\/revisions"}],"wp:featuredmedia":[{"embeddable":true,"href":"https:\/\/eltrabajo.cl\/portal\/wp-json\/wp\/v2\/media\/44238"}],"wp:attachment":[{"href":"https:\/\/eltrabajo.cl\/portal\/wp-json\/wp\/v2\/media?parent=44237"}],"wp:term":[{"taxonomy":"category","embeddable":true,"href":"https:\/\/eltrabajo.cl\/portal\/wp-json\/wp\/v2\/categories?post=44237"},{"taxonomy":"post_tag","embeddable":true,"href":"https:\/\/eltrabajo.cl\/portal\/wp-json\/wp\/v2\/tags?post=44237"}],"curies":[{"name":"wp","href":"https:\/\/api.w.org\/{rel}","templated":true}]}}