{"id":44241,"date":"2014-03-13T09:55:19","date_gmt":"2014-03-13T12:55:19","guid":{"rendered":"http:\/\/www.eltrabajo.cl\/portal\/?p=44241"},"modified":"2014-03-13T10:05:56","modified_gmt":"2014-03-13T13:05:56","slug":"sernam-presenta-querella-contra-presunto-femicida-de-rosa-galdamez","status":"publish","type":"post","link":"https:\/\/eltrabajo.cl\/portal\/sernam-presenta-querella-contra-presunto-femicida-de-rosa-galdamez\/","title":{"rendered":"Sernam presenta querella contra presunto femicida de Rosa Gald\u00e1mez"},"content":{"rendered":"<figure id=\"attachment_44242\" aria-describedby=\"caption-attachment-44242\" style=\"width: 529px\" class=\"wp-caption alignnone\"><img data-recalc-dims=\"1\" loading=\"lazy\" decoding=\"async\" class=\"size-full wp-image-44242\" alt=\"Los abogados del Sernam de San Felipe y Valpara\u00edso presentaron la querella ayer al medio d\u00eda por este primer caso de femicidio registrado en la regi\u00f3n durante el presente a\u00f1o.\" src=\"https:\/\/i0.wp.com\/www.eltrabajo.cl\/portal\/wp-content\/uploads\/2014\/03\/Presentaci%C3%B3n-Querella.jpg?resize=529%2C401\" width=\"529\" height=\"401\" srcset=\"https:\/\/i0.wp.com\/eltrabajo.cl\/portal\/wp-content\/uploads\/2014\/03\/Presentaci%C3%B3n-Querella.jpg?w=529&amp;ssl=1 529w, https:\/\/i0.wp.com\/eltrabajo.cl\/portal\/wp-content\/uploads\/2014\/03\/Presentaci%C3%B3n-Querella.jpg?resize=197%2C150&amp;ssl=1 197w, https:\/\/i0.wp.com\/eltrabajo.cl\/portal\/wp-content\/uploads\/2014\/03\/Presentaci%C3%B3n-Querella.jpg?resize=300%2C227&amp;ssl=1 300w, https:\/\/i0.wp.com\/eltrabajo.cl\/portal\/wp-content\/uploads\/2014\/03\/Presentaci%C3%B3n-Querella.jpg?resize=150%2C113&amp;ssl=1 150w, https:\/\/i0.wp.com\/eltrabajo.cl\/portal\/wp-content\/uploads\/2014\/03\/Presentaci%C3%B3n-Querella.jpg?resize=400%2C303&amp;ssl=1 400w\" sizes=\"auto, (max-width: 529px) 100vw, 529px\" \/><\/a><figcaption id=\"caption-attachment-44242\" class=\"wp-caption-text\">Los abogados del Sernam de San Felipe y Valpara\u00edso presentaron la querella ayer al medio d\u00eda por este primer caso de femicidio registrado en la regi\u00f3n durante el presente a\u00f1o.<\/figcaption><\/figure>\n<p>El Servicio Nacional de la Mujer de Valpara\u00edso, a trav\u00e9s de su abogado Rafael Gonz\u00e1lez, junto a la abogada del Centro de la Mujer del Sernam de San Felipe, presentaron una querella por el femicidio de Rosa del Tr\u00e1nsito Gald\u00e1mez Montenegro, primer caso registrado en la regi\u00f3n durante el presente a\u00f1o.<\/p>\n<p>Como se recordar\u00e1, este crimen ocurri\u00f3 el d\u00eda 25 de febrero reci\u00e9n pasado en la comuna de Llay-Llay, en circunstancias que Ricardo Trist\u00e1n Gallardo Fuentes dio muerte con un arma blanca a su pareja, Rosa Gald\u00e1mez, de 54 a\u00f1os de edad, en el sector de El Salitre, en la citada comuna.<\/p>\n<figure id=\"attachment_44243\" aria-describedby=\"caption-attachment-44243\" style=\"width: 317px\" class=\"wp-caption alignright\"><a href=\"https:\/\/i0.wp.com\/www.eltrabajo.cl\/portal\/wp-content\/uploads\/2014\/03\/Abogado-con-Medios.jpg\"><img data-recalc-dims=\"1\" loading=\"lazy\" decoding=\"async\" class=\" wp-image-44243 \" alt=\"El abogado del Sernam, Rafael Gonz\u00e1lez, explic\u00f3 a los medios los alcances de esta querella que se interpuso en nombre de la hija de la v\u00edctima de este femicidio, Yinia Gald\u00e1mez.\" src=\"https:\/\/i0.wp.com\/www.eltrabajo.cl\/portal\/wp-content\/uploads\/2014\/03\/Abogado-con-Medios.jpg?resize=317%2C241\" width=\"317\" height=\"241\" srcset=\"https:\/\/i0.wp.com\/eltrabajo.cl\/portal\/wp-content\/uploads\/2014\/03\/Abogado-con-Medios.jpg?w=529&amp;ssl=1 529w, https:\/\/i0.wp.com\/eltrabajo.cl\/portal\/wp-content\/uploads\/2014\/03\/Abogado-con-Medios.jpg?resize=197%2C150&amp;ssl=1 197w, https:\/\/i0.wp.com\/eltrabajo.cl\/portal\/wp-content\/uploads\/2014\/03\/Abogado-con-Medios.jpg?resize=300%2C227&amp;ssl=1 300w, https:\/\/i0.wp.com\/eltrabajo.cl\/portal\/wp-content\/uploads\/2014\/03\/Abogado-con-Medios.jpg?resize=150%2C113&amp;ssl=1 150w, https:\/\/i0.wp.com\/eltrabajo.cl\/portal\/wp-content\/uploads\/2014\/03\/Abogado-con-Medios.jpg?resize=400%2C303&amp;ssl=1 400w\" sizes=\"auto, (max-width: 317px) 100vw, 317px\" \/><\/a><figcaption id=\"caption-attachment-44243\" class=\"wp-caption-text\">El abogado del Sernam, Rafael Gonz\u00e1lez, explic\u00f3 a los medios los alcances de esta querella que se interpuso en nombre de la hija de la v\u00edctima de este femicidio, Yinia Gald\u00e1mez.<\/figcaption><\/figure>\n<p>La querella, seg\u00fan lo explic\u00f3 el abogado del Sernam, Rafael Gonz\u00e1lez, es presentada en representaci\u00f3n de la hija de la v\u00edctima, Yinia Gald\u00e1mez, y las expectativas del Sernam son que al terminar el proceso se obtenga una sentencia lo m\u00e1s alta posible, que podr\u00eda llegar a presidio mayor en su grado m\u00e1ximo y que comienza en 15 a\u00f1os y un d\u00eda, hasta presidio perpetuo calificado, que implica 40 a\u00f1os de presidio sin derecho a beneficios.<\/p>\n<p>El femicidio de Rosa Gald\u00e1mez es el primero en la regi\u00f3n en lo que va del a\u00f1o 2014 y el d\u00e9cimo a nivel pa\u00eds. El a\u00f1o 2013 hubo tres femicidios en la regi\u00f3n y 40 en el pa\u00eds.<\/p>\n<p>&nbsp;<\/p>\n","protected":false},"excerpt":{"rendered":"<p>El Servicio Nacional de la Mujer de Valpara\u00edso, a trav\u00e9s de su abogado Rafael Gonz\u00e1lez, junto a la abogada del Centro de la Mujer del Sernam de San Felipe, presentaron una querella&#8230;<\/p>\n","protected":false},"author":482,"featured_media":44242,"comment_status":"open","ping_status":"closed","sticky":false,"template":"","format":"standard","meta":{"advanced_seo_description":"","jetpack_seo_html_title":"","jetpack_seo_noindex":false,"_jetpack_memberships_contains_paid_content":false,"footnotes":""},"categories":[21],"tags":[],"class_list":["post-44241","post","type-post","status-publish","format-standard","has-post-thumbnail","hentry","category-policial"],"jetpack_featured_media_url":"https:\/\/i0.wp.com\/eltrabajo.cl\/portal\/wp-content\/uploads\/2014\/03\/Presentaci%C3%B3n-Querella.jpg?fit=529%2C401&ssl=1","jetpack_sharing_enabled":true,"jetpack_likes_enabled":true,"jetpack-related-posts":[],"_links":{"self":[{"href":"https:\/\/eltrabajo.cl\/portal\/wp-json\/wp\/v2\/posts\/44241","targetHints":{"allow":["GET"]}}],"collection":[{"href":"https:\/\/eltrabajo.cl\/portal\/wp-json\/wp\/v2\/posts"}],"about":[{"href":"https:\/\/eltrabajo.cl\/portal\/wp-json\/wp\/v2\/types\/post"}],"author":[{"embeddable":true,"href":"https:\/\/eltrabajo.cl\/portal\/wp-json\/wp\/v2\/users\/482"}],"replies":[{"embeddable":true,"href":"https:\/\/eltrabajo.cl\/portal\/wp-json\/wp\/v2\/comments?post=44241"}],"version-history":[{"count":0,"href":"https:\/\/eltrabajo.cl\/portal\/wp-json\/wp\/v2\/posts\/44241\/revisions"}],"wp:featuredmedia":[{"embeddable":true,"href":"https:\/\/eltrabajo.cl\/portal\/wp-json\/wp\/v2\/media\/44242"}],"wp:attachment":[{"href":"https:\/\/eltrabajo.cl\/portal\/wp-json\/wp\/v2\/media?parent=44241"}],"wp:term":[{"taxonomy":"category","embeddable":true,"href":"https:\/\/eltrabajo.cl\/portal\/wp-json\/wp\/v2\/categories?post=44241"},{"taxonomy":"post_tag","embeddable":true,"href":"https:\/\/eltrabajo.cl\/portal\/wp-json\/wp\/v2\/tags?post=44241"}],"curies":[{"name":"wp","href":"https:\/\/api.w.org\/{rel}","templated":true}]}}