{"id":44246,"date":"2014-03-13T09:57:49","date_gmt":"2014-03-13T12:57:49","guid":{"rendered":"http:\/\/www.eltrabajo.cl\/portal\/?p=44246"},"modified":"2014-03-13T10:05:19","modified_gmt":"2014-03-13T13:05:19","slug":"operativo-conjunto-de-carabineros-y-la-pdi-culmina-con-8-detenidos","status":"publish","type":"post","link":"https:\/\/eltrabajo.cl\/portal\/operativo-conjunto-de-carabineros-y-la-pdi-culmina-con-8-detenidos\/","title":{"rendered":"Operativo conjunto de Carabineros y la PDI culmina con 8 detenidos"},"content":{"rendered":"<figure id=\"attachment_44247\" aria-describedby=\"caption-attachment-44247\" style=\"width: 529px\" class=\"wp-caption alignnone\"><img data-recalc-dims=\"1\" loading=\"lazy\" decoding=\"async\" class=\"size-full wp-image-44247\" alt=\"En total fueron 8 los detenidos, ya sea por \u00f3rdenes de detenci\u00f3n pendientes, por infracci\u00f3n a la Ley 20.000 de control de drogas, adem\u00e1s de un detenido por porte ilegal de arma de fuego.\" src=\"https:\/\/i0.wp.com\/www.eltrabajo.cl\/portal\/wp-content\/uploads\/2014\/03\/operativo-carabineros-pdi-c.jpg?resize=529%2C404\" width=\"529\" height=\"404\" srcset=\"https:\/\/i0.wp.com\/eltrabajo.cl\/portal\/wp-content\/uploads\/2014\/03\/operativo-carabineros-pdi-c.jpg?w=529&amp;ssl=1 529w, https:\/\/i0.wp.com\/eltrabajo.cl\/portal\/wp-content\/uploads\/2014\/03\/operativo-carabineros-pdi-c.jpg?resize=196%2C150&amp;ssl=1 196w, https:\/\/i0.wp.com\/eltrabajo.cl\/portal\/wp-content\/uploads\/2014\/03\/operativo-carabineros-pdi-c.jpg?resize=300%2C229&amp;ssl=1 300w, https:\/\/i0.wp.com\/eltrabajo.cl\/portal\/wp-content\/uploads\/2014\/03\/operativo-carabineros-pdi-c.jpg?resize=150%2C114&amp;ssl=1 150w, https:\/\/i0.wp.com\/eltrabajo.cl\/portal\/wp-content\/uploads\/2014\/03\/operativo-carabineros-pdi-c.jpg?resize=400%2C305&amp;ssl=1 400w\" sizes=\"auto, (max-width: 529px) 100vw, 529px\" \/><\/a><figcaption id=\"caption-attachment-44247\" class=\"wp-caption-text\">En total fueron 8 los detenidos, ya sea por \u00f3rdenes de detenci\u00f3n pendientes, por infracci\u00f3n a la Ley 20.000 de control de drogas, adem\u00e1s de un detenido por porte ilegal de arma de fuego.<\/figcaption><\/figure>\n<p>Un nuevo operativo de Carabineros y la Polic\u00eda de Investigaciones se efectu\u00f3 la ma\u00f1ana de este mi\u00e9rcoles en la ciudad de San Felipe.<\/p>\n<p>En la acci\u00f3n policial participaron alrededor de 40 efectivos, los que, apoyados por m\u00e1s de 15 unidades m\u00f3viles recorrieron diferentes puntos de la comuna, tales como la Villa 250 A\u00f1os, Villa Departamental y el centro de la ciudad.<\/p>\n<figure id=\"attachment_44248\" aria-describedby=\"caption-attachment-44248\" style=\"width: 423px\" class=\"wp-caption alignright\"><a href=\"https:\/\/i0.wp.com\/www.eltrabajo.cl\/portal\/wp-content\/uploads\/2014\/03\/operativo-carabineros-pdi-b.jpg\"><img data-recalc-dims=\"1\" loading=\"lazy\" decoding=\"async\" class=\" wp-image-44248 \" alt=\"Una vez m\u00e1s las polic\u00edas salieron a las calles para cubrir dos necesidades. Por una parte otorgar una mayor sensaci\u00f3n de seguridad y por otro lado lograr capturar a los individuos que burlan la justicia y presentan \u00f3rdenes de aprehensi\u00f3n pendientes.\" src=\"https:\/\/i0.wp.com\/www.eltrabajo.cl\/portal\/wp-content\/uploads\/2014\/03\/operativo-carabineros-pdi-b.jpg?resize=423%2C290\" width=\"423\" height=\"290\" srcset=\"https:\/\/i0.wp.com\/eltrabajo.cl\/portal\/wp-content\/uploads\/2014\/03\/operativo-carabineros-pdi-b.jpg?w=529&amp;ssl=1 529w, https:\/\/i0.wp.com\/eltrabajo.cl\/portal\/wp-content\/uploads\/2014\/03\/operativo-carabineros-pdi-b.jpg?resize=200%2C137&amp;ssl=1 200w, https:\/\/i0.wp.com\/eltrabajo.cl\/portal\/wp-content\/uploads\/2014\/03\/operativo-carabineros-pdi-b.jpg?resize=300%2C205&amp;ssl=1 300w, https:\/\/i0.wp.com\/eltrabajo.cl\/portal\/wp-content\/uploads\/2014\/03\/operativo-carabineros-pdi-b.jpg?resize=150%2C102&amp;ssl=1 150w, https:\/\/i0.wp.com\/eltrabajo.cl\/portal\/wp-content\/uploads\/2014\/03\/operativo-carabineros-pdi-b.jpg?resize=400%2C274&amp;ssl=1 400w\" sizes=\"auto, (max-width: 423px) 100vw, 423px\" \/><\/a><figcaption id=\"caption-attachment-44248\" class=\"wp-caption-text\">Una vez m\u00e1s las polic\u00edas salieron a las calles para cubrir dos necesidades. Por una parte otorgar una mayor sensaci\u00f3n de seguridad y por otro lado lograr capturar a los individuos que burlan la justicia y presentan \u00f3rdenes de aprehensi\u00f3n pendientes.<\/figcaption><\/figure>\n<p>Seg\u00fan report\u00f3 el Capit\u00e1n Alfredo Castillo a Diario El Trabajo, el accionar policial comenz\u00f3 cerca de las 08:30 horas y culmin\u00f3 pasado el medio d\u00eda.<\/p>\n<p>En total fueron 8 los detenidos y las causas que obligaron el procedimiento fueron: 1 por \u00f3rdenes pendientes con la PDI, 4 detenidos por \u00f3rdenes vigentes de Carabineros. Dos personas fueron detenidas por posible infracci\u00f3n a la Ley 20.000 de control de drogas, y 1 detenido por porte ilegal de arma de fuego.<\/p>\n<p>En el mismo procedimiento se cursaron 16 notificaciones y 15 controles de identidad. Tambi\u00e9n se inform\u00f3 que no hubo mayores problemas con los vecinos y que no resultaron efectivos ni veh\u00edculos da\u00f1ados.<\/p>\n<p>En ambas polic\u00edas se mostraron satisfechos con los resultados y aseguraron que estos operativos continuar\u00e1n como una medida de entregar mayor seguridad a las personas.<\/p>\n<p>&nbsp;<\/p>\n","protected":false},"excerpt":{"rendered":"<p>Un nuevo operativo de Carabineros y la Polic\u00eda de Investigaciones se efectu\u00f3 la ma\u00f1ana de este mi\u00e9rcoles en la ciudad de San Felipe. En la acci\u00f3n policial participaron alrededor de 40 efectivos,&#8230;<\/p>\n","protected":false},"author":482,"featured_media":44247,"comment_status":"open","ping_status":"closed","sticky":false,"template":"","format":"standard","meta":{"advanced_seo_description":"","jetpack_seo_html_title":"","jetpack_seo_noindex":false,"_jetpack_memberships_contains_paid_content":false,"footnotes":""},"categories":[21],"tags":[],"class_list":["post-44246","post","type-post","status-publish","format-standard","has-post-thumbnail","hentry","category-policial"],"jetpack_featured_media_url":"https:\/\/i0.wp.com\/eltrabajo.cl\/portal\/wp-content\/uploads\/2014\/03\/operativo-carabineros-pdi-c.jpg?fit=529%2C404&ssl=1","jetpack_sharing_enabled":true,"jetpack_likes_enabled":true,"jetpack-related-posts":[],"_links":{"self":[{"href":"https:\/\/eltrabajo.cl\/portal\/wp-json\/wp\/v2\/posts\/44246","targetHints":{"allow":["GET"]}}],"collection":[{"href":"https:\/\/eltrabajo.cl\/portal\/wp-json\/wp\/v2\/posts"}],"about":[{"href":"https:\/\/eltrabajo.cl\/portal\/wp-json\/wp\/v2\/types\/post"}],"author":[{"embeddable":true,"href":"https:\/\/eltrabajo.cl\/portal\/wp-json\/wp\/v2\/users\/482"}],"replies":[{"embeddable":true,"href":"https:\/\/eltrabajo.cl\/portal\/wp-json\/wp\/v2\/comments?post=44246"}],"version-history":[{"count":0,"href":"https:\/\/eltrabajo.cl\/portal\/wp-json\/wp\/v2\/posts\/44246\/revisions"}],"wp:featuredmedia":[{"embeddable":true,"href":"https:\/\/eltrabajo.cl\/portal\/wp-json\/wp\/v2\/media\/44247"}],"wp:attachment":[{"href":"https:\/\/eltrabajo.cl\/portal\/wp-json\/wp\/v2\/media?parent=44246"}],"wp:term":[{"taxonomy":"category","embeddable":true,"href":"https:\/\/eltrabajo.cl\/portal\/wp-json\/wp\/v2\/categories?post=44246"},{"taxonomy":"post_tag","embeddable":true,"href":"https:\/\/eltrabajo.cl\/portal\/wp-json\/wp\/v2\/tags?post=44246"}],"curies":[{"name":"wp","href":"https:\/\/api.w.org\/{rel}","templated":true}]}}