{"id":44259,"date":"2014-03-14T09:31:56","date_gmt":"2014-03-14T12:31:56","guid":{"rendered":"http:\/\/www.eltrabajo.cl\/portal\/?p=44259"},"modified":"2014-03-14T09:31:56","modified_gmt":"2014-03-14T12:31:56","slug":"jefe-de-la-secplac-asume-como-nuevo-seremi-de-mineria","status":"publish","type":"post","link":"https:\/\/eltrabajo.cl\/portal\/jefe-de-la-secplac-asume-como-nuevo-seremi-de-mineria\/","title":{"rendered":"Jefe de la Secplac asume como nuevo Seremi de Miner\u00eda"},"content":{"rendered":"<figure id=\"attachment_44260\" aria-describedby=\"caption-attachment-44260\" style=\"width: 317px\" class=\"wp-caption alignleft\"><a href=\"https:\/\/i0.wp.com\/www.eltrabajo.cl\/portal\/wp-content\/uploads\/2014\/03\/Alonso-Retamales.jpg\"><img data-recalc-dims=\"1\" loading=\"lazy\" decoding=\"async\" class=\" wp-image-44260 \" alt=\"Alonso Retamales, nuevo Seremi de Miner\u00eda.\" src=\"https:\/\/i0.wp.com\/www.eltrabajo.cl\/portal\/wp-content\/uploads\/2014\/03\/Alonso-Retamales.jpg?resize=317%2C183\" width=\"317\" height=\"183\" srcset=\"https:\/\/i0.wp.com\/eltrabajo.cl\/portal\/wp-content\/uploads\/2014\/03\/Alonso-Retamales.jpg?w=529&amp;ssl=1 529w, https:\/\/i0.wp.com\/eltrabajo.cl\/portal\/wp-content\/uploads\/2014\/03\/Alonso-Retamales.jpg?resize=200%2C115&amp;ssl=1 200w, https:\/\/i0.wp.com\/eltrabajo.cl\/portal\/wp-content\/uploads\/2014\/03\/Alonso-Retamales.jpg?resize=300%2C172&amp;ssl=1 300w, https:\/\/i0.wp.com\/eltrabajo.cl\/portal\/wp-content\/uploads\/2014\/03\/Alonso-Retamales.jpg?resize=150%2C86&amp;ssl=1 150w, https:\/\/i0.wp.com\/eltrabajo.cl\/portal\/wp-content\/uploads\/2014\/03\/Alonso-Retamales.jpg?resize=400%2C230&amp;ssl=1 400w\" sizes=\"auto, (max-width: 317px) 100vw, 317px\" \/><\/a><figcaption id=\"caption-attachment-44260\" class=\"wp-caption-text\">Alonso Retamales, nuevo Seremi de Miner\u00eda.<\/figcaption><\/figure>\n<p><strong>CALLE LARGA<\/strong>.- Ayer jueves al mediod\u00eda, el Intendente Regional Ricardo Bravo nombr\u00f3 a parte de los nuevos Secretarios Regionales Ministeriales de la Quinta Regi\u00f3n. Entre ellos se encuentra el -hasta ayer- Jefe de la Secretar\u00eda de Planificaci\u00f3n Comunal de Calle Larga, Alonso Retamales Campos, quien asumir\u00e1 como Seremi de Miner\u00eda.<\/p>\n<p>Alonso Retamales naci\u00f3 en Vi\u00f1a del Mar el 29 de agosto de 1970 y ha desarrollado gran parte de su vida profesional y pol\u00edtica en la V regi\u00f3n, especialmente en las ciudades de Valpara\u00edso, Vi\u00f1a del Mar, Los Andes y Calle Larga. El actual Seremi es titulado de las carreras de Ingenier\u00eda Industrial de la Universidad Tecnol\u00f3gica Metropolitana, Utem; Ingenier\u00eda en Administraci\u00f3n e Ingenier\u00eda en Ejecuci\u00f3n en Administraci\u00f3n de la Universidad de Los Lagos y de T\u00e9cnico en Matricer\u00eda, Pl\u00e1sticos y Metales de la Universidad T\u00e9cnica Federico Santa Mar\u00eda.<\/p>\n<p>Durante a\u00f1os Retamales ha desempe\u00f1ado diversos cargos en el \u00e1rea p\u00fablica. En los a\u00f1os 2001 al 2002 fue Asesor de Gabinete del Intendente Regional, posteriormente el 2002 al 2003 ocup\u00f3 el cargo de Delegado del Ministerio del Interior en el Complejo Fronterizo Los Libertadores. Durante e los a\u00f1os 2004 a 2005 se desempe\u00f1\u00f3 como administrativo del Departamento Provincial de Educaci\u00f3n. Entre el 2006 al 2008 fue Jefe de Gabinete de la Gobernaci\u00f3n de Los Andes y desde el 2008 a la fecha se ha desempe\u00f1ado como Jefe de la Secretar\u00eda de Planificaci\u00f3n Comunal de la Municipalidad de Calle Larga.<\/p>\n<p>En este cargo, Retamales ha tenido un exitoso desempe\u00f1o laboral. Gracias a su gesti\u00f3n y a la del Alcalde Nelson Venegas, durante los \u00faltimos cinco a\u00f1os se han concretado diversos proyectos entre los que se destaca la restauraci\u00f3n del Centro Cultural y Museo Presidente Pedro Aguirre Cerda, el financiamiento para la construcci\u00f3n del primer polideportivo de la Provincia de Los Andes, la aprobaci\u00f3n para la construcci\u00f3n de un nuevo Centro de Salud Familiar de la comuna.<\/p>\n<p>Con estos y otros proyectos, Calle Larga se ha convertido en una de las comunas de la Quinta Regi\u00f3n que m\u00e1s inversi\u00f3n ha obtenido para la ejecuci\u00f3n de diversas iniciativas. En el \u00e1rea pol\u00edtica, durante los a\u00f1os 1993 a 1995 ocup\u00f3 el cargo de Presidente de la Federaci\u00f3n de Estudiantes de la Universidad Federico Santa Mar\u00eda. Desde el a\u00f1o 1996 a 2000 fue Presidente de la Juventud del PPD. Desde el 2012 a la actualidad ocupa el cargo de Presidente de Provincial del PPD y es miembro del Consejo Nacional del partido.<\/p>\n<p>Sobre su nombramiento, Alonso Retamales manifest\u00f3 estar bastante contento y agradecido por la confianza entregada por el Gobierno de la Presidente Bachelet en su designaci\u00f3n.<\/p>\n<p>\u201cSin dudas este nombramiento es un gran desaf\u00edo tanto en mi vida profesional como personal. Trabajar\u00e9 para cumplir el programa de la Presidenta Bachelet en el \u00e1rea en el que fui designado, estableciendo lazos de confianza con todos los actores en la miner\u00eda de la Quinta Regi\u00f3n. Agradezco adem\u00e1s la confianza entregada por el Alcalde Nelson Venegas con quien trabajamos codo a codo por el desarrollo y crecimiento de Calle Larga\u201d, sostuvo Retamales.<\/p>\n<p>&nbsp;<\/p>\n","protected":false},"excerpt":{"rendered":"<p>CALLE LARGA.- Ayer jueves al mediod\u00eda, el Intendente Regional Ricardo Bravo nombr\u00f3 a parte de los nuevos Secretarios Regionales Ministeriales de la Quinta Regi\u00f3n. Entre ellos se encuentra el -hasta ayer- Jefe&#8230;<\/p>\n","protected":false},"author":482,"featured_media":44260,"comment_status":"open","ping_status":"closed","sticky":false,"template":"","format":"standard","meta":{"advanced_seo_description":"","jetpack_seo_html_title":"","jetpack_seo_noindex":false,"_jetpack_memberships_contains_paid_content":false,"footnotes":""},"categories":[1],"tags":[],"class_list":["post-44259","post","type-post","status-publish","format-standard","has-post-thumbnail","hentry","category-cronica"],"jetpack_featured_media_url":"https:\/\/i0.wp.com\/eltrabajo.cl\/portal\/wp-content\/uploads\/2014\/03\/Alonso-Retamales.jpg?fit=529%2C305&ssl=1","jetpack_sharing_enabled":true,"jetpack_likes_enabled":true,"jetpack-related-posts":[],"_links":{"self":[{"href":"https:\/\/eltrabajo.cl\/portal\/wp-json\/wp\/v2\/posts\/44259","targetHints":{"allow":["GET"]}}],"collection":[{"href":"https:\/\/eltrabajo.cl\/portal\/wp-json\/wp\/v2\/posts"}],"about":[{"href":"https:\/\/eltrabajo.cl\/portal\/wp-json\/wp\/v2\/types\/post"}],"author":[{"embeddable":true,"href":"https:\/\/eltrabajo.cl\/portal\/wp-json\/wp\/v2\/users\/482"}],"replies":[{"embeddable":true,"href":"https:\/\/eltrabajo.cl\/portal\/wp-json\/wp\/v2\/comments?post=44259"}],"version-history":[{"count":0,"href":"https:\/\/eltrabajo.cl\/portal\/wp-json\/wp\/v2\/posts\/44259\/revisions"}],"wp:featuredmedia":[{"embeddable":true,"href":"https:\/\/eltrabajo.cl\/portal\/wp-json\/wp\/v2\/media\/44260"}],"wp:attachment":[{"href":"https:\/\/eltrabajo.cl\/portal\/wp-json\/wp\/v2\/media?parent=44259"}],"wp:term":[{"taxonomy":"category","embeddable":true,"href":"https:\/\/eltrabajo.cl\/portal\/wp-json\/wp\/v2\/categories?post=44259"},{"taxonomy":"post_tag","embeddable":true,"href":"https:\/\/eltrabajo.cl\/portal\/wp-json\/wp\/v2\/tags?post=44259"}],"curies":[{"name":"wp","href":"https:\/\/api.w.org\/{rel}","templated":true}]}}