{"id":44263,"date":"2014-03-14T09:36:49","date_gmt":"2014-03-14T12:36:49","guid":{"rendered":"http:\/\/www.eltrabajo.cl\/portal\/?p=44263"},"modified":"2014-03-14T09:36:49","modified_gmt":"2014-03-14T12:36:49","slug":"bomberos-rescata-aguila-chilena-encontrada-en-malas-condiciones","status":"publish","type":"post","link":"https:\/\/eltrabajo.cl\/portal\/bomberos-rescata-aguila-chilena-encontrada-en-malas-condiciones\/","title":{"rendered":"Bomberos rescata \u00e1guila chilena encontrada en malas condiciones"},"content":{"rendered":"<figure id=\"attachment_44264\" aria-describedby=\"caption-attachment-44264\" style=\"width: 529px\" class=\"wp-caption alignnone\"><img data-recalc-dims=\"1\" loading=\"lazy\" decoding=\"async\" class=\"size-full wp-image-44264\" alt=\"Personal de Bomberos de la comuna de San Esteban, logr\u00f3 rescatar un \u00e1guila chilena que fue encontraba en muy malas condiciones en el sector cordillerano de San Francisco.\" src=\"https:\/\/i0.wp.com\/www.eltrabajo.cl\/portal\/wp-content\/uploads\/2014\/03\/Aguila2.jpg?resize=529%2C399\" width=\"529\" height=\"399\" srcset=\"https:\/\/i0.wp.com\/eltrabajo.cl\/portal\/wp-content\/uploads\/2014\/03\/Aguila2.jpg?w=529&amp;ssl=1 529w, https:\/\/i0.wp.com\/eltrabajo.cl\/portal\/wp-content\/uploads\/2014\/03\/Aguila2.jpg?resize=200%2C150&amp;ssl=1 200w, https:\/\/i0.wp.com\/eltrabajo.cl\/portal\/wp-content\/uploads\/2014\/03\/Aguila2.jpg?resize=300%2C226&amp;ssl=1 300w, https:\/\/i0.wp.com\/eltrabajo.cl\/portal\/wp-content\/uploads\/2014\/03\/Aguila2.jpg?resize=150%2C113&amp;ssl=1 150w, https:\/\/i0.wp.com\/eltrabajo.cl\/portal\/wp-content\/uploads\/2014\/03\/Aguila2.jpg?resize=400%2C301&amp;ssl=1 400w\" sizes=\"auto, (max-width: 529px) 100vw, 529px\" \/><\/a><figcaption id=\"caption-attachment-44264\" class=\"wp-caption-text\">Personal de Bomberos de la comuna de San Esteban, logr\u00f3 rescatar un \u00e1guila chilena que fue encontraba en muy malas condiciones en el sector cordillerano de San Francisco.<\/figcaption><\/figure>\n<p><strong>SAN ESTEBAN<\/strong>.- Personal de Bomberos de la comuna de San Esteban, logr\u00f3 rescatar un \u00e1guila chilena que fue encontraba en muy malas condiciones en el sector cordillerano de San Francisco. El 2\u00ba Comandante del Cuerpo de Bomberos de esa comuna, Sebasti\u00e1n Arancibia, indic\u00f3 que el ave fue encontrada por personal del lodge San Francisco y luego colocada inicialmente en un gallinero a la espera de la llegada de personal especializado.<\/p>\n<p>Justamente personal del lodge tom\u00f3 contacto con Bomberos a fin de poder ir a rescatar el ave y coordinar su traslado hasta una cl\u00ednica veterinaria o bien entrada al Servicio Agr\u00edcola y Ganadero. El Comandante Arancibia precis\u00f3 que una unidad se dirigi\u00f3 al lugar, toda vez que Bomberos siempre est\u00e1 dispuesto a salvar vidas, no s\u00f3lo de personas, sino tambi\u00e9n de animales, sobre todo si se trata de especies protegidas como el \u00e1guila chilena.<\/p>\n<figure id=\"attachment_44265\" aria-describedby=\"caption-attachment-44265\" style=\"width: 423px\" class=\"wp-caption alignright\"><a href=\"https:\/\/i0.wp.com\/www.eltrabajo.cl\/portal\/wp-content\/uploads\/2014\/03\/Aguila1.jpg\"><img data-recalc-dims=\"1\" loading=\"lazy\" decoding=\"async\" class=\" wp-image-44265 \" alt=\"Tras la revisi\u00f3n visual no presentaba heridas y por eso tiene que ser evaluada por especialistas, para que luego pueda volver a su h\u00e1bitat natural.\" src=\"https:\/\/i0.wp.com\/www.eltrabajo.cl\/portal\/wp-content\/uploads\/2014\/03\/Aguila1.jpg?resize=423%2C324\" width=\"423\" height=\"324\" srcset=\"https:\/\/i0.wp.com\/eltrabajo.cl\/portal\/wp-content\/uploads\/2014\/03\/Aguila1.jpg?w=529&amp;ssl=1 529w, https:\/\/i0.wp.com\/eltrabajo.cl\/portal\/wp-content\/uploads\/2014\/03\/Aguila1.jpg?resize=195%2C150&amp;ssl=1 195w, https:\/\/i0.wp.com\/eltrabajo.cl\/portal\/wp-content\/uploads\/2014\/03\/Aguila1.jpg?resize=300%2C229&amp;ssl=1 300w, https:\/\/i0.wp.com\/eltrabajo.cl\/portal\/wp-content\/uploads\/2014\/03\/Aguila1.jpg?resize=150%2C114&amp;ssl=1 150w, https:\/\/i0.wp.com\/eltrabajo.cl\/portal\/wp-content\/uploads\/2014\/03\/Aguila1.jpg?resize=400%2C306&amp;ssl=1 400w\" sizes=\"auto, (max-width: 423px) 100vw, 423px\" \/><\/a><figcaption id=\"caption-attachment-44265\" class=\"wp-caption-text\">Tras la revisi\u00f3n visual no presentaba heridas y por eso tiene que ser evaluada por especialistas, para que luego pueda volver a su h\u00e1bitat natural.<\/figcaption><\/figure>\n<p>Una vez en el lugar, el personal especializado ingres\u00f3 al gallinero e inmoviliz\u00f3 el \u00e1guila, para luego ser trasladada hasta el cuartel central de Bomberos, donde finalmente se la entreg\u00f3 al SAG para ser llevada hasta el zool\u00f3gico metropolitano.<\/p>\n<p>El oficial dijo que el \u00e1guila no presentaba ninguna lesi\u00f3n visible, pero no pod\u00eda alzar el vuelo, por lo que un examen veterinario podr\u00e1 determinar qu\u00e9 es lo que le ocurri\u00f3. Incluso no se descarta que eventualmente haya podido comer alguna carnada envenenada, tal como ocurri\u00f3 hace algunos meses con los c\u00f3ndores en el camino internacional.<\/p>\n<p>\u201cEn la revisi\u00f3n visual no presentaba heridas y por eso tiene que ser evaluada por especialistas, para que luego pueda volver a su h\u00e1bitat natural\u201d, declar\u00f3 el Comandante Arancibia. El segundo comandante se\u00f1al\u00f3 que es frecuente la concurrencia de bomberos al rescate de mascotas y tambi\u00e9n de animales de granja como vacunos y equinos que caen a pozos o que ingresan a lugares que no pueden salir.<\/p>\n<p>&nbsp;<\/p>\n","protected":false},"excerpt":{"rendered":"<p>SAN ESTEBAN.- Personal de Bomberos de la comuna de San Esteban, logr\u00f3 rescatar un \u00e1guila chilena que fue encontraba en muy malas condiciones en el sector cordillerano de San Francisco. El 2\u00ba&#8230;<\/p>\n","protected":false},"author":482,"featured_media":44264,"comment_status":"open","ping_status":"closed","sticky":false,"template":"","format":"standard","meta":{"advanced_seo_description":"","jetpack_seo_html_title":"","jetpack_seo_noindex":false,"_jetpack_memberships_contains_paid_content":false,"footnotes":""},"categories":[1],"tags":[],"class_list":["post-44263","post","type-post","status-publish","format-standard","has-post-thumbnail","hentry","category-cronica"],"jetpack_featured_media_url":"https:\/\/i0.wp.com\/eltrabajo.cl\/portal\/wp-content\/uploads\/2014\/03\/Aguila2.jpg?fit=529%2C399&ssl=1","jetpack_sharing_enabled":true,"jetpack_likes_enabled":true,"jetpack-related-posts":[],"_links":{"self":[{"href":"https:\/\/eltrabajo.cl\/portal\/wp-json\/wp\/v2\/posts\/44263","targetHints":{"allow":["GET"]}}],"collection":[{"href":"https:\/\/eltrabajo.cl\/portal\/wp-json\/wp\/v2\/posts"}],"about":[{"href":"https:\/\/eltrabajo.cl\/portal\/wp-json\/wp\/v2\/types\/post"}],"author":[{"embeddable":true,"href":"https:\/\/eltrabajo.cl\/portal\/wp-json\/wp\/v2\/users\/482"}],"replies":[{"embeddable":true,"href":"https:\/\/eltrabajo.cl\/portal\/wp-json\/wp\/v2\/comments?post=44263"}],"version-history":[{"count":0,"href":"https:\/\/eltrabajo.cl\/portal\/wp-json\/wp\/v2\/posts\/44263\/revisions"}],"wp:featuredmedia":[{"embeddable":true,"href":"https:\/\/eltrabajo.cl\/portal\/wp-json\/wp\/v2\/media\/44264"}],"wp:attachment":[{"href":"https:\/\/eltrabajo.cl\/portal\/wp-json\/wp\/v2\/media?parent=44263"}],"wp:term":[{"taxonomy":"category","embeddable":true,"href":"https:\/\/eltrabajo.cl\/portal\/wp-json\/wp\/v2\/categories?post=44263"},{"taxonomy":"post_tag","embeddable":true,"href":"https:\/\/eltrabajo.cl\/portal\/wp-json\/wp\/v2\/tags?post=44263"}],"curies":[{"name":"wp","href":"https:\/\/api.w.org\/{rel}","templated":true}]}}