{"id":44272,"date":"2014-03-14T09:41:58","date_gmt":"2014-03-14T12:41:58","guid":{"rendered":"http:\/\/www.eltrabajo.cl\/portal\/?p=44272"},"modified":"2014-03-14T09:41:58","modified_gmt":"2014-03-14T12:41:58","slug":"proyecto-municipal-mejorara-cocina-y-comedor-de-la-juan-gomez-millas","status":"publish","type":"post","link":"https:\/\/eltrabajo.cl\/portal\/proyecto-municipal-mejorara-cocina-y-comedor-de-la-juan-gomez-millas\/","title":{"rendered":"Proyecto municipal mejorar\u00e1 cocina y comedor de la Juan G\u00f3mez Millas"},"content":{"rendered":"<figure id=\"attachment_44273\" aria-describedby=\"caption-attachment-44273\" style=\"width: 317px\" class=\"wp-caption alignleft\"><a href=\"https:\/\/i0.wp.com\/www.eltrabajo.cl\/portal\/wp-content\/uploads\/2014\/03\/claudio-paredes.jpg\"><img data-recalc-dims=\"1\" loading=\"lazy\" decoding=\"async\" class=\" wp-image-44273 \" alt=\"Secretario de Planificaci\u00f3n Comunal, Claudio Paredes.\" src=\"https:\/\/i0.wp.com\/www.eltrabajo.cl\/portal\/wp-content\/uploads\/2014\/03\/claudio-paredes.jpg?resize=317%2C217\" width=\"317\" height=\"217\" srcset=\"https:\/\/i0.wp.com\/eltrabajo.cl\/portal\/wp-content\/uploads\/2014\/03\/claudio-paredes.jpg?w=529&amp;ssl=1 529w, https:\/\/i0.wp.com\/eltrabajo.cl\/portal\/wp-content\/uploads\/2014\/03\/claudio-paredes.jpg?resize=200%2C136&amp;ssl=1 200w, https:\/\/i0.wp.com\/eltrabajo.cl\/portal\/wp-content\/uploads\/2014\/03\/claudio-paredes.jpg?resize=300%2C204&amp;ssl=1 300w, https:\/\/i0.wp.com\/eltrabajo.cl\/portal\/wp-content\/uploads\/2014\/03\/claudio-paredes.jpg?resize=150%2C102&amp;ssl=1 150w, https:\/\/i0.wp.com\/eltrabajo.cl\/portal\/wp-content\/uploads\/2014\/03\/claudio-paredes.jpg?resize=400%2C272&amp;ssl=1 400w\" sizes=\"auto, (max-width: 317px) 100vw, 317px\" \/><\/a><figcaption id=\"caption-attachment-44273\" class=\"wp-caption-text\">Secretario de Planificaci\u00f3n Comunal, Claudio Paredes.<\/figcaption><\/figure>\n<p>Esta semana, la Municipalidad de San Felipe recibi\u00f3 la aprobaci\u00f3n desde la Subdere para comenzar el proceso de licitaci\u00f3n del proyecto de ampliaci\u00f3n del comedor y la cocina de la Escuela Juan G\u00f3mez Millas. As\u00ed lo dio a conocer el Secretario de Planificaci\u00f3n Comunal, Claudio Paredes, proyecto que significa el mejoramiento de la infraestructura existente hoy en d\u00eda, de acuerdo a los requerimientos del Ministerio de Educaci\u00f3n y que significa una inversi\u00f3n de alrededor de $25 millones, que se va a licitar esta semana.<\/p>\n<p>\u201cLos ni\u00f1os que van a esta escuela van a tener una mejor calidad de atenci\u00f3n en su horario de alimentaci\u00f3n, ya que se va a ampliar, no solamente el sector de comedor, sino tambi\u00e9n lo que corresponde a la cocina y la manipulaci\u00f3n de los alimentos se va a realizar de mejor manera\u201d, dijo Paredes.<\/p>\n<p>El proyecto fue presentado hace unos meses y los recursos corresponden al Programa de Mejoramiento Urbano, PMU-FIE, es decir est\u00e1 financiado por la Subdere, aunque el an\u00e1lisis t\u00e9cnico y la aprobaci\u00f3n t\u00e9cnica corresponden a la Seremi de Educaci\u00f3n.<\/p>\n<p>\u201cSe han financiado pocos proyectos en el valle y uno de ellos es la ampliaci\u00f3n del comedor y la cocina de la escuela Juan G\u00f3mez Millas\u201d, dijo el Secpla.<\/p>\n<p>Adem\u00e1s el profesional se\u00f1al\u00f3 que esta semana se llam\u00f3 a licitaci\u00f3n el proyecto de m\u00e1quinas de ejercicios, una iniciativa que es financiada a trav\u00e9s de la circular 33, de alrededor de 38 millones de pesos e involucra la instalaci\u00f3n de estas m\u00e1quinas, en trece plazas y plazoletas de la comuna de San Felipe. La postulaci\u00f3n a la licitaci\u00f3n comienza este jueves 13 de marzo, por lo que el llamado es a las empresas que se dedican a esta especialidad a postular y as\u00ed que los vecinos puedan contar con esta infraestructura.<\/p>\n<p>\u201cLas m\u00e1quinas ser\u00e1n instaladas en calle Los Jazmines del Barrio Miraflores, en Villa 250 a\u00f1os, en Villa San Rafael, la Poblaci\u00f3n El Esfuerzo, Villa El Carmen, en la Poblaci\u00f3n Luis Gajardo Guerrero en la segunda etapa, Portal Aconcagua, sector de 21 de Mayo, Villa Los \u00c1lamos, Villa El Se\u00f1orial en la IV y V etapa, Villa Los Naranjos en Curim\u00f3n, la poblaci\u00f3n El Rayo y Villa Aconcagua\u201d, se\u00f1al\u00f3 el profesional.<\/p>\n<p>Estos sectores van a ser parte de un mejoramiento integral que est\u00e1 impulsando el Alcalde Patricio Freire en distintos lugares de la comuna y a lo que se suma un tercer proyecto de m\u00e1quinas de ejercicio, por lo que villas y poblaciones que no han sido incorporados en el anterior proyecto de m\u00e1quinas, ser\u00e1n incluidos en este \u00faltimo.<\/p>\n<p>&nbsp;<\/p>\n","protected":false},"excerpt":{"rendered":"<p>Esta semana, la Municipalidad de San Felipe recibi\u00f3 la aprobaci\u00f3n desde la Subdere para comenzar el proceso de licitaci\u00f3n del proyecto de ampliaci\u00f3n del comedor y la cocina de la Escuela Juan&#8230;<\/p>\n","protected":false},"author":482,"featured_media":44273,"comment_status":"open","ping_status":"closed","sticky":false,"template":"","format":"standard","meta":{"advanced_seo_description":"","jetpack_seo_html_title":"","jetpack_seo_noindex":false,"_jetpack_memberships_contains_paid_content":false,"footnotes":""},"categories":[1],"tags":[],"class_list":["post-44272","post","type-post","status-publish","format-standard","has-post-thumbnail","hentry","category-cronica"],"jetpack_featured_media_url":"https:\/\/i0.wp.com\/eltrabajo.cl\/portal\/wp-content\/uploads\/2014\/03\/claudio-paredes.jpg?fit=529%2C361&ssl=1","jetpack_sharing_enabled":true,"jetpack_likes_enabled":true,"jetpack-related-posts":[],"_links":{"self":[{"href":"https:\/\/eltrabajo.cl\/portal\/wp-json\/wp\/v2\/posts\/44272","targetHints":{"allow":["GET"]}}],"collection":[{"href":"https:\/\/eltrabajo.cl\/portal\/wp-json\/wp\/v2\/posts"}],"about":[{"href":"https:\/\/eltrabajo.cl\/portal\/wp-json\/wp\/v2\/types\/post"}],"author":[{"embeddable":true,"href":"https:\/\/eltrabajo.cl\/portal\/wp-json\/wp\/v2\/users\/482"}],"replies":[{"embeddable":true,"href":"https:\/\/eltrabajo.cl\/portal\/wp-json\/wp\/v2\/comments?post=44272"}],"version-history":[{"count":0,"href":"https:\/\/eltrabajo.cl\/portal\/wp-json\/wp\/v2\/posts\/44272\/revisions"}],"wp:featuredmedia":[{"embeddable":true,"href":"https:\/\/eltrabajo.cl\/portal\/wp-json\/wp\/v2\/media\/44273"}],"wp:attachment":[{"href":"https:\/\/eltrabajo.cl\/portal\/wp-json\/wp\/v2\/media?parent=44272"}],"wp:term":[{"taxonomy":"category","embeddable":true,"href":"https:\/\/eltrabajo.cl\/portal\/wp-json\/wp\/v2\/categories?post=44272"},{"taxonomy":"post_tag","embeddable":true,"href":"https:\/\/eltrabajo.cl\/portal\/wp-json\/wp\/v2\/tags?post=44272"}],"curies":[{"name":"wp","href":"https:\/\/api.w.org\/{rel}","templated":true}]}}