{"id":44280,"date":"2014-03-14T09:54:54","date_gmt":"2014-03-14T12:54:54","guid":{"rendered":"http:\/\/www.eltrabajo.cl\/portal\/?p=44280"},"modified":"2014-03-14T09:56:52","modified_gmt":"2014-03-14T12:56:52","slug":"modernos-tractores-cortadores-de-cesped-fueron-entregados-a-clubes-de-futbol","status":"publish","type":"post","link":"https:\/\/eltrabajo.cl\/portal\/modernos-tractores-cortadores-de-cesped-fueron-entregados-a-clubes-de-futbol\/","title":{"rendered":"Modernos tractores cortadores de c\u00e9sped fueron entregados a Clubes de f\u00fatbol"},"content":{"rendered":"<figure id=\"attachment_44281\" aria-describedby=\"caption-attachment-44281\" style=\"width: 529px\" class=\"wp-caption alignnone\"><img data-recalc-dims=\"1\" loading=\"lazy\" decoding=\"async\" class=\"size-full wp-image-44281\" alt=\"Alcalde Zurita junto a Cristi\u00e1n Ibaceta, Presidente de la Asociaci\u00f3n Regional de F\u00fatbol Amateur y junto a Guillermo Bruna, Presidente de la Asociaci\u00f3n de F\u00fatbol de Santa Mar\u00eda y otro de los presidentes beneficiados.\" src=\"https:\/\/i0.wp.com\/www.eltrabajo.cl\/portal\/wp-content\/uploads\/2014\/03\/Autoridades1.jpg?resize=529%2C401\" width=\"529\" height=\"401\" srcset=\"https:\/\/i0.wp.com\/eltrabajo.cl\/portal\/wp-content\/uploads\/2014\/03\/Autoridades1.jpg?w=529&amp;ssl=1 529w, https:\/\/i0.wp.com\/eltrabajo.cl\/portal\/wp-content\/uploads\/2014\/03\/Autoridades1.jpg?resize=197%2C150&amp;ssl=1 197w, https:\/\/i0.wp.com\/eltrabajo.cl\/portal\/wp-content\/uploads\/2014\/03\/Autoridades1.jpg?resize=300%2C227&amp;ssl=1 300w, https:\/\/i0.wp.com\/eltrabajo.cl\/portal\/wp-content\/uploads\/2014\/03\/Autoridades1.jpg?resize=150%2C113&amp;ssl=1 150w, https:\/\/i0.wp.com\/eltrabajo.cl\/portal\/wp-content\/uploads\/2014\/03\/Autoridades1.jpg?resize=400%2C303&amp;ssl=1 400w\" sizes=\"auto, (max-width: 529px) 100vw, 529px\" \/><\/a><figcaption id=\"caption-attachment-44281\" class=\"wp-caption-text\">Alcalde Zurita junto a Cristi\u00e1n Ibaceta, Presidente de la Asociaci\u00f3n Regional de F\u00fatbol Amateur y junto a Guillermo Bruna, Presidente de la Asociaci\u00f3n de F\u00fatbol de Santa Mar\u00eda y otro de los presidentes beneficiados.<\/figcaption><\/figure>\n<p>Felices se encontraban los dirigentes del los clubes del f\u00fatbol amateur de la Comuna de Santa Mar\u00eda, tras recibir once modernos tractores cortadores de c\u00e9sped, destinados a la mantenci\u00f3n de las canchas en donde practican este popular deporte. La actividad se llev\u00f3 a cabo con importantes autoridades entre las que destacan el Gobernador Provincial de San Felipe, Eduardo Le\u00f3n Lazcano; el Alcalde Claudio Zurita Ibarra y su Concejo Municipal en pleno, los Consejeros Regionales Mario Sottolichio e Iv\u00e1n Reyes, el ex Consejero Nelson Contador, adem\u00e1s del Presidente de la Asociaci\u00f3n Regional de F\u00fatbol, Cristian Ibaceta y de los dirigentes y presidentes de los clubes del f\u00fatbol amateur de Santa Mar\u00eda.<\/p>\n<p>Este anhelado proyecto, esperado con ansias por toda la comunidad deportiva, fue gestionado por la Secplac de la Municipalidad de Santa Mar\u00eda y financiado por el Gobierno Regional de Valpara\u00edso, formando parte de la Circular 33 perteneciente a los programas de inversi\u00f3n, por un monto de m\u00e1s de $16 millones.<\/p>\n<p>Guillermo Bruna, Presidente de la Asociaci\u00f3n de F\u00fatbol de Santa Mar\u00eda, se\u00f1alo que \u201cha sido muy emocionante la entrega de estos tractores de parte del alcalde y del municipio, estoy muy contento y creo que esta alegr\u00eda ha sido igual para los presidentes de los clubes. Espero que los cuiden y los traten muy bien, tenemos tractores para un largo tiempo\u201d.<\/p>\n<p>Por su parte la m\u00e1xima autoridad comunal, Claudio Zurita, manifest\u00f3 que \u201cme alegro de que este proyecto tan esperado se haya concretado, estas m\u00e1quinas llegan a cubrir una gran necesidad de los clubes de esta comuna en lo que respecta a la mantenci\u00f3n de sus estadios. Este alcalde y el Concejo Municipal que lo acompa\u00f1a seguir\u00e1n trabajando fuertemente en un permanente compromiso con el f\u00fatbol amateur y con el deporte en general en nuestra comuna\u201d.<\/p>\n<p>La actividad culmin\u00f3 con una cena de camarader\u00eda en la que participaron autoridades y dirigentes deportivos.<\/p>\n<div class=\"tiled-gallery type-rectangular tiled-gallery-unresized\" data-original-width=\"640\" data-carousel-extra='null' itemscope itemtype=\"http:\/\/schema.org\/ImageGallery\" > <div class=\"gallery-row\" style=\"width: 640px; height: 244px;\" data-original-width=\"640\" data-original-height=\"244\" > <div class=\"gallery-group images-1\" style=\"width: 320px; height: 244px;\" data-original-width=\"320\" data-original-height=\"244\" > <div class=\"tiled-gallery-item tiled-gallery-item-large\" itemprop=\"associatedMedia\" itemscope itemtype=\"http:\/\/schema.org\/ImageObject\"> <a href=\"https:\/\/eltrabajo.cl\/portal\/modernos-tractores-cortadores-de-cesped-fueron-entregados-a-clubes-de-futbol\/tractores1\/\" border=\"0\" itemprop=\"url\"> <meta itemprop=\"width\" content=\"316\"> <meta itemprop=\"height\" content=\"240\"> <img decoding=\"async\" class=\"\" data-attachment-id=\"44282\" data-orig-file=\"https:\/\/eltrabajo.cl\/portal\/wp-content\/uploads\/2014\/03\/Tractores1.jpg\" data-orig-size=\"529,401\" data-comments-opened=\"1\" data-image-meta=\"{&quot;aperture&quot;:&quot;3.1&quot;,&quot;credit&quot;:&quot;&quot;,&quot;camera&quot;:&quot;FinePix S3200&quot;,&quot;caption&quot;:&quot;&quot;,&quot;created_timestamp&quot;:&quot;1394614751&quot;,&quot;copyright&quot;:&quot;&quot;,&quot;focal_length&quot;:&quot;4.3&quot;,&quot;iso&quot;:&quot;500&quot;,&quot;shutter_speed&quot;:&quot;0.033333333333333&quot;,&quot;title&quot;:&quot;&quot;}\" data-image-title=\"Tractores1\" data-image-description=\"&lt;p&gt;Este anhelado proyecto fue gestionado por la Secplac de la Municipalidad de Santa Mar\u00eda y financiado por el Gobierno Regional de Valpara\u00edso, formando parte de la Circular 33.&lt;\/p&gt; \" data-medium-file=\"https:\/\/i0.wp.com\/eltrabajo.cl\/portal\/wp-content\/uploads\/2014\/03\/Tractores1.jpg?fit=300%2C227&#038;ssl=1\" data-large-file=\"https:\/\/i0.wp.com\/eltrabajo.cl\/portal\/wp-content\/uploads\/2014\/03\/Tractores1.jpg?fit=529%2C401&#038;ssl=1\" src=\"https:\/\/i0.wp.com\/eltrabajo.cl\/portal\/wp-content\/uploads\/2014\/03\/Tractores1.jpg?w=316&#038;h=240&#038;ssl=1\" srcset=\"https:\/\/i0.wp.com\/eltrabajo.cl\/portal\/wp-content\/uploads\/2014\/03\/Tractores1.jpg?w=529&amp;ssl=1 529w, https:\/\/i0.wp.com\/eltrabajo.cl\/portal\/wp-content\/uploads\/2014\/03\/Tractores1.jpg?resize=197%2C150&amp;ssl=1 197w, https:\/\/i0.wp.com\/eltrabajo.cl\/portal\/wp-content\/uploads\/2014\/03\/Tractores1.jpg?resize=300%2C227&amp;ssl=1 300w, https:\/\/i0.wp.com\/eltrabajo.cl\/portal\/wp-content\/uploads\/2014\/03\/Tractores1.jpg?resize=150%2C113&amp;ssl=1 150w, https:\/\/i0.wp.com\/eltrabajo.cl\/portal\/wp-content\/uploads\/2014\/03\/Tractores1.jpg?resize=400%2C303&amp;ssl=1 400w\" width=\"316\" height=\"240\" loading=\"lazy\" data-original-width=\"316\" data-original-height=\"240\" itemprop=\"http:\/\/schema.org\/image\" title=\"Tractores1\" alt=\"Este anhelado proyecto fue gestionado por la Secplac de la Municipalidad de Santa Mar\u00eda y financiado por el Gobierno Regional de Valpara\u00edso, formando parte de la Circular 33.\" style=\"width: 316px; height: 240px;\" \/> <\/a> <div class=\"tiled-gallery-caption\" itemprop=\"caption description\"> Este anhelado proyecto fue gestionado por la Secplac de la Municipalidad de Santa Mar\u00eda y financiado por el Gobierno Regional de Valpara\u00edso, formando parte de la Circular 33. <\/div> <\/div> <\/div> <!-- close group --> <div class=\"gallery-group images-1\" style=\"width: 320px; height: 244px;\" data-original-width=\"320\" data-original-height=\"244\" > <div class=\"tiled-gallery-item tiled-gallery-item-large\" itemprop=\"associatedMedia\" itemscope itemtype=\"http:\/\/schema.org\/ImageObject\"> <a href=\"https:\/\/eltrabajo.cl\/portal\/modernos-tractores-cortadores-de-cesped-fueron-entregados-a-clubes-de-futbol\/gobernador1\/\" border=\"0\" itemprop=\"url\"> <meta itemprop=\"width\" content=\"316\"> <meta itemprop=\"height\" content=\"240\"> <img decoding=\"async\" class=\"\" data-attachment-id=\"44283\" data-orig-file=\"https:\/\/eltrabajo.cl\/portal\/wp-content\/uploads\/2014\/03\/Gobernador1.jpg\" data-orig-size=\"528,401\" data-comments-opened=\"1\" data-image-meta=\"{&quot;aperture&quot;:&quot;3.1&quot;,&quot;credit&quot;:&quot;&quot;,&quot;camera&quot;:&quot;FinePix S3200&quot;,&quot;caption&quot;:&quot;&quot;,&quot;created_timestamp&quot;:&quot;1394614339&quot;,&quot;copyright&quot;:&quot;&quot;,&quot;focal_length&quot;:&quot;4.3&quot;,&quot;iso&quot;:&quot;250&quot;,&quot;shutter_speed&quot;:&quot;0.033333333333333&quot;,&quot;title&quot;:&quot;&quot;}\" data-image-title=\"Gobernador1\" data-image-description=\"&lt;p&gt;El Gobernador Eduardo Le\u00f3n junto a uno de presidentes de clubes al momento de recibir este su respectivo tractor cortador de c\u00e9sped.&lt;\/p&gt; \" data-medium-file=\"https:\/\/i0.wp.com\/eltrabajo.cl\/portal\/wp-content\/uploads\/2014\/03\/Gobernador1.jpg?fit=300%2C227&#038;ssl=1\" data-large-file=\"https:\/\/i0.wp.com\/eltrabajo.cl\/portal\/wp-content\/uploads\/2014\/03\/Gobernador1.jpg?fit=528%2C401&#038;ssl=1\" src=\"https:\/\/i0.wp.com\/eltrabajo.cl\/portal\/wp-content\/uploads\/2014\/03\/Gobernador1.jpg?w=316&#038;h=240&#038;ssl=1\" srcset=\"https:\/\/i0.wp.com\/eltrabajo.cl\/portal\/wp-content\/uploads\/2014\/03\/Gobernador1.jpg?w=528&amp;ssl=1 528w, https:\/\/i0.wp.com\/eltrabajo.cl\/portal\/wp-content\/uploads\/2014\/03\/Gobernador1.jpg?resize=197%2C150&amp;ssl=1 197w, https:\/\/i0.wp.com\/eltrabajo.cl\/portal\/wp-content\/uploads\/2014\/03\/Gobernador1.jpg?resize=300%2C227&amp;ssl=1 300w, https:\/\/i0.wp.com\/eltrabajo.cl\/portal\/wp-content\/uploads\/2014\/03\/Gobernador1.jpg?resize=150%2C113&amp;ssl=1 150w, https:\/\/i0.wp.com\/eltrabajo.cl\/portal\/wp-content\/uploads\/2014\/03\/Gobernador1.jpg?resize=400%2C303&amp;ssl=1 400w\" width=\"316\" height=\"240\" loading=\"lazy\" data-original-width=\"316\" data-original-height=\"240\" itemprop=\"http:\/\/schema.org\/image\" title=\"Gobernador1\" alt=\"El Gobernador Eduardo Le\u00f3n junto a uno de presidentes de clubes al momento de recibir este su respectivo tractor cortador de c\u00e9sped.\" style=\"width: 316px; height: 240px;\" \/> <\/a> <div class=\"tiled-gallery-caption\" itemprop=\"caption description\"> El Gobernador Eduardo Le\u00f3n junto a uno de presidentes de clubes al momento de recibir este su respectivo tractor cortador de c\u00e9sped. <\/div> <\/div> <\/div> <!-- close group --> <\/div> <!-- close row --> <\/div>\n","protected":false},"excerpt":{"rendered":"<p>Felices se encontraban los dirigentes del los clubes del f\u00fatbol amateur de la Comuna de Santa Mar\u00eda, tras recibir once modernos tractores cortadores de c\u00e9sped, destinados a la mantenci\u00f3n de las canchas&#8230;<\/p>\n","protected":false},"author":482,"featured_media":44281,"comment_status":"open","ping_status":"closed","sticky":false,"template":"","format":"standard","meta":{"advanced_seo_description":"","jetpack_seo_html_title":"","jetpack_seo_noindex":false,"_jetpack_memberships_contains_paid_content":false,"footnotes":""},"categories":[15],"tags":[],"class_list":["post-44280","post","type-post","status-publish","format-standard","has-post-thumbnail","hentry","category-comunidad"],"jetpack_featured_media_url":"https:\/\/i0.wp.com\/eltrabajo.cl\/portal\/wp-content\/uploads\/2014\/03\/Autoridades1.jpg?fit=529%2C401&ssl=1","jetpack_sharing_enabled":true,"jetpack_likes_enabled":true,"jetpack-related-posts":[],"_links":{"self":[{"href":"https:\/\/eltrabajo.cl\/portal\/wp-json\/wp\/v2\/posts\/44280","targetHints":{"allow":["GET"]}}],"collection":[{"href":"https:\/\/eltrabajo.cl\/portal\/wp-json\/wp\/v2\/posts"}],"about":[{"href":"https:\/\/eltrabajo.cl\/portal\/wp-json\/wp\/v2\/types\/post"}],"author":[{"embeddable":true,"href":"https:\/\/eltrabajo.cl\/portal\/wp-json\/wp\/v2\/users\/482"}],"replies":[{"embeddable":true,"href":"https:\/\/eltrabajo.cl\/portal\/wp-json\/wp\/v2\/comments?post=44280"}],"version-history":[{"count":0,"href":"https:\/\/eltrabajo.cl\/portal\/wp-json\/wp\/v2\/posts\/44280\/revisions"}],"wp:featuredmedia":[{"embeddable":true,"href":"https:\/\/eltrabajo.cl\/portal\/wp-json\/wp\/v2\/media\/44281"}],"wp:attachment":[{"href":"https:\/\/eltrabajo.cl\/portal\/wp-json\/wp\/v2\/media?parent=44280"}],"wp:term":[{"taxonomy":"category","embeddable":true,"href":"https:\/\/eltrabajo.cl\/portal\/wp-json\/wp\/v2\/categories?post=44280"},{"taxonomy":"post_tag","embeddable":true,"href":"https:\/\/eltrabajo.cl\/portal\/wp-json\/wp\/v2\/tags?post=44280"}],"curies":[{"name":"wp","href":"https:\/\/api.w.org\/{rel}","templated":true}]}}