{"id":44287,"date":"2014-03-14T09:56:18","date_gmt":"2014-03-14T12:56:18","guid":{"rendered":"http:\/\/www.eltrabajo.cl\/portal\/?p=44287"},"modified":"2014-03-14T09:56:18","modified_gmt":"2014-03-14T12:56:18","slug":"dirigentes-vecinales-fueron-certificados-en-curso-de-computacion","status":"publish","type":"post","link":"https:\/\/eltrabajo.cl\/portal\/dirigentes-vecinales-fueron-certificados-en-curso-de-computacion\/","title":{"rendered":"Dirigentes vecinales fueron certificados en curso de computaci\u00f3n"},"content":{"rendered":"<figure id=\"attachment_44288\" aria-describedby=\"caption-attachment-44288\" style=\"width: 529px\" class=\"wp-caption alignnone\"><img data-recalc-dims=\"1\" loading=\"lazy\" decoding=\"async\" class=\"size-full wp-image-44288\" alt=\"Unos 15 dirigentes vecinales fueron certificados en el marco de convenio firmado entre la Municipalidad de San Felipe y la Universidad de Playa Ancha.\" src=\"https:\/\/i0.wp.com\/www.eltrabajo.cl\/portal\/wp-content\/uploads\/2014\/03\/certificacion1.jpg?resize=529%2C361\" width=\"529\" height=\"361\" srcset=\"https:\/\/i0.wp.com\/eltrabajo.cl\/portal\/wp-content\/uploads\/2014\/03\/certificacion1.jpg?w=529&amp;ssl=1 529w, https:\/\/i0.wp.com\/eltrabajo.cl\/portal\/wp-content\/uploads\/2014\/03\/certificacion1.jpg?resize=200%2C136&amp;ssl=1 200w, https:\/\/i0.wp.com\/eltrabajo.cl\/portal\/wp-content\/uploads\/2014\/03\/certificacion1.jpg?resize=300%2C204&amp;ssl=1 300w, https:\/\/i0.wp.com\/eltrabajo.cl\/portal\/wp-content\/uploads\/2014\/03\/certificacion1.jpg?resize=150%2C102&amp;ssl=1 150w, https:\/\/i0.wp.com\/eltrabajo.cl\/portal\/wp-content\/uploads\/2014\/03\/certificacion1.jpg?resize=400%2C272&amp;ssl=1 400w\" sizes=\"auto, (max-width: 529px) 100vw, 529px\" \/><\/a><figcaption id=\"caption-attachment-44288\" class=\"wp-caption-text\">Unos 15 dirigentes vecinales fueron certificados en el marco de convenio firmado entre la Municipalidad de San Felipe y la Universidad de Playa Ancha.<\/figcaption><\/figure>\n<p>En el marco del convenio firmado entre la Municipalidad de San Felipe y la Universidad de Playa Ancha, este jueves en el Sal\u00f3n de Honor de la corporaci\u00f3n edilicia se realiz\u00f3 la certificaci\u00f3n del curso de computaci\u00f3n que realizaron alrededor de 15 dirigentes vecinales de la comuna. La ceremonia estuvo encabezada por el Alcalde Patricio Freire y el Vicerrector de la Universidad, Oscar Valenzuela, en ella participaron tambi\u00e9n los dirigentes sociales, quienes fueron parte de este curso que dict\u00f3 la universidad, luego del inter\u00e9s mostrado por ellos a fines del a\u00f1o 2013 en el \u00e1mbito de las nuevas tecnolog\u00edas.<\/p>\n<p>\u201cEste curso lo llevamos a cabo con mucha participaci\u00f3n y motivaci\u00f3n de parte de los alumnos, hemos visto hoy d\u00eda que la gran mayor\u00eda obtuvieron su certificaciones, por consiguiente es motivo de especial motivaci\u00f3n haber llegado a estas instancias y como lo expresaba, esto tiene que continuar en la medida que a la municipalidad lleguen estos requerimientos de otras instancias comunales y ah\u00ed estaremos disponibles\u201d, dijo Valenzuela.<\/p>\n<p>Seg\u00fan se\u00f1al\u00f3 Ricardo Carrasco, Coordinador del \u00c1rea Comunitaria de la Municipalidad, para la corporaci\u00f3n edilicia resulta fundamental contar con este tipo de alianza y es un elemento clave dentro de la administraci\u00f3n del Alcalde Patricio Freire, que se est\u00e1 haciendo efectiva este a\u00f1o.<\/p>\n<p>\u201cEs importante que los dirigentes vecinales y los vecinos en general cuenten con las herramientas que hoy en d\u00eda exige la modernidad, que tienen que ver fundamentalmente con desarrollarse, con poder entregar informaci\u00f3n a sus vecinos o publicar sus cosas en la Web y la verdad que nosotros estamos muy orgullosos de que estos 15 primeros dirigentes y vecinos se puedan certificar en una serie de cursos que se van a ir concretando durante el a\u00f1o, ya nos adelantaron algo de liderazgo, que tambi\u00e9n vamos a hacer en colaboraci\u00f3n con la Universidad de Playa Ancha\u201d, dijo Carrasco.<\/p>\n<p>Elisa Miranda, dirigente de la Poblaci\u00f3n Arturo Prat, fue una de las participantes del curso y valor\u00f3 la iniciativa impulsada por la Municipalidad y la Universidad. \u201cLo encuentro muy bueno, excelente idea, me gusta mucho que la municipalidad se preocupe de los dirigentes, de capacitarlos, porque hoy en d\u00eda todo se maneja por medio de la Web y hay mucho dirigente que no sabe, por eso este curso fue realmente provechoso\u201d.<\/p>\n<p>&nbsp;<\/p>\n","protected":false},"excerpt":{"rendered":"<p>En el marco del convenio firmado entre la Municipalidad de San Felipe y la Universidad de Playa Ancha, este jueves en el Sal\u00f3n de Honor de la corporaci\u00f3n edilicia se realiz\u00f3 la&#8230;<\/p>\n","protected":false},"author":482,"featured_media":44288,"comment_status":"open","ping_status":"closed","sticky":false,"template":"","format":"standard","meta":{"advanced_seo_description":"","jetpack_seo_html_title":"","jetpack_seo_noindex":false,"_jetpack_memberships_contains_paid_content":false,"footnotes":""},"categories":[15],"tags":[],"class_list":["post-44287","post","type-post","status-publish","format-standard","has-post-thumbnail","hentry","category-comunidad"],"jetpack_featured_media_url":"https:\/\/i0.wp.com\/eltrabajo.cl\/portal\/wp-content\/uploads\/2014\/03\/certificacion1.jpg?fit=529%2C361&ssl=1","jetpack_sharing_enabled":true,"jetpack_likes_enabled":true,"jetpack-related-posts":[],"_links":{"self":[{"href":"https:\/\/eltrabajo.cl\/portal\/wp-json\/wp\/v2\/posts\/44287","targetHints":{"allow":["GET"]}}],"collection":[{"href":"https:\/\/eltrabajo.cl\/portal\/wp-json\/wp\/v2\/posts"}],"about":[{"href":"https:\/\/eltrabajo.cl\/portal\/wp-json\/wp\/v2\/types\/post"}],"author":[{"embeddable":true,"href":"https:\/\/eltrabajo.cl\/portal\/wp-json\/wp\/v2\/users\/482"}],"replies":[{"embeddable":true,"href":"https:\/\/eltrabajo.cl\/portal\/wp-json\/wp\/v2\/comments?post=44287"}],"version-history":[{"count":0,"href":"https:\/\/eltrabajo.cl\/portal\/wp-json\/wp\/v2\/posts\/44287\/revisions"}],"wp:featuredmedia":[{"embeddable":true,"href":"https:\/\/eltrabajo.cl\/portal\/wp-json\/wp\/v2\/media\/44288"}],"wp:attachment":[{"href":"https:\/\/eltrabajo.cl\/portal\/wp-json\/wp\/v2\/media?parent=44287"}],"wp:term":[{"taxonomy":"category","embeddable":true,"href":"https:\/\/eltrabajo.cl\/portal\/wp-json\/wp\/v2\/categories?post=44287"},{"taxonomy":"post_tag","embeddable":true,"href":"https:\/\/eltrabajo.cl\/portal\/wp-json\/wp\/v2\/tags?post=44287"}],"curies":[{"name":"wp","href":"https:\/\/api.w.org\/{rel}","templated":true}]}}