{"id":44291,"date":"2014-03-14T09:59:17","date_gmt":"2014-03-14T12:59:17","guid":{"rendered":"http:\/\/www.eltrabajo.cl\/portal\/?p=44291"},"modified":"2014-03-14T09:59:17","modified_gmt":"2014-03-14T12:59:17","slug":"fabian-munoz-asumio-como-nuevo-administrador-municipal","status":"publish","type":"post","link":"https:\/\/eltrabajo.cl\/portal\/fabian-munoz-asumio-como-nuevo-administrador-municipal\/","title":{"rendered":"Fabi\u00e1n Mu\u00f1oz asumi\u00f3 como nuevo Administrador municipal"},"content":{"rendered":"<figure id=\"attachment_44292\" aria-describedby=\"caption-attachment-44292\" style=\"width: 317px\" class=\"wp-caption alignleft\"><img data-recalc-dims=\"1\" loading=\"lazy\" decoding=\"async\" class=\" wp-image-44292 \" alt=\"Fabi\u00e1n Mu\u00f1oz D\u00edaz, nuevo Administrador de la Municipalidad de Putaendo.\" src=\"https:\/\/i0.wp.com\/www.eltrabajo.cl\/portal\/wp-content\/uploads\/2014\/03\/Fabian-Munoz.jpg?resize=317%2C259\" width=\"317\" height=\"259\" srcset=\"https:\/\/i0.wp.com\/eltrabajo.cl\/portal\/wp-content\/uploads\/2014\/03\/Fabian-Munoz.jpg?w=529&amp;ssl=1 529w, https:\/\/i0.wp.com\/eltrabajo.cl\/portal\/wp-content\/uploads\/2014\/03\/Fabian-Munoz.jpg?resize=183%2C150&amp;ssl=1 183w, https:\/\/i0.wp.com\/eltrabajo.cl\/portal\/wp-content\/uploads\/2014\/03\/Fabian-Munoz.jpg?resize=300%2C244&amp;ssl=1 300w, https:\/\/i0.wp.com\/eltrabajo.cl\/portal\/wp-content\/uploads\/2014\/03\/Fabian-Munoz.jpg?resize=150%2C122&amp;ssl=1 150w, https:\/\/i0.wp.com\/eltrabajo.cl\/portal\/wp-content\/uploads\/2014\/03\/Fabian-Munoz.jpg?resize=400%2C326&amp;ssl=1 400w\" sizes=\"auto, (max-width: 317px) 100vw, 317px\" \/><\/a><figcaption id=\"caption-attachment-44292\" class=\"wp-caption-text\">Fabi\u00e1n Mu\u00f1oz D\u00edaz, nuevo Administrador de la Municipalidad de Putaendo.<\/figcaption><\/figure>\n<p><strong>PUTAENDO<\/strong>.- Fabi\u00e1n Mu\u00f1oz D\u00edaz asumi\u00f3 de manera oficial el cargo de administrador de la Municipalidad de Putaendo en reemplazo de Mauricio Quiroz Chamorro, quien paralelamente forma parte del equipo de trabajo del Intendente Ricardo Bravo. El nuevo administrador municipal comenz\u00f3 a cumplir sus funciones este mi\u00e9rcoles a primera hora de la ma\u00f1ana y tuvo el tiempo para conversar Diario El Trabajo y manifestar su profundo orgullo al volver a su querida tierra y ocupar un cargo tan importante como el de administrador municipal y el segundo puesto de importancia en la estructura municipal luego del alcalde Guillermo Reyes.<\/p>\n<p>Fabi\u00e1n Mu\u00f1oz ingres\u00f3 a la Municipalidad de Putaendo el a\u00f1o 1998 como funcionario administrativo, pero sus conocimientos y buen desempe\u00f1o le permitieron al poco tiempo ocupar responsabilidades en el \u00e1rea de finanzas y social, adem\u00e1s de estar a cargo de la Oficina de la Vivienda.<\/p>\n<p>El nuevo administrador municipal ha manifestado siempre una vocaci\u00f3n social de servicio que lo llev\u00f3 a ocupar durante varios a\u00f1os el cargo de Presidente de la Asociaci\u00f3n de Funcionarios Municipales de Putaendo, encabezando un sinn\u00famero de luchas donde siempre destac\u00f3 por la firmeza de sus ideas y la forma respetuosa en que hac\u00eda ver los problemas del gremio. Hace un par de a\u00f1os asumi\u00f3 el cargo de Jefe de Rentas de la Municipalidad de Quillota, cargo que ocup\u00f3 hasta los primeros d\u00edas del mes de marzo, una vez que fue confirmado en el cargo de administrador de la Municipalidad de Putaendo.<\/p>\n<p>Este joven de 33 a\u00f1os, hijo de una conocida familia putaendina obtuvo el t\u00edtulo de Ingeniero Comercial en la Universidad de Valpara\u00edso el a\u00f1o reci\u00e9n pasado y destaca que este titulo lo recibi\u00f3 mientras trabajaba y estudiaba.<\/p>\n<p>\u201cEstoy muy agradecido de la confianza que me dio el alcalde Guillermo Reyes, es un orgullo volver a mi tierra y har\u00e9 todo lo posible por ser un aporte a esta gesti\u00f3n municipal que ha demostrado con creces que se pueden hacer bien las cosas, conozco cada rinc\u00f3n de Putaendo, su gente, a los dirigentes, las necesidades y carencias de cada sector, pues en mi paso por el municipio me caracteric\u00e9 por siempre estar en terreno y creo que eso ser\u00e1 un plus que espero aprovechar para desempe\u00f1ar una buena gesti\u00f3n que tambi\u00e9n va de la mano con el excelente trabajo que desarrollan los funcionarios municipales en cada una de las reparticiones\u201d puntualiz\u00f3 Fabi\u00e1n Mu\u00f1oz, nuevo administrador municipal de Putaendo.<\/p>\n<p>Patricio Gallardo M.<\/p>\n<p>&nbsp;<\/p>\n","protected":false},"excerpt":{"rendered":"<p>PUTAENDO.- Fabi\u00e1n Mu\u00f1oz D\u00edaz asumi\u00f3 de manera oficial el cargo de administrador de la Municipalidad de Putaendo en reemplazo de Mauricio Quiroz Chamorro, quien paralelamente forma parte del equipo de trabajo del&#8230;<\/p>\n","protected":false},"author":482,"featured_media":44292,"comment_status":"open","ping_status":"closed","sticky":false,"template":"","format":"standard","meta":{"advanced_seo_description":"","jetpack_seo_html_title":"","jetpack_seo_noindex":false,"_jetpack_memberships_contains_paid_content":false,"footnotes":""},"categories":[15],"tags":[],"class_list":["post-44291","post","type-post","status-publish","format-standard","has-post-thumbnail","hentry","category-comunidad"],"jetpack_featured_media_url":"https:\/\/i0.wp.com\/eltrabajo.cl\/portal\/wp-content\/uploads\/2014\/03\/Fabian-Munoz.jpg?fit=529%2C432&ssl=1","jetpack_sharing_enabled":true,"jetpack_likes_enabled":true,"jetpack-related-posts":[],"_links":{"self":[{"href":"https:\/\/eltrabajo.cl\/portal\/wp-json\/wp\/v2\/posts\/44291","targetHints":{"allow":["GET"]}}],"collection":[{"href":"https:\/\/eltrabajo.cl\/portal\/wp-json\/wp\/v2\/posts"}],"about":[{"href":"https:\/\/eltrabajo.cl\/portal\/wp-json\/wp\/v2\/types\/post"}],"author":[{"embeddable":true,"href":"https:\/\/eltrabajo.cl\/portal\/wp-json\/wp\/v2\/users\/482"}],"replies":[{"embeddable":true,"href":"https:\/\/eltrabajo.cl\/portal\/wp-json\/wp\/v2\/comments?post=44291"}],"version-history":[{"count":0,"href":"https:\/\/eltrabajo.cl\/portal\/wp-json\/wp\/v2\/posts\/44291\/revisions"}],"wp:featuredmedia":[{"embeddable":true,"href":"https:\/\/eltrabajo.cl\/portal\/wp-json\/wp\/v2\/media\/44292"}],"wp:attachment":[{"href":"https:\/\/eltrabajo.cl\/portal\/wp-json\/wp\/v2\/media?parent=44291"}],"wp:term":[{"taxonomy":"category","embeddable":true,"href":"https:\/\/eltrabajo.cl\/portal\/wp-json\/wp\/v2\/categories?post=44291"},{"taxonomy":"post_tag","embeddable":true,"href":"https:\/\/eltrabajo.cl\/portal\/wp-json\/wp\/v2\/tags?post=44291"}],"curies":[{"name":"wp","href":"https:\/\/api.w.org\/{rel}","templated":true}]}}