{"id":44295,"date":"2014-03-14T10:01:00","date_gmt":"2014-03-14T13:01:00","guid":{"rendered":"http:\/\/www.eltrabajo.cl\/portal\/?p=44295"},"modified":"2014-03-14T10:01:00","modified_gmt":"2014-03-14T13:01:00","slug":"colegios-de-la-zona-felices-con-su-excelencia-academica-2014-2015","status":"publish","type":"post","link":"https:\/\/eltrabajo.cl\/portal\/colegios-de-la-zona-felices-con-su-excelencia-academica-2014-2015\/","title":{"rendered":"Colegios de la zona felices con su Excelencia Acad\u00e9mica 2014-2015"},"content":{"rendered":"<figure id=\"attachment_44296\" aria-describedby=\"caption-attachment-44296\" style=\"width: 529px\" class=\"wp-caption alignnone\"><a href=\"https:\/\/i0.wp.com\/www.eltrabajo.cl\/portal\/wp-content\/uploads\/2014\/03\/Teresita1.jpg\"><img data-recalc-dims=\"1\" loading=\"lazy\" decoding=\"async\" class=\"size-full wp-image-44296\" alt=\"Las c\u00e1maras de Diario El Trabajo registran a estos peque\u00f1itos del Liceo parroquial Teresita de Los Andes.\" src=\"https:\/\/i0.wp.com\/www.eltrabajo.cl\/portal\/wp-content\/uploads\/2014\/03\/Teresita1.jpg?resize=529%2C358\" width=\"529\" height=\"358\" srcset=\"https:\/\/i0.wp.com\/eltrabajo.cl\/portal\/wp-content\/uploads\/2014\/03\/Teresita1.jpg?w=529&amp;ssl=1 529w, https:\/\/i0.wp.com\/eltrabajo.cl\/portal\/wp-content\/uploads\/2014\/03\/Teresita1.jpg?resize=200%2C135&amp;ssl=1 200w, https:\/\/i0.wp.com\/eltrabajo.cl\/portal\/wp-content\/uploads\/2014\/03\/Teresita1.jpg?resize=300%2C203&amp;ssl=1 300w, https:\/\/i0.wp.com\/eltrabajo.cl\/portal\/wp-content\/uploads\/2014\/03\/Teresita1.jpg?resize=150%2C101&amp;ssl=1 150w, https:\/\/i0.wp.com\/eltrabajo.cl\/portal\/wp-content\/uploads\/2014\/03\/Teresita1.jpg?resize=400%2C270&amp;ssl=1 400w\" sizes=\"auto, (max-width: 529px) 100vw, 529px\" \/><\/a><figcaption id=\"caption-attachment-44296\" class=\"wp-caption-text\">Las c\u00e1maras de Diario El Trabajo registran a estos peque\u00f1itos del Liceo parroquial Teresita de Los Andes.<\/figcaption><\/figure>\n<p>El Ministerio de Educaci\u00f3n dio a conocer los establecimientos educacionales que se adjudicaron la Excelencia acad\u00e9mica para el per\u00edodo 2014-2015. El objetivo principal de SNED (Sistema Nacional de Evaluaci\u00f3n del Desempe\u00f1o) es contribuir al mejoramiento de la calidad de la educaci\u00f3n, mediante el incentivo y reconocimiento a los profesionales de la educaci\u00f3n a los establecimientos con mejor desempe\u00f1o.<\/p>\n<p>Los establecimientos mejor evaluados por este sistema se hacen acreedores, por dos a\u00f1os, de la Subvenci\u00f3n por Desempe\u00f1o de Excelencia destinada a otorgar incentivos remuneracionales a los docentes, y de la Subvenci\u00f3n por Desempe\u00f1o de Excelencia destinada a incentivos remuneracionales para los asistentes de la educaci\u00f3n. Esto, sin lugar a dudas es una motivaci\u00f3n para todo el establecimiento, un premio y reconocimiento de que se est\u00e1n haciendo las cosas bien, un incentivo para mejorar d\u00eda a d\u00eda en las pr\u00e1cticas pedag\u00f3gicas para tener una educaci\u00f3n cada vez mejor en nuestro pa\u00eds.<\/p>\n<p>Se adjudican dicho reconocimiento aquellos establecimientos que cuentan con algunas caracter\u00edsticas especiales que los convierte en establecimientos que se destacan sobre el resto. Se considera por ejemplo el colegio en el que est\u00e9 operando activamente el Consejo Escolar, el Centro de alumnos, el Centro de Padres y exista adecuada convivencia al interior del establecimiento, as\u00ed mismo se consideran los resultados Simce en relaci\u00f3n a s\u00ed mismo, por tanto, se premia el que \u00e9stos hayan sido mejores en relaci\u00f3n al a\u00f1o anterior.<\/p>\n<p>Por otra parte, es tambi\u00e9n un colegio de Excelencia es aqu\u00e9l que acepta la diversidad, teniendo Programas de Integraci\u00f3n Escolar en funcionamiento, en donde la inclusividad sea lema y los resultados con alumnos con Necesidades Educativos Especiales sean efectivos.<\/p>\n<p>Para postular, los colegios contestan una encuesta SNED y luego el Ministerio corrobora que los datos sean reales y est\u00e9n correctamente se\u00f1alados, luego de eso se adjudica la calidad de excelencia en porcentajes. En la zona son varios los colegios que este a\u00f1o se adjudicaron un 100% de excelencia acad\u00e9mica.<\/p>\n<p><strong>LISTA \u2018EXCELENCIA\u2019<\/strong><\/p>\n<p>Escuela Buen Pastor \/ Liceo Parroquial Teresita de Los Andes \/ Escuela Heriberto Berm\u00fadez Cruz \/ Escuela Mateo Cokljat \/ Colegio Santa Juana de Arco \/ Colegio Jos\u00e9 Agust\u00edn G\u00f3mez \/ Colegio Particular Pumanque \/ Escuela San Alberto de Guzmanes \/ Escuela Mar\u00eda Leiva de Ib\u00e1\u00f1ez \/ Escuela La Higuera \/ Escuela B\u00e1sica Aurora Velasco P\u00e9rez \/ Escuela Julio Tejedor Z\u00fa\u00f1iga \/ Colegio Santa Mar\u00eda De Aconcagua \/ Escuela El Escorial \/ Liceo Bicentenario Cordillera de San Felipe.<\/p>\n<p>Con un 60% de beneficio quedaron: Escuela Marie Poussepin \/ Liceo Dar\u00edo Salas \/ Liceo Polit\u00e9cnico Llay Llay \/ Escuela B\u00e1sica Republica Argentina \/ Colegio Panquehue \/ Escuela Perfecto De fa fuente.<\/p>\n<p>&nbsp;<\/p>\n","protected":false},"excerpt":{"rendered":"<p>El Ministerio de Educaci\u00f3n dio a conocer los establecimientos educacionales que se adjudicaron la Excelencia acad\u00e9mica para el per\u00edodo 2014-2015. El objetivo principal de SNED (Sistema Nacional de Evaluaci\u00f3n del Desempe\u00f1o) es&#8230;<\/p>\n","protected":false},"author":482,"featured_media":44296,"comment_status":"open","ping_status":"closed","sticky":false,"template":"","format":"standard","meta":{"advanced_seo_description":"","jetpack_seo_html_title":"","jetpack_seo_noindex":false,"_jetpack_memberships_contains_paid_content":false,"footnotes":""},"categories":[1],"tags":[],"class_list":["post-44295","post","type-post","status-publish","format-standard","has-post-thumbnail","hentry","category-cronica"],"jetpack_featured_media_url":"https:\/\/i0.wp.com\/eltrabajo.cl\/portal\/wp-content\/uploads\/2014\/03\/Teresita1.jpg?fit=529%2C358&ssl=1","jetpack_sharing_enabled":true,"jetpack_likes_enabled":true,"jetpack-related-posts":[],"_links":{"self":[{"href":"https:\/\/eltrabajo.cl\/portal\/wp-json\/wp\/v2\/posts\/44295","targetHints":{"allow":["GET"]}}],"collection":[{"href":"https:\/\/eltrabajo.cl\/portal\/wp-json\/wp\/v2\/posts"}],"about":[{"href":"https:\/\/eltrabajo.cl\/portal\/wp-json\/wp\/v2\/types\/post"}],"author":[{"embeddable":true,"href":"https:\/\/eltrabajo.cl\/portal\/wp-json\/wp\/v2\/users\/482"}],"replies":[{"embeddable":true,"href":"https:\/\/eltrabajo.cl\/portal\/wp-json\/wp\/v2\/comments?post=44295"}],"version-history":[{"count":0,"href":"https:\/\/eltrabajo.cl\/portal\/wp-json\/wp\/v2\/posts\/44295\/revisions"}],"wp:featuredmedia":[{"embeddable":true,"href":"https:\/\/eltrabajo.cl\/portal\/wp-json\/wp\/v2\/media\/44296"}],"wp:attachment":[{"href":"https:\/\/eltrabajo.cl\/portal\/wp-json\/wp\/v2\/media?parent=44295"}],"wp:term":[{"taxonomy":"category","embeddable":true,"href":"https:\/\/eltrabajo.cl\/portal\/wp-json\/wp\/v2\/categories?post=44295"},{"taxonomy":"post_tag","embeddable":true,"href":"https:\/\/eltrabajo.cl\/portal\/wp-json\/wp\/v2\/tags?post=44295"}],"curies":[{"name":"wp","href":"https:\/\/api.w.org\/{rel}","templated":true}]}}