{"id":44312,"date":"2014-03-17T11:26:02","date_gmt":"2014-03-17T14:26:02","guid":{"rendered":"http:\/\/www.eltrabajo.cl\/portal\/?p=44312"},"modified":"2014-03-17T11:37:17","modified_gmt":"2014-03-17T14:37:17","slug":"denuncian-despido-masivo-de-trabajadores-en-empresa-de-barredores","status":"publish","type":"post","link":"https:\/\/eltrabajo.cl\/portal\/denuncian-despido-masivo-de-trabajadores-en-empresa-de-barredores\/","title":{"rendered":"Denuncian despido masivo de trabajadores en empresa de barredores"},"content":{"rendered":"<figure id=\"attachment_44313\" aria-describedby=\"caption-attachment-44313\" style=\"width: 317px\" class=\"wp-caption alignleft\"><img data-recalc-dims=\"1\" loading=\"lazy\" decoding=\"async\" class=\" wp-image-44313 \" alt=\"Ismael L\u00f3pez lleva 22 a\u00f1os sacrific\u00e1ndose en este esforzado trabajo para mantener limpia la ciudad.\" src=\"https:\/\/i0.wp.com\/www.eltrabajo.cl\/portal\/wp-content\/uploads\/2014\/03\/Ismael-Lopez.jpg?resize=317%2C224\" width=\"317\" height=\"224\" srcset=\"https:\/\/i0.wp.com\/eltrabajo.cl\/portal\/wp-content\/uploads\/2014\/03\/Ismael-Lopez.jpg?w=529&amp;ssl=1 529w, https:\/\/i0.wp.com\/eltrabajo.cl\/portal\/wp-content\/uploads\/2014\/03\/Ismael-Lopez.jpg?resize=200%2C141&amp;ssl=1 200w, https:\/\/i0.wp.com\/eltrabajo.cl\/portal\/wp-content\/uploads\/2014\/03\/Ismael-Lopez.jpg?resize=300%2C212&amp;ssl=1 300w, https:\/\/i0.wp.com\/eltrabajo.cl\/portal\/wp-content\/uploads\/2014\/03\/Ismael-Lopez.jpg?resize=150%2C106&amp;ssl=1 150w, https:\/\/i0.wp.com\/eltrabajo.cl\/portal\/wp-content\/uploads\/2014\/03\/Ismael-Lopez.jpg?resize=400%2C282&amp;ssl=1 400w\" sizes=\"auto, (max-width: 317px) 100vw, 317px\" \/><\/a><figcaption id=\"caption-attachment-44313\" class=\"wp-caption-text\">Ismael L\u00f3pez lleva 22 a\u00f1os sacrific\u00e1ndose en este esforzado trabajo para mantener limpia la ciudad.<\/figcaption><\/figure>\n<p><strong>LOS ANDES.<\/strong>&#8211; Ismael L\u00f3pez lleva 22 a\u00f1os barriendo calles. Toda una vida sacrific\u00e1ndose en este esforzado trabajo para mantener limpia la ciudad y pese a lo poco dignificante que para algunos su labor podr\u00eda parecer, es vital para que Los Andes muestre otra cara. Sin embargo, los deseos de Ismael de poder jubilarse como barredor se vieron abruptamente truncados, luego que la empresa Efamac, que provee del servicio de barredores al municipio, decidiera \u2018por necesidades de la empresa\u2019, despedir a 25 trabajadores.<\/p>\n<p>El propio Ismael L\u00f3pez quiso hacer p\u00fablica la situaci\u00f3n debido a que muchos trabajadores llevan m\u00e1s de una d\u00e9cada de trabajo y no se explican las razones por la cuales se adopt\u00f3 esta determinaci\u00f3n. Si bien existen fuertes trascendidos en cuanto a que el municipio habr\u00eda disminuido el n\u00famero de calles que debe atender la empresa de barredores, los trabajadores notificados de despido quieren saber las verdaderas razones, sobre todo cuando se desvinculaci\u00f3n se produce justamente en meses que son complicados por la gran cantidad de gastos.<\/p>\n<p>Por ello, los trabajadores no entienden la situaci\u00f3n, m\u00e1s aun sabiendo que Efamac ha seguido contratando personal. Los barredores est\u00e1n preocupados debido que su reinserci\u00f3n laboral es compleja y pidieron que Alcalde Mauricio Navarro tome cartas en el asunto, \u201cya que muchos tenemos familia, hijos estudiando y necesitamos de este trabajo\u201d, declar\u00f3 Ismael L\u00f3pez.<\/p>\n<p>&nbsp;<\/p>\n","protected":false},"excerpt":{"rendered":"<p>LOS ANDES.&#8211; Ismael L\u00f3pez lleva 22 a\u00f1os barriendo calles. Toda una vida sacrific\u00e1ndose en este esforzado trabajo para mantener limpia la ciudad y pese a lo poco dignificante que para algunos su&#8230;<\/p>\n","protected":false},"author":482,"featured_media":44313,"comment_status":"open","ping_status":"closed","sticky":false,"template":"","format":"standard","meta":{"advanced_seo_description":"","jetpack_seo_html_title":"","jetpack_seo_noindex":false,"_jetpack_memberships_contains_paid_content":false,"footnotes":""},"categories":[15],"tags":[],"class_list":["post-44312","post","type-post","status-publish","format-standard","has-post-thumbnail","hentry","category-comunidad"],"jetpack_featured_media_url":"https:\/\/i0.wp.com\/eltrabajo.cl\/portal\/wp-content\/uploads\/2014\/03\/Ismael-Lopez.jpg?fit=529%2C374&ssl=1","jetpack_sharing_enabled":true,"jetpack_likes_enabled":true,"jetpack-related-posts":[],"_links":{"self":[{"href":"https:\/\/eltrabajo.cl\/portal\/wp-json\/wp\/v2\/posts\/44312","targetHints":{"allow":["GET"]}}],"collection":[{"href":"https:\/\/eltrabajo.cl\/portal\/wp-json\/wp\/v2\/posts"}],"about":[{"href":"https:\/\/eltrabajo.cl\/portal\/wp-json\/wp\/v2\/types\/post"}],"author":[{"embeddable":true,"href":"https:\/\/eltrabajo.cl\/portal\/wp-json\/wp\/v2\/users\/482"}],"replies":[{"embeddable":true,"href":"https:\/\/eltrabajo.cl\/portal\/wp-json\/wp\/v2\/comments?post=44312"}],"version-history":[{"count":0,"href":"https:\/\/eltrabajo.cl\/portal\/wp-json\/wp\/v2\/posts\/44312\/revisions"}],"wp:featuredmedia":[{"embeddable":true,"href":"https:\/\/eltrabajo.cl\/portal\/wp-json\/wp\/v2\/media\/44313"}],"wp:attachment":[{"href":"https:\/\/eltrabajo.cl\/portal\/wp-json\/wp\/v2\/media?parent=44312"}],"wp:term":[{"taxonomy":"category","embeddable":true,"href":"https:\/\/eltrabajo.cl\/portal\/wp-json\/wp\/v2\/categories?post=44312"},{"taxonomy":"post_tag","embeddable":true,"href":"https:\/\/eltrabajo.cl\/portal\/wp-json\/wp\/v2\/tags?post=44312"}],"curies":[{"name":"wp","href":"https:\/\/api.w.org\/{rel}","templated":true}]}}