{"id":44315,"date":"2014-03-17T11:28:01","date_gmt":"2014-03-17T14:28:01","guid":{"rendered":"http:\/\/www.eltrabajo.cl\/portal\/?p=44315"},"modified":"2014-03-17T11:47:19","modified_gmt":"2014-03-17T14:47:19","slug":"autoridades-celebran-excelencia-academica-otorgada-a-sus-escuelas","status":"publish","type":"post","link":"https:\/\/eltrabajo.cl\/portal\/autoridades-celebran-excelencia-academica-otorgada-a-sus-escuelas\/","title":{"rendered":"Autoridades celebran Excelencia Acad\u00e9mica otorgada a sus escuelas"},"content":{"rendered":"<figure id=\"attachment_44316\" aria-describedby=\"caption-attachment-44316\" style=\"width: 529px\" class=\"wp-caption alignnone\"><a href=\"https:\/\/i0.wp.com\/www.eltrabajo.cl\/portal\/wp-content\/uploads\/2014\/03\/Excelencia11.jpg\"><img data-recalc-dims=\"1\" loading=\"lazy\" decoding=\"async\" class=\"size-full wp-image-44316\" alt=\"Los resultados acad\u00e9micos, la gran asistencia de alumnos, adem\u00e1s de una excelente evaluaci\u00f3n de docentes, fueron variables para recibir el beneficio por dos a\u00f1os.\" src=\"https:\/\/i0.wp.com\/www.eltrabajo.cl\/portal\/wp-content\/uploads\/2014\/03\/Excelencia11.jpg?resize=529%2C362\" width=\"529\" height=\"362\" srcset=\"https:\/\/i0.wp.com\/eltrabajo.cl\/portal\/wp-content\/uploads\/2014\/03\/Excelencia11.jpg?w=529&amp;ssl=1 529w, https:\/\/i0.wp.com\/eltrabajo.cl\/portal\/wp-content\/uploads\/2014\/03\/Excelencia11.jpg?resize=200%2C136&amp;ssl=1 200w, https:\/\/i0.wp.com\/eltrabajo.cl\/portal\/wp-content\/uploads\/2014\/03\/Excelencia11.jpg?resize=300%2C205&amp;ssl=1 300w, https:\/\/i0.wp.com\/eltrabajo.cl\/portal\/wp-content\/uploads\/2014\/03\/Excelencia11.jpg?resize=150%2C102&amp;ssl=1 150w, https:\/\/i0.wp.com\/eltrabajo.cl\/portal\/wp-content\/uploads\/2014\/03\/Excelencia11.jpg?resize=400%2C273&amp;ssl=1 400w\" sizes=\"auto, (max-width: 529px) 100vw, 529px\" \/><\/a><figcaption id=\"caption-attachment-44316\" class=\"wp-caption-text\">Los resultados acad\u00e9micos, la gran asistencia de alumnos, adem\u00e1s de una excelente evaluaci\u00f3n de docentes, fueron variables para recibir el beneficio por dos a\u00f1os.<\/figcaption><\/figure>\n<p>P<strong>ANQUEHUE<\/strong>.- Con gran satisfacci\u00f3n el Alcalde Luis Pradenas recibi\u00f3 la noticia que los siete establecimientos de la comuna fueron catalogados con Excelencia acad\u00e9mica por el Ministerio de Educaci\u00f3n. La calificaci\u00f3n se transform\u00f3 en un hito en la comuna luego que el Sistema Nacional de Evaluaci\u00f3n de Desempe\u00f1o beneficiara a los establecimientos con excelencia acad\u00e9mica.<\/p>\n<p>\u00abEsto es un gran suceso en la comuna, ya que por primera vez tenemos nuestros establecimientos con Excelencia acad\u00e9mica. Esto es el fruto de las buenas pol\u00edticas educacionales de la comuna y se refleja en el trabajo mancomunado entre directores, profesores, alumnos y apoderados, quienes con esfuerzo y sacrificio han logrado cosas importantes, por lo que los felicito a todos\u00bb, expres\u00f3 el Alcalde Pradenas.<\/p>\n<p>\u00abPara nosotros es un orgullo que nuestros establecimientos educacionales tengan su excelencia acad\u00e9mica. Se ha trabajo en equipo, aprovechando las habilidades de nuestros docentes, lo que es parte de mi pol\u00edtica comunal, los alumnos tienen un 90% de asistencia, gracias a la movilizaci\u00f3n gratuita, la evaluaci\u00f3n de docentes es excelente y los resultados acad\u00e9micos han sido elocuentes donde cada a\u00f1o vamos subiendo\u00bb, expres\u00f3.<\/p>\n<p>Con esta designaci\u00f3n de Excelencia de los colegios, el jefe comunal manifest\u00f3 estar tranquilo y contento por estar entregando a los j\u00f3venes de Panquehue, una educaci\u00f3n de calidad y equidad que va mejorando d\u00eda a d\u00eda. Adem\u00e1s los profesores se ver\u00e1n beneficiados en sus remuneraciones por el bono que otorga este beneficio, lo que motivar\u00e1 aun m\u00e1s para seguir entregando una educaci\u00f3n de calidad. \u00abAhora existe un gran desafi\u00f3 como es el de mantenerse y para ello seguiremos trabajando\u00bb, concluy\u00f3.<\/p>\n<p>&nbsp;<\/p>\n","protected":false},"excerpt":{"rendered":"<p>PANQUEHUE.- Con gran satisfacci\u00f3n el Alcalde Luis Pradenas recibi\u00f3 la noticia que los siete establecimientos de la comuna fueron catalogados con Excelencia acad\u00e9mica por el Ministerio de Educaci\u00f3n. La calificaci\u00f3n se transform\u00f3&#8230;<\/p>\n","protected":false},"author":482,"featured_media":44316,"comment_status":"open","ping_status":"closed","sticky":false,"template":"","format":"standard","meta":{"advanced_seo_description":"","jetpack_seo_html_title":"","jetpack_seo_noindex":false,"_jetpack_memberships_contains_paid_content":false,"footnotes":""},"categories":[1],"tags":[],"class_list":["post-44315","post","type-post","status-publish","format-standard","has-post-thumbnail","hentry","category-cronica"],"jetpack_featured_media_url":"https:\/\/i0.wp.com\/eltrabajo.cl\/portal\/wp-content\/uploads\/2014\/03\/Excelencia11.jpg?fit=529%2C362&ssl=1","jetpack_sharing_enabled":true,"jetpack_likes_enabled":true,"jetpack-related-posts":[],"_links":{"self":[{"href":"https:\/\/eltrabajo.cl\/portal\/wp-json\/wp\/v2\/posts\/44315","targetHints":{"allow":["GET"]}}],"collection":[{"href":"https:\/\/eltrabajo.cl\/portal\/wp-json\/wp\/v2\/posts"}],"about":[{"href":"https:\/\/eltrabajo.cl\/portal\/wp-json\/wp\/v2\/types\/post"}],"author":[{"embeddable":true,"href":"https:\/\/eltrabajo.cl\/portal\/wp-json\/wp\/v2\/users\/482"}],"replies":[{"embeddable":true,"href":"https:\/\/eltrabajo.cl\/portal\/wp-json\/wp\/v2\/comments?post=44315"}],"version-history":[{"count":0,"href":"https:\/\/eltrabajo.cl\/portal\/wp-json\/wp\/v2\/posts\/44315\/revisions"}],"wp:featuredmedia":[{"embeddable":true,"href":"https:\/\/eltrabajo.cl\/portal\/wp-json\/wp\/v2\/media\/44316"}],"wp:attachment":[{"href":"https:\/\/eltrabajo.cl\/portal\/wp-json\/wp\/v2\/media?parent=44315"}],"wp:term":[{"taxonomy":"category","embeddable":true,"href":"https:\/\/eltrabajo.cl\/portal\/wp-json\/wp\/v2\/categories?post=44315"},{"taxonomy":"post_tag","embeddable":true,"href":"https:\/\/eltrabajo.cl\/portal\/wp-json\/wp\/v2\/tags?post=44315"}],"curies":[{"name":"wp","href":"https:\/\/api.w.org\/{rel}","templated":true}]}}