{"id":44325,"date":"2014-03-17T11:32:45","date_gmt":"2014-03-17T14:32:45","guid":{"rendered":"http:\/\/www.eltrabajo.cl\/portal\/?p=44325"},"modified":"2014-03-17T11:32:45","modified_gmt":"2014-03-17T14:32:45","slug":"entregan-a-vecinos-claves-de-acceso-para-wi-fi-gratuito","status":"publish","type":"post","link":"https:\/\/eltrabajo.cl\/portal\/entregan-a-vecinos-claves-de-acceso-para-wi-fi-gratuito\/","title":{"rendered":"Entregan a vecinos claves de acceso para WI-Fi gratuito"},"content":{"rendered":"<figure id=\"attachment_44326\" aria-describedby=\"caption-attachment-44326\" style=\"width: 529px\" class=\"wp-caption alignnone\"><img data-recalc-dims=\"1\" loading=\"lazy\" decoding=\"async\" class=\"size-full wp-image-44326\" alt=\"En el municipio est\u00e1n inscribiendo y capacitando a los vecinos para que disfruten del proyecto Wi-Fi gratuito.\" src=\"https:\/\/i0.wp.com\/www.eltrabajo.cl\/portal\/wp-content\/uploads\/2014\/03\/capacitacion-wi-fi.jpg?resize=529%2C341\" width=\"529\" height=\"341\" srcset=\"https:\/\/i0.wp.com\/eltrabajo.cl\/portal\/wp-content\/uploads\/2014\/03\/capacitacion-wi-fi.jpg?w=529&amp;ssl=1 529w, https:\/\/i0.wp.com\/eltrabajo.cl\/portal\/wp-content\/uploads\/2014\/03\/capacitacion-wi-fi.jpg?resize=200%2C128&amp;ssl=1 200w, https:\/\/i0.wp.com\/eltrabajo.cl\/portal\/wp-content\/uploads\/2014\/03\/capacitacion-wi-fi.jpg?resize=300%2C193&amp;ssl=1 300w, https:\/\/i0.wp.com\/eltrabajo.cl\/portal\/wp-content\/uploads\/2014\/03\/capacitacion-wi-fi.jpg?resize=150%2C96&amp;ssl=1 150w, https:\/\/i0.wp.com\/eltrabajo.cl\/portal\/wp-content\/uploads\/2014\/03\/capacitacion-wi-fi.jpg?resize=400%2C257&amp;ssl=1 400w\" sizes=\"auto, (max-width: 529px) 100vw, 529px\" \/><\/a><figcaption id=\"caption-attachment-44326\" class=\"wp-caption-text\">En el municipio est\u00e1n inscribiendo y capacitando a los vecinos para que disfruten del proyecto Wi-Fi gratuito.<\/figcaption><\/figure>\n<ul>\n<li><strong style=\"font-size: 13px;\">Iniciativa pretende beneficiar al 90% de la comuna y se constituye en la tercera comuna de Chile con mayor cobertura.<\/strong><\/li>\n<\/ul>\n<p>Esta semana comenz\u00f3 la inscripci\u00f3n de rinconadinos para obtener la clave que les permitir\u00e1 acceder al Wi-Fi gratuito comunal de Rinconada, denominado tambi\u00e9n Ruta Tecnol\u00f3gica. Cada persona tendr\u00e1 su propia clave para poder ocupar este esperado Internet Inal\u00e1mbrico, que funcionar\u00e1 en cerca del 90% de la comuna, con costo cero para los vecinos. Este proceso de inscripci\u00f3n y capacitaci\u00f3n se extender\u00e1 hasta fin de mes, abarcando as\u00ed a cada uno de los sectores de Rinconada.<\/p>\n<p>Son 24 antenas las que ya est\u00e1n instaladas, cada una en un m\u00e1stil de doce metros de altura, con un radio efectivo de 350 metros a la redonda, el proyecto tiene un costo de inversi\u00f3n que bordea los 90 millones de pesos.<\/p>\n<p>Sandra Espejo, encargada del proceso de inscripci\u00f3n, se refiri\u00f3 al mismo y explic\u00f3 que \u201cya estamos en marcha blanca, tenemos un calendario de capacitaciones e inscripciones, hemos formado un equipo de trabajo donde estamos visitando domicilio por domicilio entreg\u00e1ndoles una carta, una invitaci\u00f3n con el calendario donde se est\u00e1 inscribiendo y los d\u00edas que vamos a inscribir, la idea es que todos se hagan parte de este proyecto, es importante que se puedan inscribir, ya que si no se inscriben no van a poder tener acceso. Vamos a inscribir los d\u00edas s\u00e1bado para aquellas personas que no han podido asistir a las reuniones de sus sectores, una vez inscritos y habilitada la clave de acceso en un plazo de 48 horas ya se van a poder conectar\u201d.<\/p>\n<p>El Alcalde Pedro Caballer\u00eda se mostr\u00f3 contento de estar llegando a esta etapa final del proyecto y afirm\u00f3 que \u201cesto es una gran ayuda para los j\u00f3venes y los vecinos en general, esto aporta a la cultura, al desarrollo, a la integraci\u00f3n y a la educaci\u00f3n en Rinconada\u201d.<\/p>\n<p>&nbsp;<\/p>\n","protected":false},"excerpt":{"rendered":"<p>Iniciativa pretende beneficiar al 90% de la comuna y se constituye en la tercera comuna de Chile con mayor cobertura. Esta semana comenz\u00f3 la inscripci\u00f3n de rinconadinos para obtener la clave que&#8230;<\/p>\n","protected":false},"author":482,"featured_media":44326,"comment_status":"open","ping_status":"closed","sticky":false,"template":"","format":"standard","meta":{"advanced_seo_description":"","jetpack_seo_html_title":"","jetpack_seo_noindex":false,"_jetpack_memberships_contains_paid_content":false,"footnotes":""},"categories":[1],"tags":[],"class_list":["post-44325","post","type-post","status-publish","format-standard","has-post-thumbnail","hentry","category-cronica"],"jetpack_featured_media_url":"https:\/\/i0.wp.com\/eltrabajo.cl\/portal\/wp-content\/uploads\/2014\/03\/capacitacion-wi-fi.jpg?fit=529%2C341&ssl=1","jetpack_sharing_enabled":true,"jetpack_likes_enabled":true,"jetpack-related-posts":[],"_links":{"self":[{"href":"https:\/\/eltrabajo.cl\/portal\/wp-json\/wp\/v2\/posts\/44325","targetHints":{"allow":["GET"]}}],"collection":[{"href":"https:\/\/eltrabajo.cl\/portal\/wp-json\/wp\/v2\/posts"}],"about":[{"href":"https:\/\/eltrabajo.cl\/portal\/wp-json\/wp\/v2\/types\/post"}],"author":[{"embeddable":true,"href":"https:\/\/eltrabajo.cl\/portal\/wp-json\/wp\/v2\/users\/482"}],"replies":[{"embeddable":true,"href":"https:\/\/eltrabajo.cl\/portal\/wp-json\/wp\/v2\/comments?post=44325"}],"version-history":[{"count":0,"href":"https:\/\/eltrabajo.cl\/portal\/wp-json\/wp\/v2\/posts\/44325\/revisions"}],"wp:featuredmedia":[{"embeddable":true,"href":"https:\/\/eltrabajo.cl\/portal\/wp-json\/wp\/v2\/media\/44326"}],"wp:attachment":[{"href":"https:\/\/eltrabajo.cl\/portal\/wp-json\/wp\/v2\/media?parent=44325"}],"wp:term":[{"taxonomy":"category","embeddable":true,"href":"https:\/\/eltrabajo.cl\/portal\/wp-json\/wp\/v2\/categories?post=44325"},{"taxonomy":"post_tag","embeddable":true,"href":"https:\/\/eltrabajo.cl\/portal\/wp-json\/wp\/v2\/tags?post=44325"}],"curies":[{"name":"wp","href":"https:\/\/api.w.org\/{rel}","templated":true}]}}