{"id":44328,"date":"2014-03-17T11:34:09","date_gmt":"2014-03-17T14:34:09","guid":{"rendered":"http:\/\/www.eltrabajo.cl\/portal\/?p=44328"},"modified":"2014-03-17T11:34:09","modified_gmt":"2014-03-17T14:34:09","slug":"carabineros-de-los-andes-fiscalizo-furgones-de-transporte-escolar","status":"publish","type":"post","link":"https:\/\/eltrabajo.cl\/portal\/carabineros-de-los-andes-fiscalizo-furgones-de-transporte-escolar\/","title":{"rendered":"Carabineros de Los Andes fiscaliz\u00f3 furgones de transporte escolar"},"content":{"rendered":"<figure id=\"attachment_44329\" aria-describedby=\"caption-attachment-44329\" style=\"width: 528px\" class=\"wp-caption alignnone\"><a href=\"https:\/\/i0.wp.com\/www.eltrabajo.cl\/portal\/wp-content\/uploads\/2014\/03\/Fiscalizacion1.jpg\"><img data-recalc-dims=\"1\" loading=\"lazy\" decoding=\"async\" class=\"size-full wp-image-44329\" alt=\"La iniciativa busca verificar que todos los veh\u00edculos cumplan con las condiciones establecidas por la ley.\" src=\"https:\/\/i0.wp.com\/www.eltrabajo.cl\/portal\/wp-content\/uploads\/2014\/03\/Fiscalizacion1.jpg?resize=528%2C358\" width=\"528\" height=\"358\" srcset=\"https:\/\/i0.wp.com\/eltrabajo.cl\/portal\/wp-content\/uploads\/2014\/03\/Fiscalizacion1.jpg?w=528&amp;ssl=1 528w, https:\/\/i0.wp.com\/eltrabajo.cl\/portal\/wp-content\/uploads\/2014\/03\/Fiscalizacion1.jpg?resize=200%2C135&amp;ssl=1 200w, https:\/\/i0.wp.com\/eltrabajo.cl\/portal\/wp-content\/uploads\/2014\/03\/Fiscalizacion1.jpg?resize=300%2C203&amp;ssl=1 300w, https:\/\/i0.wp.com\/eltrabajo.cl\/portal\/wp-content\/uploads\/2014\/03\/Fiscalizacion1.jpg?resize=150%2C101&amp;ssl=1 150w, https:\/\/i0.wp.com\/eltrabajo.cl\/portal\/wp-content\/uploads\/2014\/03\/Fiscalizacion1.jpg?resize=400%2C271&amp;ssl=1 400w\" sizes=\"auto, (max-width: 528px) 100vw, 528px\" \/><\/a><figcaption id=\"caption-attachment-44329\" class=\"wp-caption-text\">La iniciativa busca verificar que todos los veh\u00edculos cumplan con las condiciones establecidas por la ley.<\/figcaption><\/figure>\n<p><strong>LOS ANDES.<\/strong>&#8211; En el sector del Parque Urbano de Los Andes, se llev\u00f3 a cabo por parte de Carabineros la fiscalizaci\u00f3n a los furgones que realizan transporte escolar en la provincia de Los Andes. Este control se realiza todos los a\u00f1os al inicio del a\u00f1o escolar a fin de verificar que los veh\u00edculos cumplan con toda la normativa establecida en la ley.<\/p>\n<p>El Comisario de Carabineros de Los Andes, Mayor Edgardo Egli, se\u00f1al\u00f3 que esta ocasi\u00f3n, adem\u00e1s de revisar las condiciones mec\u00e1nicas y de seguridad de los veh\u00edculos, se les inform\u00f3 a los conductores sobre la modificaci\u00f3n de la ley del tr\u00e1nsito y las nuevas exigencias que deben cumplir, partiendo porque el furg\u00f3n debe ser conducido por el propietario y que \u00e9ste cuente con la tarjeta de acreditaci\u00f3n donde se establece que no ha sido condenado por delitos sexuales en contra de menores.<\/p>\n<p>El comisario dijo tambi\u00e9n que se entregaron otras recomendaciones importantes a fin de garantizar la seguridad en el desplazamiento de los estudiantes. El Mayor Egli sostuvo que cuando un padre contrata un furg\u00f3n escolar debe verificar que cumple con la reglamentaci\u00f3n vigente, partiendo porque tengan cintur\u00f3n de seguridad en todos sus asientos, \u201cy en el caso que transporte alumnos de pre-b\u00e1sica debe contar con otro adulto que le coopere, adem\u00e1s de otras exigencias\u201d.<\/p>\n<p>Agreg\u00f3 que si el propietario no conduce su veh\u00edculo arriesga no s\u00f3lo una multa, sino tambi\u00e9n que \u00e9ste sea sacado de circulaci\u00f3n. El oficial destac\u00f3 que casi la totalidad de los furgones fiscalizados cumplen con la ley, garantizando as\u00ed un transporte seguro de los ni\u00f1os e hizo un llamado a los padres a que contraten estos servicios y no los de veh\u00edculos piratas.<\/p>\n<p>En tanto, Gladys Castro, Presidenta de la Asociaci\u00f3n de Transporte Escolar de Los Andes, se mostr\u00f3 conforme con la realizaci\u00f3n de estas revisiones, \u201cporque con eso le damos seguridad a los padres que nos conf\u00edan sus hijos y as\u00ed sepan que los veh\u00edculos cuentan con todos los papeles al d\u00eda\u201d.<\/p>\n<p>Plante\u00f3 que como asociaci\u00f3n exigen que los propietarios tengan todos sus documentos en regla y as\u00ed prestar un servicio de calidad y seguro.<\/p>\n<p>La dirigente coment\u00f3 que con el paso del tiempo algunos servicios se han ido sectorizando a fin de disminuir los tiempos de desplazamiento de los ni\u00f1os, lo que adem\u00e1s representa un ahorro de combustible. Castro advirti\u00f3 a los padres que deben verificar los antecedentes del veh\u00edculo antes de contratar el servicio, sobre por la presencia de veh\u00edculos piratas, \u201cya que los ni\u00f1os corren riesgos en cuanto a que los veh\u00edculos no cuentan con las condiciones de seguridad adecuadas y los choferes no posee la licencia debida\u201d.<\/p>\n<p>&nbsp;<\/p>\n","protected":false},"excerpt":{"rendered":"<p>LOS ANDES.&#8211; En el sector del Parque Urbano de Los Andes, se llev\u00f3 a cabo por parte de Carabineros la fiscalizaci\u00f3n a los furgones que realizan transporte escolar en la provincia de&#8230;<\/p>\n","protected":false},"author":482,"featured_media":44329,"comment_status":"open","ping_status":"closed","sticky":false,"template":"","format":"standard","meta":{"advanced_seo_description":"","jetpack_seo_html_title":"","jetpack_seo_noindex":false,"_jetpack_memberships_contains_paid_content":false,"footnotes":""},"categories":[1],"tags":[],"class_list":["post-44328","post","type-post","status-publish","format-standard","has-post-thumbnail","hentry","category-cronica"],"jetpack_featured_media_url":"https:\/\/i0.wp.com\/eltrabajo.cl\/portal\/wp-content\/uploads\/2014\/03\/Fiscalizacion1.jpg?fit=528%2C358&ssl=1","jetpack_sharing_enabled":true,"jetpack_likes_enabled":true,"jetpack-related-posts":[],"_links":{"self":[{"href":"https:\/\/eltrabajo.cl\/portal\/wp-json\/wp\/v2\/posts\/44328","targetHints":{"allow":["GET"]}}],"collection":[{"href":"https:\/\/eltrabajo.cl\/portal\/wp-json\/wp\/v2\/posts"}],"about":[{"href":"https:\/\/eltrabajo.cl\/portal\/wp-json\/wp\/v2\/types\/post"}],"author":[{"embeddable":true,"href":"https:\/\/eltrabajo.cl\/portal\/wp-json\/wp\/v2\/users\/482"}],"replies":[{"embeddable":true,"href":"https:\/\/eltrabajo.cl\/portal\/wp-json\/wp\/v2\/comments?post=44328"}],"version-history":[{"count":0,"href":"https:\/\/eltrabajo.cl\/portal\/wp-json\/wp\/v2\/posts\/44328\/revisions"}],"wp:featuredmedia":[{"embeddable":true,"href":"https:\/\/eltrabajo.cl\/portal\/wp-json\/wp\/v2\/media\/44329"}],"wp:attachment":[{"href":"https:\/\/eltrabajo.cl\/portal\/wp-json\/wp\/v2\/media?parent=44328"}],"wp:term":[{"taxonomy":"category","embeddable":true,"href":"https:\/\/eltrabajo.cl\/portal\/wp-json\/wp\/v2\/categories?post=44328"},{"taxonomy":"post_tag","embeddable":true,"href":"https:\/\/eltrabajo.cl\/portal\/wp-json\/wp\/v2\/tags?post=44328"}],"curies":[{"name":"wp","href":"https:\/\/api.w.org\/{rel}","templated":true}]}}