{"id":44331,"date":"2014-03-17T11:36:13","date_gmt":"2014-03-17T14:36:13","guid":{"rendered":"http:\/\/www.eltrabajo.cl\/portal\/?p=44331"},"modified":"2014-03-17T11:36:13","modified_gmt":"2014-03-17T14:36:13","slug":"profesionales-de-salud-y-municipales-se-capacitan-en-lenguaje-de-senas","status":"publish","type":"post","link":"https:\/\/eltrabajo.cl\/portal\/profesionales-de-salud-y-municipales-se-capacitan-en-lenguaje-de-senas\/","title":{"rendered":"Profesionales de Salud y Municipales se capacitan en lenguaje de se\u00f1as"},"content":{"rendered":"<figure id=\"attachment_44332\" aria-describedby=\"caption-attachment-44332\" style=\"width: 529px\" class=\"wp-caption alignnone\"><img data-recalc-dims=\"1\" loading=\"lazy\" decoding=\"async\" class=\"size-full wp-image-44332\" alt=\"Unos 16 profesionales tanto del \u00e1rea salud como municipal, participaron de un curso de lenguaje de se\u00f1as.\" src=\"https:\/\/i0.wp.com\/www.eltrabajo.cl\/portal\/wp-content\/uploads\/2014\/03\/SORDOS1.jpg?resize=529%2C401\" width=\"529\" height=\"401\" srcset=\"https:\/\/i0.wp.com\/eltrabajo.cl\/portal\/wp-content\/uploads\/2014\/03\/SORDOS1.jpg?w=529&amp;ssl=1 529w, https:\/\/i0.wp.com\/eltrabajo.cl\/portal\/wp-content\/uploads\/2014\/03\/SORDOS1.jpg?resize=197%2C150&amp;ssl=1 197w, https:\/\/i0.wp.com\/eltrabajo.cl\/portal\/wp-content\/uploads\/2014\/03\/SORDOS1.jpg?resize=300%2C227&amp;ssl=1 300w, https:\/\/i0.wp.com\/eltrabajo.cl\/portal\/wp-content\/uploads\/2014\/03\/SORDOS1.jpg?resize=150%2C113&amp;ssl=1 150w, https:\/\/i0.wp.com\/eltrabajo.cl\/portal\/wp-content\/uploads\/2014\/03\/SORDOS1.jpg?resize=400%2C303&amp;ssl=1 400w\" sizes=\"auto, (max-width: 529px) 100vw, 529px\" \/><\/a><figcaption id=\"caption-attachment-44332\" class=\"wp-caption-text\">Unos 16 profesionales tanto del \u00e1rea salud como municipal, participaron de un curso de lenguaje de se\u00f1as.<\/figcaption><\/figure>\n<p>Con el objetivo de disminuir la desigualdad que se produce por la discapacidad auditiva de algunas personas, 16 profesionales tanto del \u00e1rea salud como municipal, participaron de un curso de lenguaje de se\u00f1as, iniciativa llevada adelante por la Municipalidad de San Felipe y financiada por el Fondo de Fortalecimiento Chile Crece Contigo.<\/p>\n<p>Tomando en cuenta que en nuestro pa\u00eds existen m\u00e1s de 200.000 personas con discapacidad total y de ese porcentaje, un 10% presentan discapacidad auditiva, el Municipio de San Felipe vio la necesidad de realizar este curso, que permite a los profesionales atender de mejor manera a esta parte de la poblaci\u00f3n.<\/p>\n<p>\u201cEn este curso participaron 16 profesionales y con esta capacitaci\u00f3n se integra a las personas con capacidades diferentes y se atienden de la mejor manera, por eso agradecemos a los profesionales que participaron en este curso\u201d, dijo el Alcalde Patricio Freire.<\/p>\n<p>\u201cLa gente que asiste a los servicios p\u00fablicos y que tiene discapacidad auditiva normalmente se frustra porque normalmente no tiene una contraparte que se comunique con ellos, entonces a trav\u00e9s de este curso hemos logrado capacitar a 16 personas, que atienden mucho p\u00fablico y va a beneficiar en gran medida a la gente con discapacidad auditiva de la comuna de San Felipe\u201d, se\u00f1al\u00f3 Claudio Rom\u00e1n, Seremi de Desarrollo Social (S).<\/p>\n<p>Vesna Gonz\u00e1lez, psic\u00f3loga de la Omil, calific\u00f3 como muy importante participar en este curso, \u201cya que nosotros tenemos usuarios que son sordos y no ten\u00edan como comunicarse, porque no hab\u00edan funcionarios municipales que tuviesen la capacidad de comunicarse de manera fluida con ellos y poder atenderlos como ellos necesitaban, entonces lo que hicimos es capacitarnos y entregar lo que ellos necesitan, estamos todos contentos y esperando poder seguir aprendiendo en un segundo nivel para poder darles una atenci\u00f3n m\u00e1s digna para ellos tambi\u00e9n\u201d, dijo la profesional.<\/p>\n<p>&nbsp;<\/p>\n","protected":false},"excerpt":{"rendered":"<p>Con el objetivo de disminuir la desigualdad que se produce por la discapacidad auditiva de algunas personas, 16 profesionales tanto del \u00e1rea salud como municipal, participaron de un curso de lenguaje de&#8230;<\/p>\n","protected":false},"author":482,"featured_media":44332,"comment_status":"open","ping_status":"closed","sticky":false,"template":"","format":"standard","meta":{"advanced_seo_description":"","jetpack_seo_html_title":"","jetpack_seo_noindex":false,"_jetpack_memberships_contains_paid_content":false,"footnotes":""},"categories":[1],"tags":[],"class_list":["post-44331","post","type-post","status-publish","format-standard","has-post-thumbnail","hentry","category-cronica"],"jetpack_featured_media_url":"https:\/\/i0.wp.com\/eltrabajo.cl\/portal\/wp-content\/uploads\/2014\/03\/SORDOS1.jpg?fit=529%2C401&ssl=1","jetpack_sharing_enabled":true,"jetpack_likes_enabled":true,"jetpack-related-posts":[],"_links":{"self":[{"href":"https:\/\/eltrabajo.cl\/portal\/wp-json\/wp\/v2\/posts\/44331","targetHints":{"allow":["GET"]}}],"collection":[{"href":"https:\/\/eltrabajo.cl\/portal\/wp-json\/wp\/v2\/posts"}],"about":[{"href":"https:\/\/eltrabajo.cl\/portal\/wp-json\/wp\/v2\/types\/post"}],"author":[{"embeddable":true,"href":"https:\/\/eltrabajo.cl\/portal\/wp-json\/wp\/v2\/users\/482"}],"replies":[{"embeddable":true,"href":"https:\/\/eltrabajo.cl\/portal\/wp-json\/wp\/v2\/comments?post=44331"}],"version-history":[{"count":0,"href":"https:\/\/eltrabajo.cl\/portal\/wp-json\/wp\/v2\/posts\/44331\/revisions"}],"wp:featuredmedia":[{"embeddable":true,"href":"https:\/\/eltrabajo.cl\/portal\/wp-json\/wp\/v2\/media\/44332"}],"wp:attachment":[{"href":"https:\/\/eltrabajo.cl\/portal\/wp-json\/wp\/v2\/media?parent=44331"}],"wp:term":[{"taxonomy":"category","embeddable":true,"href":"https:\/\/eltrabajo.cl\/portal\/wp-json\/wp\/v2\/categories?post=44331"},{"taxonomy":"post_tag","embeddable":true,"href":"https:\/\/eltrabajo.cl\/portal\/wp-json\/wp\/v2\/tags?post=44331"}],"curies":[{"name":"wp","href":"https:\/\/api.w.org\/{rel}","templated":true}]}}