{"id":44335,"date":"2014-03-17T11:39:26","date_gmt":"2014-03-17T14:39:26","guid":{"rendered":"http:\/\/www.eltrabajo.cl\/portal\/?p=44335"},"modified":"2014-03-17T11:39:26","modified_gmt":"2014-03-17T14:39:26","slug":"vecinos-de-los-patos-quedan-sin-agua-potable-tras-accidente-hidraulico","status":"publish","type":"post","link":"https:\/\/eltrabajo.cl\/portal\/vecinos-de-los-patos-quedan-sin-agua-potable-tras-accidente-hidraulico\/","title":{"rendered":"Vecinos de Los Patos quedan sin agua potable tras accidente hidr\u00e1ulico"},"content":{"rendered":"<figure id=\"attachment_44336\" aria-describedby=\"caption-attachment-44336\" style=\"width: 529px\" class=\"wp-caption alignnone\"><img data-recalc-dims=\"1\" loading=\"lazy\" decoding=\"async\" class=\"size-full wp-image-44336\" alt=\"La autoridad de gobierno acompa\u00f1ada del alcalde Guillermo Reyes, el Director de Obras de la Municipalidad de Putaendo, Jorge Reyes, visitaron el sector Los Patos.\" src=\"https:\/\/i0.wp.com\/www.eltrabajo.cl\/portal\/wp-content\/uploads\/2014\/03\/Patos1.jpg?resize=529%2C358\" width=\"529\" height=\"358\" srcset=\"https:\/\/i0.wp.com\/eltrabajo.cl\/portal\/wp-content\/uploads\/2014\/03\/Patos1.jpg?w=529&amp;ssl=1 529w, https:\/\/i0.wp.com\/eltrabajo.cl\/portal\/wp-content\/uploads\/2014\/03\/Patos1.jpg?resize=200%2C135&amp;ssl=1 200w, https:\/\/i0.wp.com\/eltrabajo.cl\/portal\/wp-content\/uploads\/2014\/03\/Patos1.jpg?resize=300%2C203&amp;ssl=1 300w, https:\/\/i0.wp.com\/eltrabajo.cl\/portal\/wp-content\/uploads\/2014\/03\/Patos1.jpg?resize=150%2C101&amp;ssl=1 150w, https:\/\/i0.wp.com\/eltrabajo.cl\/portal\/wp-content\/uploads\/2014\/03\/Patos1.jpg?resize=400%2C270&amp;ssl=1 400w\" sizes=\"auto, (max-width: 529px) 100vw, 529px\" \/><\/a><figcaption id=\"caption-attachment-44336\" class=\"wp-caption-text\">La autoridad de gobierno acompa\u00f1ada del alcalde Guillermo Reyes, el Director de Obras de la Municipalidad de Putaendo, Jorge Reyes, visitaron el sector Los Patos.<\/figcaption><\/figure>\n<p><strong>PUTAENDO<\/strong>.- El Gobernador Eduardo Le\u00f3n Lazcano se constituy\u00f3 personalmente en el sector Los Patos, luego que tomara conocimiento que un hecho accidental que dejara sin agua potable a todos los vecinos de ese sector.<\/p>\n<p>La autoridad de gobierno acompa\u00f1ada del alcalde Guillermo Reyes, el Director de Obras de la Municipalidad de Putaendo, Jorge Reyes, visitaron el sector Los Patos la tarde de este s\u00e1bado y llegaron hasta el lugar donde el d\u00eda viernes una m\u00e1quina quebr\u00f3 un poste del tendido el\u00e9ctrico en forma accidental y una vez que personal de Chilquinta realizaba las excavaciones para reponer el poste, rompieron la matriz de agua potable, lo que dej\u00f3 sin el vital elemento a todo el sector.<\/p>\n<figure id=\"attachment_44337\" aria-describedby=\"caption-attachment-44337\" style=\"width: 423px\" class=\"wp-caption alignright\"><a href=\"https:\/\/i0.wp.com\/www.eltrabajo.cl\/portal\/wp-content\/uploads\/2014\/03\/Patos2.jpg\"><img data-recalc-dims=\"1\" loading=\"lazy\" decoding=\"async\" class=\" wp-image-44337 \" alt=\"Gracias a estas coordinaciones en horas de la tarde del s\u00e1bado, dos camiones comenzaron a repartir agua casa a casa.\" src=\"https:\/\/i0.wp.com\/www.eltrabajo.cl\/portal\/wp-content\/uploads\/2014\/03\/Patos2.jpg?resize=423%2C286\" width=\"423\" height=\"286\" srcset=\"https:\/\/i0.wp.com\/eltrabajo.cl\/portal\/wp-content\/uploads\/2014\/03\/Patos2.jpg?w=529&amp;ssl=1 529w, https:\/\/i0.wp.com\/eltrabajo.cl\/portal\/wp-content\/uploads\/2014\/03\/Patos2.jpg?resize=200%2C135&amp;ssl=1 200w, https:\/\/i0.wp.com\/eltrabajo.cl\/portal\/wp-content\/uploads\/2014\/03\/Patos2.jpg?resize=300%2C203&amp;ssl=1 300w, https:\/\/i0.wp.com\/eltrabajo.cl\/portal\/wp-content\/uploads\/2014\/03\/Patos2.jpg?resize=150%2C101&amp;ssl=1 150w, https:\/\/i0.wp.com\/eltrabajo.cl\/portal\/wp-content\/uploads\/2014\/03\/Patos2.jpg?resize=400%2C270&amp;ssl=1 400w\" sizes=\"auto, (max-width: 423px) 100vw, 423px\" \/><\/a><figcaption id=\"caption-attachment-44337\" class=\"wp-caption-text\">Gracias a estas coordinaciones en horas de la tarde del s\u00e1bado, dos camiones comenzaron a repartir agua casa a casa.<\/figcaption><\/figure>\n<p>En este sentido, el alcalde Guillermo Reyes indic\u00f3 que apenas se registr\u00f3 el hecho el director de obras se constituy\u00f3 en el lugar y que tambi\u00e9n se inform\u00f3 a la gobernaci\u00f3n por tratarse de un hecho que involucra a una empresa particular, adem\u00e1s destac\u00f3 la preocupaci\u00f3n del Gobernador Eduardo Le\u00f3n que solicit\u00f3 informaci\u00f3n y no dud\u00f3 en constituirse en el lugar.<\/p>\n<p>El Gobernador Le\u00f3n dijo que una vez que fue informado en detalle de la situaci\u00f3n coordin\u00f3 en forma inmediata los cursos de acci\u00f3n con la municipalidad y que si bien es cierto se trat\u00f3 de un accidente, se comunic\u00f3 en forma inmediata con la gerencia de Chilquinta y logr\u00f3 que la empresa se haga responsable de los da\u00f1os y de los costos que demandar\u00e1 la reparaci\u00f3n y del pago de los camiones aljibe que deber\u00e1n repartir agua en el sector hasta que se solucione el inconveniente.<\/p>\n<p>La autoridad provincial de gobierno indic\u00f3 adem\u00e1s que podr\u00eda haber coordinado por tel\u00e9fono desde su oficina los cursos de acci\u00f3n con el alcalde de Putaendo, pero que es su obligaci\u00f3n estar en el lugar con los vecinos y que en este caso adem\u00e1s le permiti\u00f3 conocer de primera fuente los detalles de como ocurrieron los hechos y conocer la versi\u00f3n del presidente del APR de Los Patos y se\u00f1al\u00f3 que se constituir\u00e1 las veces que sean necesarias en cualquier sector de la provincia sin importar el d\u00eda ni la hora cuando se trate de una emergencia que afecte a los vecinos.<\/p>\n<p>Gracias a estas coordinaciones en horas de la tarde del s\u00e1bado, dos camiones comenzaron a repartir agua casa a casa, lo que tambi\u00e9n continuar\u00e1 el d\u00eda domingo hasta que comience la reparaci\u00f3n de la matriz da\u00f1ada, lo que podr\u00eda darse a primera hora del lunes.<\/p>\n<p>Patricio Gallardo M.<\/p>\n<p>&nbsp;<\/p>\n","protected":false},"excerpt":{"rendered":"<p>PUTAENDO.- El Gobernador Eduardo Le\u00f3n Lazcano se constituy\u00f3 personalmente en el sector Los Patos, luego que tomara conocimiento que un hecho accidental que dejara sin agua potable a todos los vecinos de&#8230;<\/p>\n","protected":false},"author":482,"featured_media":44336,"comment_status":"open","ping_status":"closed","sticky":false,"template":"","format":"standard","meta":{"advanced_seo_description":"","jetpack_seo_html_title":"","jetpack_seo_noindex":false,"_jetpack_memberships_contains_paid_content":false,"footnotes":""},"categories":[1],"tags":[],"class_list":["post-44335","post","type-post","status-publish","format-standard","has-post-thumbnail","hentry","category-cronica"],"jetpack_featured_media_url":"https:\/\/i0.wp.com\/eltrabajo.cl\/portal\/wp-content\/uploads\/2014\/03\/Patos1.jpg?fit=529%2C358&ssl=1","jetpack_sharing_enabled":true,"jetpack_likes_enabled":true,"jetpack-related-posts":[],"_links":{"self":[{"href":"https:\/\/eltrabajo.cl\/portal\/wp-json\/wp\/v2\/posts\/44335","targetHints":{"allow":["GET"]}}],"collection":[{"href":"https:\/\/eltrabajo.cl\/portal\/wp-json\/wp\/v2\/posts"}],"about":[{"href":"https:\/\/eltrabajo.cl\/portal\/wp-json\/wp\/v2\/types\/post"}],"author":[{"embeddable":true,"href":"https:\/\/eltrabajo.cl\/portal\/wp-json\/wp\/v2\/users\/482"}],"replies":[{"embeddable":true,"href":"https:\/\/eltrabajo.cl\/portal\/wp-json\/wp\/v2\/comments?post=44335"}],"version-history":[{"count":0,"href":"https:\/\/eltrabajo.cl\/portal\/wp-json\/wp\/v2\/posts\/44335\/revisions"}],"wp:featuredmedia":[{"embeddable":true,"href":"https:\/\/eltrabajo.cl\/portal\/wp-json\/wp\/v2\/media\/44336"}],"wp:attachment":[{"href":"https:\/\/eltrabajo.cl\/portal\/wp-json\/wp\/v2\/media?parent=44335"}],"wp:term":[{"taxonomy":"category","embeddable":true,"href":"https:\/\/eltrabajo.cl\/portal\/wp-json\/wp\/v2\/categories?post=44335"},{"taxonomy":"post_tag","embeddable":true,"href":"https:\/\/eltrabajo.cl\/portal\/wp-json\/wp\/v2\/tags?post=44335"}],"curies":[{"name":"wp","href":"https:\/\/api.w.org\/{rel}","templated":true}]}}