{"id":44343,"date":"2014-03-17T11:43:25","date_gmt":"2014-03-17T14:43:25","guid":{"rendered":"http:\/\/www.eltrabajo.cl\/portal\/?p=44343"},"modified":"2014-03-17T11:43:25","modified_gmt":"2014-03-17T14:43:25","slug":"atropellan-a-adulto-mayor-de-84-anos-en-sector-punta-del-olivo","status":"publish","type":"post","link":"https:\/\/eltrabajo.cl\/portal\/atropellan-a-adulto-mayor-de-84-anos-en-sector-punta-del-olivo\/","title":{"rendered":"Atropellan a adulto mayor de 84 a\u00f1os en sector Punta del Olivo"},"content":{"rendered":"<figure id=\"attachment_44344\" aria-describedby=\"caption-attachment-44344\" style=\"width: 529px\" class=\"wp-caption alignnone\"><a href=\"https:\/\/i0.wp.com\/www.eltrabajo.cl\/portal\/wp-content\/uploads\/2014\/03\/Atropello1.jpg\"><img data-recalc-dims=\"1\" loading=\"lazy\" decoding=\"async\" class=\"size-full wp-image-44344\" alt=\"Carabineros confirm\u00f3 que el conductor guiaba el veh\u00edculo en normales condiciones y con su documentaci\u00f3n y licencia de conducir en regla.\" src=\"https:\/\/i0.wp.com\/www.eltrabajo.cl\/portal\/wp-content\/uploads\/2014\/03\/Atropello1.jpg?resize=529%2C358\" width=\"529\" height=\"358\" srcset=\"https:\/\/i0.wp.com\/eltrabajo.cl\/portal\/wp-content\/uploads\/2014\/03\/Atropello1.jpg?w=529&amp;ssl=1 529w, https:\/\/i0.wp.com\/eltrabajo.cl\/portal\/wp-content\/uploads\/2014\/03\/Atropello1.jpg?resize=200%2C135&amp;ssl=1 200w, https:\/\/i0.wp.com\/eltrabajo.cl\/portal\/wp-content\/uploads\/2014\/03\/Atropello1.jpg?resize=300%2C203&amp;ssl=1 300w, https:\/\/i0.wp.com\/eltrabajo.cl\/portal\/wp-content\/uploads\/2014\/03\/Atropello1.jpg?resize=150%2C101&amp;ssl=1 150w, https:\/\/i0.wp.com\/eltrabajo.cl\/portal\/wp-content\/uploads\/2014\/03\/Atropello1.jpg?resize=400%2C270&amp;ssl=1 400w\" sizes=\"auto, (max-width: 529px) 100vw, 529px\" \/><\/a><figcaption id=\"caption-attachment-44344\" class=\"wp-caption-text\">Carabineros confirm\u00f3 que el conductor guiaba el veh\u00edculo en normales condiciones y con su documentaci\u00f3n y licencia de conducir en regla.<\/figcaption><\/figure>\n<p><strong>PUTAENDO.<\/strong>&#8211; Un adulto mayor de 84 a\u00f1os, identificado como Celindo Allende Contreras, fue atropellado por un veh\u00edculo particular la tarde del viernes en una de las curvas existentes en el sector Punta del Olivo.<\/p>\n<p>El accidente se registr\u00f3 a eso de las 19:20 horas y seg\u00fan lo informado por Carabineros, el adulto mayor habr\u00eda cruzado la calzada en forma sorpresiva justo en la curva que existe al llegar al sector El Algarrobal.<\/p>\n<p>Cuando el adulto mayor cruz\u00f3 la carretera fue impactado por un veh\u00edculo que se dirig\u00eda a Putaendo, el cual era conducido por Francisco Fuenzalida Fuentes, quien nada pudo hacer para evitar el atropello del adulto mayor que golpe\u00f3 fuertemente su cabeza con el parabrisas del autom\u00f3vil. Personal del Samu se traslad\u00f3 hasta el lugar y atendi\u00f3 al herido, al igual que personal de Carabineros de San Felipe, lo que origin\u00f3 una congesti\u00f3n vehicular de grandes proporciones en ambos sentidos de la carretera. De manera extraoficial y hasta el cierre de esta nota, se supo que el adulto mayor permanece internado en el Hospital San Camilo de San Felipe con un traumatismo enc\u00e9falo-craneano en observaci\u00f3n.<\/p>\n<p>El conductor del veh\u00edculo, quien estaba a bordo del furg\u00f3n de Carabineros estaba visiblemente afectado a tal punto de no poder contener las l\u00e1grimas, se\u00f1al\u00f3 que nunca imagin\u00f3 que el adulto mayor iba a cruzar la calle y que no ven\u00eda a exceso de velocidad, porque alcanz\u00f3 a frenar su veh\u00edculo, adem\u00e1s se\u00f1al\u00f3 que lo que m\u00e1s le preocupa es la salud del adulto mayor, pues asegur\u00f3 que para \u00e9l fue muy fuerte verlo tendido en el suelo.<\/p>\n<p>Carabineros confirm\u00f3 que el conductor guiaba el veh\u00edculo en normales condiciones y con su documentaci\u00f3n y licencia de conducir en regla y que los antecedentes de este accidente fueron enviados al tribunal correspondiente que deber\u00e1 determinar con exactitud como ocurrieron los hechos.<\/p>\n<p>Patricio Gallardo M.<\/p>\n<p>&nbsp;<\/p>\n","protected":false},"excerpt":{"rendered":"<p>PUTAENDO.&#8211; Un adulto mayor de 84 a\u00f1os, identificado como Celindo Allende Contreras, fue atropellado por un veh\u00edculo particular la tarde del viernes en una de las curvas existentes en el sector Punta&#8230;<\/p>\n","protected":false},"author":482,"featured_media":44344,"comment_status":"open","ping_status":"closed","sticky":false,"template":"","format":"standard","meta":{"advanced_seo_description":"","jetpack_seo_html_title":"","jetpack_seo_noindex":false,"_jetpack_memberships_contains_paid_content":false,"footnotes":""},"categories":[21],"tags":[],"class_list":["post-44343","post","type-post","status-publish","format-standard","has-post-thumbnail","hentry","category-policial"],"jetpack_featured_media_url":"https:\/\/i0.wp.com\/eltrabajo.cl\/portal\/wp-content\/uploads\/2014\/03\/Atropello1.jpg?fit=529%2C358&ssl=1","jetpack_sharing_enabled":true,"jetpack_likes_enabled":true,"jetpack-related-posts":[],"_links":{"self":[{"href":"https:\/\/eltrabajo.cl\/portal\/wp-json\/wp\/v2\/posts\/44343","targetHints":{"allow":["GET"]}}],"collection":[{"href":"https:\/\/eltrabajo.cl\/portal\/wp-json\/wp\/v2\/posts"}],"about":[{"href":"https:\/\/eltrabajo.cl\/portal\/wp-json\/wp\/v2\/types\/post"}],"author":[{"embeddable":true,"href":"https:\/\/eltrabajo.cl\/portal\/wp-json\/wp\/v2\/users\/482"}],"replies":[{"embeddable":true,"href":"https:\/\/eltrabajo.cl\/portal\/wp-json\/wp\/v2\/comments?post=44343"}],"version-history":[{"count":0,"href":"https:\/\/eltrabajo.cl\/portal\/wp-json\/wp\/v2\/posts\/44343\/revisions"}],"wp:featuredmedia":[{"embeddable":true,"href":"https:\/\/eltrabajo.cl\/portal\/wp-json\/wp\/v2\/media\/44344"}],"wp:attachment":[{"href":"https:\/\/eltrabajo.cl\/portal\/wp-json\/wp\/v2\/media?parent=44343"}],"wp:term":[{"taxonomy":"category","embeddable":true,"href":"https:\/\/eltrabajo.cl\/portal\/wp-json\/wp\/v2\/categories?post=44343"},{"taxonomy":"post_tag","embeddable":true,"href":"https:\/\/eltrabajo.cl\/portal\/wp-json\/wp\/v2\/tags?post=44343"}],"curies":[{"name":"wp","href":"https:\/\/api.w.org\/{rel}","templated":true}]}}