{"id":44357,"date":"2014-03-18T10:00:07","date_gmt":"2014-03-18T13:00:07","guid":{"rendered":"http:\/\/www.eltrabajo.cl\/portal\/?p=44357"},"modified":"2014-03-18T10:00:07","modified_gmt":"2014-03-18T13:00:07","slug":"core-reyes-hoy-no-tenemos-proyectos-para-buscarle-financiamiento","status":"publish","type":"post","link":"https:\/\/eltrabajo.cl\/portal\/core-reyes-hoy-no-tenemos-proyectos-para-buscarle-financiamiento\/","title":{"rendered":"Core Reyes: \u201cHoy no tenemos proyectos para buscarle financiamiento\u201d"},"content":{"rendered":"<figure id=\"attachment_44358\" aria-describedby=\"caption-attachment-44358\" style=\"width: 317px\" class=\"wp-caption alignleft\"><a href=\"https:\/\/i0.wp.com\/www.eltrabajo.cl\/portal\/wp-content\/uploads\/2014\/03\/Ivan-Reyes.jpg\"><img data-recalc-dims=\"1\" loading=\"lazy\" decoding=\"async\" class=\" wp-image-44358 \" alt=\"Iv\u00e1n reyes, Core de la provincia.\" src=\"https:\/\/i0.wp.com\/www.eltrabajo.cl\/portal\/wp-content\/uploads\/2014\/03\/Ivan-Reyes.jpg?resize=317%2C240\" width=\"317\" height=\"240\" srcset=\"https:\/\/i0.wp.com\/eltrabajo.cl\/portal\/wp-content\/uploads\/2014\/03\/Ivan-Reyes.jpg?w=528&amp;ssl=1 528w, https:\/\/i0.wp.com\/eltrabajo.cl\/portal\/wp-content\/uploads\/2014\/03\/Ivan-Reyes.jpg?resize=198%2C150&amp;ssl=1 198w, https:\/\/i0.wp.com\/eltrabajo.cl\/portal\/wp-content\/uploads\/2014\/03\/Ivan-Reyes.jpg?resize=300%2C227&amp;ssl=1 300w, https:\/\/i0.wp.com\/eltrabajo.cl\/portal\/wp-content\/uploads\/2014\/03\/Ivan-Reyes.jpg?resize=150%2C113&amp;ssl=1 150w, https:\/\/i0.wp.com\/eltrabajo.cl\/portal\/wp-content\/uploads\/2014\/03\/Ivan-Reyes.jpg?resize=400%2C303&amp;ssl=1 400w\" sizes=\"auto, (max-width: 317px) 100vw, 317px\" \/><\/a><figcaption id=\"caption-attachment-44358\" class=\"wp-caption-text\">Iv\u00e1n reyes, Core de la provincia.<\/figcaption><\/figure>\n<p>Preocupado se encuentra el Consejero Regional Iv\u00e1n Reyes, quien asegura que la zona presenta muy pocos proyectos para financiar a trav\u00e9s del Fondo Nacional de Desarrollo Regional (FNDR). \u00abSi en el d\u00eda de hoy el Gobierno Regional abriera una cartera para financiar proyectos FNDR, no tendr\u00edamos proyectos para buscarle financiamiento. Existen proyectos que les falta informaci\u00f3n, hay otros que buscan financiamiento para dise\u00f1o y tambi\u00e9n tienen carencia de algunas etapas. Yo le ped\u00ed informaci\u00f3n al asesor t\u00e9cnico de la comisi\u00f3n de inversiones y la verdad es que a muy buenos proyectos les falta informaci\u00f3n y por lo tanto no podr\u00edamos defenderlos en el Gobierno Regional\u00bb, asegur\u00f3 Iv\u00e1n Reyes.<\/p>\n<p>El Core se\u00f1al\u00f3 que \u00abs\u00f3lo las comunas de Llay Llay, Putaendo y Santa Mar\u00eda, tienen proyectos t\u00e9cnicamente aprobados y a los que se les podr\u00eda buscar financiamiento. Por lo tanto le quiero hacer un llamado de atenci\u00f3n al alcalde de San Felipe; al alcalde de Panquehue y al alcalde de Catemu, porque ellos no tienen proyectos para aprobaci\u00f3n en estos momentos\u00bb.<\/p>\n<p>Finalmente Reyes no titube\u00f3 en repetir que \u201cno tenemos nada para aprobar en estos d\u00edas, as\u00ed es que las Secpla de las distintas municipalidades van a tener que ponerse las pilas. En San Felipe por ejemplo, el a\u00f1o 2013 hubo cerca de 900 millones de pesos de inversi\u00f3n de proyectos propios de esta administraci\u00f3n, los que sumados a los proyectos de la administraci\u00f3n anterior sumaron en total poco m\u00e1s de $1.400 millones y si uno compara con el a\u00f1o 2012 en la administraci\u00f3n anterior, tuvimos sobre 4.000 millones de pesos de inversi\u00f3n\u201d.<\/p>\n<p>Para el concejal sanfelipe\u00f1o Rodolfo Silva, esto es preocupante, \u201cpues estamos contra el tiempo y hay una cantidad apremiante de necesidades entre la comunidad que necesita de muchos proyectos sociales. As\u00ed es que cabe hacer el llamado al Alcalde Freire para que apure a sus equipos de dise\u00f1o de proyectos. Una cosa es que haya proyectos modificables y otra cosa a\u00fan m\u00e1s preocupante es que ni siquiera existan proyectos en carpeta. Algo sucede que no est\u00e1n proyectados asuntos como el dise\u00f1o del nuevo Cesfam de Curim\u00f3n\u201d.<\/p>\n<p><strong>RESPUESTA\u00a0MUNICIPAL<\/strong><\/p>\n<p>Claudio Paredes, Director de la Secpla, se\u00f1al\u00f3 a Diario El Trabajo que \u201cel 7 de enero se aprob\u00f3 el estudio b\u00e1sico del Plan de Desarrollo Comunal, que es el Pladeco. Es el \u00fanico proyecto que nos qued\u00f3 sin aprobaci\u00f3n desde el a\u00f1o pasado. Y no olvide usted que el a\u00f1o 2012 se nos aprobaron todos los proyectos que presentamos con el alcalde Freire. De todos modos el FNDR es una l\u00ednea importante de inversi\u00f3n, pero no es la \u00fanica. Existen lo que llamamos inversi\u00f3n sectorial como el MOP o el Minvu y mediante esas v\u00edas conseguimos $3.794 millones de inversi\u00f3n en proyectos\u201d.<\/p>\n<p>&nbsp;<\/p>\n","protected":false},"excerpt":{"rendered":"<p>Preocupado se encuentra el Consejero Regional Iv\u00e1n Reyes, quien asegura que la zona presenta muy pocos proyectos para financiar a trav\u00e9s del Fondo Nacional de Desarrollo Regional (FNDR). \u00abSi en el d\u00eda&#8230;<\/p>\n","protected":false},"author":482,"featured_media":44358,"comment_status":"open","ping_status":"closed","sticky":false,"template":"","format":"standard","meta":{"advanced_seo_description":"","jetpack_seo_html_title":"","jetpack_seo_noindex":false,"_jetpack_memberships_contains_paid_content":false,"footnotes":""},"categories":[15],"tags":[],"class_list":["post-44357","post","type-post","status-publish","format-standard","has-post-thumbnail","hentry","category-comunidad"],"jetpack_featured_media_url":"https:\/\/i0.wp.com\/eltrabajo.cl\/portal\/wp-content\/uploads\/2014\/03\/Ivan-Reyes.jpg?fit=528%2C400&ssl=1","jetpack_sharing_enabled":true,"jetpack_likes_enabled":true,"jetpack-related-posts":[],"_links":{"self":[{"href":"https:\/\/eltrabajo.cl\/portal\/wp-json\/wp\/v2\/posts\/44357","targetHints":{"allow":["GET"]}}],"collection":[{"href":"https:\/\/eltrabajo.cl\/portal\/wp-json\/wp\/v2\/posts"}],"about":[{"href":"https:\/\/eltrabajo.cl\/portal\/wp-json\/wp\/v2\/types\/post"}],"author":[{"embeddable":true,"href":"https:\/\/eltrabajo.cl\/portal\/wp-json\/wp\/v2\/users\/482"}],"replies":[{"embeddable":true,"href":"https:\/\/eltrabajo.cl\/portal\/wp-json\/wp\/v2\/comments?post=44357"}],"version-history":[{"count":0,"href":"https:\/\/eltrabajo.cl\/portal\/wp-json\/wp\/v2\/posts\/44357\/revisions"}],"wp:featuredmedia":[{"embeddable":true,"href":"https:\/\/eltrabajo.cl\/portal\/wp-json\/wp\/v2\/media\/44358"}],"wp:attachment":[{"href":"https:\/\/eltrabajo.cl\/portal\/wp-json\/wp\/v2\/media?parent=44357"}],"wp:term":[{"taxonomy":"category","embeddable":true,"href":"https:\/\/eltrabajo.cl\/portal\/wp-json\/wp\/v2\/categories?post=44357"},{"taxonomy":"post_tag","embeddable":true,"href":"https:\/\/eltrabajo.cl\/portal\/wp-json\/wp\/v2\/tags?post=44357"}],"curies":[{"name":"wp","href":"https:\/\/api.w.org\/{rel}","templated":true}]}}