{"id":44360,"date":"2014-03-18T10:02:28","date_gmt":"2014-03-18T13:02:28","guid":{"rendered":"http:\/\/www.eltrabajo.cl\/portal\/?p=44360"},"modified":"2014-03-18T10:02:51","modified_gmt":"2014-03-18T13:02:51","slug":"implementan-proyecto-piloto-de-aprendizaje-de-matematicas-para-kinder","status":"publish","type":"post","link":"https:\/\/eltrabajo.cl\/portal\/implementan-proyecto-piloto-de-aprendizaje-de-matematicas-para-kinder\/","title":{"rendered":"Implementan proyecto piloto de aprendizaje de matem\u00e1ticas para Kinder"},"content":{"rendered":"<figure id=\"attachment_44361\" aria-describedby=\"caption-attachment-44361\" style=\"width: 529px\" class=\"wp-caption alignnone\"><img data-recalc-dims=\"1\" loading=\"lazy\" decoding=\"async\" class=\"size-full wp-image-44361\" alt=\"La Educadora indic\u00f3 que la Escuela Espa\u00f1a es el \u00fanico establecimiento educacional  de la provincia donde se desarrolla este proyecto.\" src=\"https:\/\/i0.wp.com\/www.eltrabajo.cl\/portal\/wp-content\/uploads\/2014\/03\/Kinder1.jpg?resize=529%2C358\" width=\"529\" height=\"358\" srcset=\"https:\/\/i0.wp.com\/eltrabajo.cl\/portal\/wp-content\/uploads\/2014\/03\/Kinder1.jpg?w=529&amp;ssl=1 529w, https:\/\/i0.wp.com\/eltrabajo.cl\/portal\/wp-content\/uploads\/2014\/03\/Kinder1.jpg?resize=200%2C135&amp;ssl=1 200w, https:\/\/i0.wp.com\/eltrabajo.cl\/portal\/wp-content\/uploads\/2014\/03\/Kinder1.jpg?resize=300%2C203&amp;ssl=1 300w, https:\/\/i0.wp.com\/eltrabajo.cl\/portal\/wp-content\/uploads\/2014\/03\/Kinder1.jpg?resize=150%2C101&amp;ssl=1 150w, https:\/\/i0.wp.com\/eltrabajo.cl\/portal\/wp-content\/uploads\/2014\/03\/Kinder1.jpg?resize=400%2C270&amp;ssl=1 400w\" sizes=\"auto, (max-width: 529px) 100vw, 529px\" \/><\/a><figcaption id=\"caption-attachment-44361\" class=\"wp-caption-text\">La Educadora indic\u00f3 que la Escuela Espa\u00f1a es el \u00fanico establecimiento educacional<br \/>de la provincia donde se desarrolla este proyecto.<\/figcaption><\/figure>\n<p><strong>LOS ANDES.<\/strong>&#8211; De manera exitosa contin\u00faa desarroll\u00e1ndose un proyecto piloto en la Escuela Espa\u00f1a de Los Andes, destinado a mejorar el aprendizaje de las matem\u00e1ticas en los ni\u00f1os de Kinder. La Educadora de p\u00e1rvulos, Maritza Campos, indic\u00f3 que la Escuela Espa\u00f1a es el \u00fanico establecimiento educacional de la provincia donde se desarrolla este proyecto y para ello cuatro educadoras debieron capacitarse en la ciudad de Vi\u00f1a del Mar.<\/p>\n<p>La profesional explic\u00f3 que este proyecto consiste en utilizar Tablet para ense\u00f1ar la relaciones logo matem\u00e1ticas a trav\u00e9s de juegos did\u00e1cticos en ni\u00f1os de kinder y prekinder, dependiendo del grado de dificultad. \u201cEs un muy buen proyecto ya que los ni\u00f1os le prestan mucha atenci\u00f3n y sienten entusiasmo por usar el Tablet donde aprenden\u201d, coment\u00f3 la parvularia.<\/p>\n<p>Subray\u00f3 que en primera instancia los ni\u00f1os se comienzan a familiarizar con el uso de estos equipos y luego se incorporan los juegos did\u00e1cticos. A este proyecto pueden acceder todos los alumnos de preb\u00e1sica, aproximadamente unos 150 alumnos. \u201cEn un principio les cuesta un poco porque no tienen mucha motricidad, pero ya con el uso se transforman en unos expertos\u201d, declar\u00f3 la parvularia.<\/p>\n<p>&nbsp;<\/p>\n","protected":false},"excerpt":{"rendered":"<p>LOS ANDES.&#8211; De manera exitosa contin\u00faa desarroll\u00e1ndose un proyecto piloto en la Escuela Espa\u00f1a de Los Andes, destinado a mejorar el aprendizaje de las matem\u00e1ticas en los ni\u00f1os de Kinder. La Educadora&#8230;<\/p>\n","protected":false},"author":482,"featured_media":44361,"comment_status":"open","ping_status":"closed","sticky":false,"template":"","format":"standard","meta":{"advanced_seo_description":"","jetpack_seo_html_title":"","jetpack_seo_noindex":false,"_jetpack_memberships_contains_paid_content":false,"footnotes":""},"categories":[15],"tags":[],"class_list":["post-44360","post","type-post","status-publish","format-standard","has-post-thumbnail","hentry","category-comunidad"],"jetpack_featured_media_url":"https:\/\/i0.wp.com\/eltrabajo.cl\/portal\/wp-content\/uploads\/2014\/03\/Kinder1.jpg?fit=529%2C358&ssl=1","jetpack_sharing_enabled":true,"jetpack_likes_enabled":true,"jetpack-related-posts":[],"_links":{"self":[{"href":"https:\/\/eltrabajo.cl\/portal\/wp-json\/wp\/v2\/posts\/44360","targetHints":{"allow":["GET"]}}],"collection":[{"href":"https:\/\/eltrabajo.cl\/portal\/wp-json\/wp\/v2\/posts"}],"about":[{"href":"https:\/\/eltrabajo.cl\/portal\/wp-json\/wp\/v2\/types\/post"}],"author":[{"embeddable":true,"href":"https:\/\/eltrabajo.cl\/portal\/wp-json\/wp\/v2\/users\/482"}],"replies":[{"embeddable":true,"href":"https:\/\/eltrabajo.cl\/portal\/wp-json\/wp\/v2\/comments?post=44360"}],"version-history":[{"count":0,"href":"https:\/\/eltrabajo.cl\/portal\/wp-json\/wp\/v2\/posts\/44360\/revisions"}],"wp:featuredmedia":[{"embeddable":true,"href":"https:\/\/eltrabajo.cl\/portal\/wp-json\/wp\/v2\/media\/44361"}],"wp:attachment":[{"href":"https:\/\/eltrabajo.cl\/portal\/wp-json\/wp\/v2\/media?parent=44360"}],"wp:term":[{"taxonomy":"category","embeddable":true,"href":"https:\/\/eltrabajo.cl\/portal\/wp-json\/wp\/v2\/categories?post=44360"},{"taxonomy":"post_tag","embeddable":true,"href":"https:\/\/eltrabajo.cl\/portal\/wp-json\/wp\/v2\/tags?post=44360"}],"curies":[{"name":"wp","href":"https:\/\/api.w.org\/{rel}","templated":true}]}}