{"id":44364,"date":"2014-03-18T10:03:46","date_gmt":"2014-03-18T13:03:46","guid":{"rendered":"http:\/\/www.eltrabajo.cl\/portal\/?p=44364"},"modified":"2014-03-18T10:03:46","modified_gmt":"2014-03-18T13:03:46","slug":"chilenos-y-argentinos-celebran-los-110-anos-del-cristo-redentor","status":"publish","type":"post","link":"https:\/\/eltrabajo.cl\/portal\/chilenos-y-argentinos-celebran-los-110-anos-del-cristo-redentor\/","title":{"rendered":"Chilenos y argentinos celebran los 110 a\u00f1os del Cristo Redentor"},"content":{"rendered":"<figure id=\"attachment_44365\" aria-describedby=\"caption-attachment-44365\" style=\"width: 529px\" class=\"wp-caption alignnone\"><a href=\"https:\/\/i0.wp.com\/www.eltrabajo.cl\/portal\/wp-content\/uploads\/2014\/03\/Redentor1.jpg\"><img data-recalc-dims=\"1\" loading=\"lazy\" decoding=\"async\" class=\"size-full wp-image-44365\" alt=\"Esta ceremonia grafica este prop\u00f3sito de unidad y fraternidad entre estos dos pueblos hermanos que lucharon juntos por la independencia.\" src=\"https:\/\/i0.wp.com\/www.eltrabajo.cl\/portal\/wp-content\/uploads\/2014\/03\/Redentor1.jpg?resize=529%2C370\" width=\"529\" height=\"370\" srcset=\"https:\/\/i0.wp.com\/eltrabajo.cl\/portal\/wp-content\/uploads\/2014\/03\/Redentor1.jpg?w=529&amp;ssl=1 529w, https:\/\/i0.wp.com\/eltrabajo.cl\/portal\/wp-content\/uploads\/2014\/03\/Redentor1.jpg?resize=200%2C139&amp;ssl=1 200w, https:\/\/i0.wp.com\/eltrabajo.cl\/portal\/wp-content\/uploads\/2014\/03\/Redentor1.jpg?resize=300%2C209&amp;ssl=1 300w, https:\/\/i0.wp.com\/eltrabajo.cl\/portal\/wp-content\/uploads\/2014\/03\/Redentor1.jpg?resize=150%2C104&amp;ssl=1 150w, https:\/\/i0.wp.com\/eltrabajo.cl\/portal\/wp-content\/uploads\/2014\/03\/Redentor1.jpg?resize=400%2C279&amp;ssl=1 400w\" sizes=\"auto, (max-width: 529px) 100vw, 529px\" \/><\/a><figcaption id=\"caption-attachment-44365\" class=\"wp-caption-text\">Esta ceremonia grafica este prop\u00f3sito de unidad y fraternidad entre estos dos pueblos hermanos que lucharon juntos por la independencia.<\/figcaption><\/figure>\n<p><strong>LOS ANDES.<\/strong>&#8211; Con la presencia del Intendente de Las Heras, Pedro Rub\u00e9n Miranda, la Gobernadora Mar\u00eda Victoria Rodr\u00edguez y el Alcalde de Los Andes, Mauricio Navarro, se llev\u00f3 a cabo la ceremonia de conmemoraci\u00f3n de los 110 del monumento al Cristo Redentor. Emplazado a 4.000 metros de altura, el monumento representa la paz entre dos pueblos hermanos que lucharon unidos para obtener la independencia.<\/p>\n<p>En la ocasi\u00f3n, el Intente Miranda destac\u00f3 la importancia de consolidar y estrechar lazos entre ambos pueblos y particularmente entre ciudades hermanas como Los Andes y Mendoza. A su vez reiter\u00f3 el compromiso de seguir trabajando mancomunadamente en temas de integraci\u00f3n binacional.<\/p>\n<p>Por su parte, el Alcalde Mauricio Navarro destac\u00f3 que esta conmemoraci\u00f3n se fortalecida por el convenio firmado entre los municipios de Los Andes y Las Heras, que permitir\u00e1 compartir experiencias de todo orden.<\/p>\n<p>\u201cEsta ceremonia grafica este prop\u00f3sito de unidad y fraternidad entre estos dos pueblos hermanos que lucharon juntos por la independencia\u201d, expres\u00f3.<\/p>\n<p>A su vez, la Gobernadora Mar\u00eda Victoria Rodr\u00edguez dijo sentirse muy emocionada por el simbolismo que representa la hermandad entre estos dos pueblos y reafirmar el compromiso de seguir construyendo los caminos de paz.<\/p>\n<p>&nbsp;<\/p>\n","protected":false},"excerpt":{"rendered":"<p>LOS ANDES.&#8211; Con la presencia del Intendente de Las Heras, Pedro Rub\u00e9n Miranda, la Gobernadora Mar\u00eda Victoria Rodr\u00edguez y el Alcalde de Los Andes, Mauricio Navarro, se llev\u00f3 a cabo la ceremonia&#8230;<\/p>\n","protected":false},"author":482,"featured_media":44365,"comment_status":"open","ping_status":"closed","sticky":false,"template":"","format":"standard","meta":{"advanced_seo_description":"","jetpack_seo_html_title":"","jetpack_seo_noindex":false,"_jetpack_memberships_contains_paid_content":false,"footnotes":""},"categories":[1],"tags":[],"class_list":["post-44364","post","type-post","status-publish","format-standard","has-post-thumbnail","hentry","category-cronica"],"jetpack_featured_media_url":"https:\/\/i0.wp.com\/eltrabajo.cl\/portal\/wp-content\/uploads\/2014\/03\/Redentor1.jpg?fit=529%2C370&ssl=1","jetpack_sharing_enabled":true,"jetpack_likes_enabled":true,"jetpack-related-posts":[],"_links":{"self":[{"href":"https:\/\/eltrabajo.cl\/portal\/wp-json\/wp\/v2\/posts\/44364","targetHints":{"allow":["GET"]}}],"collection":[{"href":"https:\/\/eltrabajo.cl\/portal\/wp-json\/wp\/v2\/posts"}],"about":[{"href":"https:\/\/eltrabajo.cl\/portal\/wp-json\/wp\/v2\/types\/post"}],"author":[{"embeddable":true,"href":"https:\/\/eltrabajo.cl\/portal\/wp-json\/wp\/v2\/users\/482"}],"replies":[{"embeddable":true,"href":"https:\/\/eltrabajo.cl\/portal\/wp-json\/wp\/v2\/comments?post=44364"}],"version-history":[{"count":0,"href":"https:\/\/eltrabajo.cl\/portal\/wp-json\/wp\/v2\/posts\/44364\/revisions"}],"wp:featuredmedia":[{"embeddable":true,"href":"https:\/\/eltrabajo.cl\/portal\/wp-json\/wp\/v2\/media\/44365"}],"wp:attachment":[{"href":"https:\/\/eltrabajo.cl\/portal\/wp-json\/wp\/v2\/media?parent=44364"}],"wp:term":[{"taxonomy":"category","embeddable":true,"href":"https:\/\/eltrabajo.cl\/portal\/wp-json\/wp\/v2\/categories?post=44364"},{"taxonomy":"post_tag","embeddable":true,"href":"https:\/\/eltrabajo.cl\/portal\/wp-json\/wp\/v2\/tags?post=44364"}],"curies":[{"name":"wp","href":"https:\/\/api.w.org\/{rel}","templated":true}]}}