{"id":44367,"date":"2014-03-18T10:04:40","date_gmt":"2014-03-18T13:04:40","guid":{"rendered":"http:\/\/www.eltrabajo.cl\/portal\/?p=44367"},"modified":"2014-03-18T10:04:40","modified_gmt":"2014-03-18T13:04:40","slug":"pavimentacion-de-calles-en-sector-lo-campo-ya-es-una-realidad","status":"publish","type":"post","link":"https:\/\/eltrabajo.cl\/portal\/pavimentacion-de-calles-en-sector-lo-campo-ya-es-una-realidad\/","title":{"rendered":"Pavimentaci\u00f3n de calles en sector Lo Campo ya es una realidad"},"content":{"rendered":"<figure id=\"attachment_44368\" aria-describedby=\"caption-attachment-44368\" style=\"width: 528px\" class=\"wp-caption alignnone\"><a href=\"https:\/\/i0.wp.com\/www.eltrabajo.cl\/portal\/wp-content\/uploads\/2014\/03\/Pavimentos1.jpg\"><img data-recalc-dims=\"1\" loading=\"lazy\" decoding=\"async\" class=\"size-full wp-image-44368\" alt=\"Se pavimentan las \u00faltimas tres calles del sector Lo Campo, cuyo total de obras suman $166.834.467.\" src=\"https:\/\/i0.wp.com\/www.eltrabajo.cl\/portal\/wp-content\/uploads\/2014\/03\/Pavimentos1.jpg?resize=528%2C305\" width=\"528\" height=\"305\" srcset=\"https:\/\/i0.wp.com\/eltrabajo.cl\/portal\/wp-content\/uploads\/2014\/03\/Pavimentos1.jpg?w=528&amp;ssl=1 528w, https:\/\/i0.wp.com\/eltrabajo.cl\/portal\/wp-content\/uploads\/2014\/03\/Pavimentos1.jpg?resize=200%2C115&amp;ssl=1 200w, https:\/\/i0.wp.com\/eltrabajo.cl\/portal\/wp-content\/uploads\/2014\/03\/Pavimentos1.jpg?resize=300%2C173&amp;ssl=1 300w, https:\/\/i0.wp.com\/eltrabajo.cl\/portal\/wp-content\/uploads\/2014\/03\/Pavimentos1.jpg?resize=150%2C86&amp;ssl=1 150w, https:\/\/i0.wp.com\/eltrabajo.cl\/portal\/wp-content\/uploads\/2014\/03\/Pavimentos1.jpg?resize=400%2C231&amp;ssl=1 400w\" sizes=\"auto, (max-width: 528px) 100vw, 528px\" \/><\/a><figcaption id=\"caption-attachment-44368\" class=\"wp-caption-text\">Se pavimentan las \u00faltimas tres calles del sector Lo Campo, cuyo total de obras suman $166.834.467.<\/figcaption><\/figure>\n<p><strong>PANQUEHUE.<\/strong>&#8211; Los vecinos de las poblaciones 9 de Octubre; Sue\u00f1o Dorado 1 y Sue\u00f1o Dorado 2, nunca m\u00e1s tendr\u00e1n que lidiar con el polvo en el verano y el barro en el invierno, esto gracias a la gesti\u00f3n municipal de cumplir con la pavimentaci\u00f3n de las calles y aceras de las tres poblaciones ubicadas en el sector Lo Campo. Las obras que se iniciaron el pasado 20 de enero de 2014, hoy est\u00e1n pr\u00f3ximas a su fin, dando un mejor est\u00e1ndar de vida a los vecinos de ese sector.<\/p>\n<p>\u00abLos vecinos del sector Lo Campo ya no tendr\u00e1n m\u00e1s que lidiar con el polvo en el verano, ni el barro en el invierno y hoy estamos cumpliendo con esta promesa que realice desde que inici\u00e9 mi primer per\u00edodo de Alcalde de esta comuna\u00bb, expres\u00f3 el jefe comunal Luis Pradenas.<\/p>\n<p>\u00abLos vecinos tambi\u00e9n han puesto de su parte y hoy tambi\u00e9n se ve el fruto de su trabajo. Estamos contentos porque esto representa un gran avance para la comuna\u00bb, a\u00f1adi\u00f3 el edil. La unidad t\u00e9cnica es el Serviu, quien es el hito de las obras, el monto correspondiente a las \u00faltimas tres calles que quedan por pavimentar es de $166.834.467.<\/p>\n<p>&nbsp;<\/p>\n","protected":false},"excerpt":{"rendered":"<p>PANQUEHUE.&#8211; Los vecinos de las poblaciones 9 de Octubre; Sue\u00f1o Dorado 1 y Sue\u00f1o Dorado 2, nunca m\u00e1s tendr\u00e1n que lidiar con el polvo en el verano y el barro en el&#8230;<\/p>\n","protected":false},"author":482,"featured_media":44368,"comment_status":"open","ping_status":"closed","sticky":false,"template":"","format":"standard","meta":{"advanced_seo_description":"","jetpack_seo_html_title":"","jetpack_seo_noindex":false,"_jetpack_memberships_contains_paid_content":false,"footnotes":""},"categories":[1],"tags":[],"class_list":["post-44367","post","type-post","status-publish","format-standard","has-post-thumbnail","hentry","category-cronica"],"jetpack_featured_media_url":"https:\/\/i0.wp.com\/eltrabajo.cl\/portal\/wp-content\/uploads\/2014\/03\/Pavimentos1.jpg?fit=528%2C305&ssl=1","jetpack_sharing_enabled":true,"jetpack_likes_enabled":true,"jetpack-related-posts":[],"_links":{"self":[{"href":"https:\/\/eltrabajo.cl\/portal\/wp-json\/wp\/v2\/posts\/44367","targetHints":{"allow":["GET"]}}],"collection":[{"href":"https:\/\/eltrabajo.cl\/portal\/wp-json\/wp\/v2\/posts"}],"about":[{"href":"https:\/\/eltrabajo.cl\/portal\/wp-json\/wp\/v2\/types\/post"}],"author":[{"embeddable":true,"href":"https:\/\/eltrabajo.cl\/portal\/wp-json\/wp\/v2\/users\/482"}],"replies":[{"embeddable":true,"href":"https:\/\/eltrabajo.cl\/portal\/wp-json\/wp\/v2\/comments?post=44367"}],"version-history":[{"count":0,"href":"https:\/\/eltrabajo.cl\/portal\/wp-json\/wp\/v2\/posts\/44367\/revisions"}],"wp:featuredmedia":[{"embeddable":true,"href":"https:\/\/eltrabajo.cl\/portal\/wp-json\/wp\/v2\/media\/44368"}],"wp:attachment":[{"href":"https:\/\/eltrabajo.cl\/portal\/wp-json\/wp\/v2\/media?parent=44367"}],"wp:term":[{"taxonomy":"category","embeddable":true,"href":"https:\/\/eltrabajo.cl\/portal\/wp-json\/wp\/v2\/categories?post=44367"},{"taxonomy":"post_tag","embeddable":true,"href":"https:\/\/eltrabajo.cl\/portal\/wp-json\/wp\/v2\/tags?post=44367"}],"curies":[{"name":"wp","href":"https:\/\/api.w.org\/{rel}","templated":true}]}}